{"id":4338,"date":"2025-12-11T22:53:15","date_gmt":"2025-12-11T20:53:15","guid":{"rendered":"https:\/\/www.jeunesdesaintjean.org\/?p=4338"},"modified":"2026-03-31T10:47:30","modified_gmt":"2026-03-31T08:47:30","slug":"jj-sejour-kitesurf-2026","status":"publish","type":"post","link":"https:\/\/www.jeunesdesaintjean.org\/index.php\/jj-sejour-kitesurf-2026\/","title":{"rendered":"JJ s\u00e9jour Kitesurf 2026"},"content":{"rendered":"<h4 style=\"text-align: center;\"><span style=\"color: #ff0000;\"><strong>LES INSCRIPTIONS ouvrent le 1er Juin \u00a02026 \u00e0 20H00<\/strong><\/span><\/h4>\n<p><b>Concept :<br \/>\n<\/b>Viens d\u00e9couvrir ce sport incroyablement enthousiasmant, le Kitesurf, dans l\u2019un des spots de Kitesurf les plus connus d\u2019Europe : la plage de l\u2019Almanarre \u00e0 Hy\u00e8res !<br \/>\nCe s\u00e9jour te permettras de d\u00e9couvrir un sport accessible \u00e0 tous, mais aussi de prendre le grand air, et de te ressourcer spirituellement <em>(Messes, Laudes, Adoration).<\/em><br \/>\nQuelques randonn\u00e9es au c\u0153ur de cette r\u00e9gion magnifique sont aussi au programme !<\/p>\n<p><b>Dates :<\/b> du 24 octobre au 30 octobre 2026<\/p>\n<p><strong>Lieu<\/strong> : Hy\u00e8res, aux portes de la presqu&rsquo;\u00eele de Giens \u00e0 10 min du notre spot de Kite : l&rsquo;Almanarre !<\/p>\n<p><b>P<\/b><b>rogramme type<\/b>\u00a0:<br \/>\nLaudes \u2013 Petit d\u00e9j\u2019 \u2013 3h30 de Kite-Surf \u2013 Pique-nique<br \/>\nLes jours sans vent : Rando\u00a0 \u2013 Messe tous les jours \u2013 Topo \u2013 Ap\u00e9ro \u2013 Diner \u2013 Pri\u00e8re \u2013 Veill\u00e9e <em>(discussions et jeux de soci\u00e9t\u00e9)<\/em>.<\/p>\n<p><b>Activit\u00e9s :<\/b><br \/>\n\u2013 4 s\u00e9ances de 3h30 de kite sont au programme &#8211; <em>[si le vent le permet, pour ceux qui le souhaite une 5eme s\u00e9ance de kite \u00e0 vos frais sera propos\u00e9e (+\/-50\u20ac)]<\/em><\/p>\n<p>\u2013 2 journ\u00e9es \u201cOFF\u201d avec des activit\u00e9s libres et parfois payantes\u00a0<em>(non inclus dans le prix du s\u00e9jour)<\/em>, en fonction des envies du moment nous choisirons ensemble.<br \/>\n<em>Au choix : randonn\u00e9e sur la presqu&rsquo;ile de Giens, baignade, accrobranche, visite \u2026<\/em><\/p>\n<p><b>Logement :<br \/>\n<\/b>Nous serons 10, dans une villa lou\u00e9e pour l&rsquo;occasion (avec piscine, table de ping-pong barbecue \u2026) \u00e0 10 minutes de notre spot de kite !<\/p>\n<p><b>Niveau<\/b>\u00a0:<br \/>\nCe s\u00e9jour sportif s\u2019adresse aux d\u00e9butants comme aux confirm\u00e9s.<\/p>\n<p><b>Prix : \u00a0 \u20ac<\/b><br \/>\n<em>(possibilit\u00e9 de payer en 2 fois avec le code 2FOIS)<br \/>\nLe tarif comprend : logement en pension compl\u00e8te, les 4 cours de kite.<br \/>\n<\/em><em>Non inclus : trajet A\/R , extra (verres, souvenirs &#8230;), l&rsquo;assurance RC sports extr\u00eames*\u00a0 \u00a0<\/em><\/p>\n<p><em><strong>*Une assurance Responsabilit\u00e9 Civile incluant les sports extr\u00eames vous sera demand\u00e9e a<\/strong><span style=\"font-weight: 400;\"><strong>vant votre 1er cours :<\/strong> (cela vous prot\u00e8ge en cas d&rsquo;accident corporel ou dommage sur le mat\u00e9riel tr\u00e8s co\u00fbteux). S<\/span><\/em><em><span style=\"font-weight: 400;\">i tu<\/span><span style=\"font-weight: 400;\"> as d\u00e9j\u00e0 une RC, il faut appeler ton assureur pour savoir si tu es d\u00e9j\u00e0 couvert et si besoin demander une extension pour la semaine.<\/span><\/em><\/p>\n<p><b>Contact et renseignements :<\/b> <a href=\"mailto:campsjj@gmail.com\" target=\"_blank\" rel=\"noopener noreferrer\">campsjj@gmail.com<\/a><i><\/i><\/p>\n<p><strong>DOCUMENTS UTILES<br \/>\n<\/strong>\u2013 Conditions d\u2019annulation : <strong><span style=\"color: #ff0000;\"><a style=\"color: #ff0000;\" href=\"https:\/\/drive.google.com\/file\/d\/14-KRmHpqhpexBKoPKpHmAIRoM_vTo3wd\/view?usp=share_link\">ici<\/a><\/span><\/strong><br \/>\n\u2013 Fiche sanitaire :<strong>\u00a0<a href=\"https:\/\/drive.google.com\/file\/d\/1bOW-cu3PD0_uxOk7o6XiiWsqp-4xxXc3\/view?usp=drive_link\">ici<\/a><\/strong><br \/>\n\u2013 Foire aux questions : [\u00e0 venir]<br \/>\n\u2013 Liste du mat\u00e9riel : [\u00e0 venir]<\/p>\n<p><b><i>Inscription (et paiement) :<br \/>\n<\/i><\/b><i>! Possibilit\u00e9 de modifier les frais d\u2019HelloAsso \u00e0 0\u20ac en cliquant sur\u00a0<\/i><b><i>Modifier<\/i><\/b><i>\u00a0<\/i><i>!<br \/>\n<\/i><i>(Attention les places partent vite ! )<br \/>\n<b>Inscriptions r\u00e9serv\u00e9es aux 25 \u2013 35 ans (non \u00e9tudiants)\u00a0 \u00a0<\/b><\/i><\/p>\n","protected":false},"excerpt":{"rendered":"<p>LES INSCRIPTIONS ouvrent le 1er Juin \u00a02026 \u00e0 20H00 Concept : Viens d\u00e9couvrir ce sport incroyablement enthousiasmant, le Kitesurf, dans l\u2019un des spots de Kitesurf les plus connus d\u2019Europe : la plage de l\u2019Almanarre \u00e0 Hy\u00e8res ! Ce s\u00e9jour te permettras de d\u00e9couvrir un sport accessible \u00e0 tous, mais aussi de prendre le grand air, [&hellip;]<\/p>\n","protected":false},"author":1,"featured_media":4393,"comment_status":"closed","ping_status":"open","sticky":false,"template":"","format":"standard","meta":{"_jetpack_newsletter_access":"","_jetpack_dont_email_post_to_subs":false,"_jetpack_newsletter_tier_id":0,"_jetpack_memberships_contains_paywalled_content":false,"two_page_speed":[],"_jetpack_memberships_contains_paid_content":false,"footnotes":""},"categories":[199,182],"tags":[],"class_list":["post-4338","post","type-post","status-publish","format-standard","has-post-thumbnail","hentry","category-199","category-kitesurf"],"yoast_head":"<!-- This site is optimized with the Yoast SEO plugin v27.0 - https:\/\/yoast.com\/product\/yoast-seo-wordpress\/ -->\n<title>JJ s\u00e9jour Kitesurf 2026 - Jeunes de Saint-Jean<\/title>\n<meta name=\"description\" content=\"Des vacances &quot;Kitesurf &amp; Spi&quot; pour jeunes professionnels catholique de 25 - 35 ans avec les Jeunes de Saint-Jean \u00e0 Hy\u00e8res !\" \/>\n<meta name=\"robots\" content=\"index, follow, max-snippet:-1, max-image-preview:large, max-video-preview:-1\" \/>\n<link rel=\"canonical\" href=\"https:\/\/www.jeunesdesaintjean.org\/index.php\/jj-sejour-kitesurf-2026\/\" \/>\n<meta property=\"og:locale\" content=\"fr_FR\" \/>\n<meta property=\"og:type\" content=\"article\" \/>\n<meta property=\"og:title\" content=\"JJ s\u00e9jour Kitesurf 2026 - Jeunes de Saint-Jean\" \/>\n<meta property=\"og:description\" content=\"Des vacances &quot;Kitesurf &amp; Spi&quot; pour jeunes professionnels catholique de 25 - 35 ans avec les Jeunes de Saint-Jean \u00e0 Hy\u00e8res !\" \/>\n<meta property=\"og:url\" content=\"https:\/\/www.jeunesdesaintjean.org\/index.php\/jj-sejour-kitesurf-2026\/\" \/>\n<meta property=\"og:site_name\" content=\"Jeunes de Saint-Jean\" \/>\n<meta property=\"article:publisher\" content=\"https:\/\/www.facebook.com\/jeunesdesaintjean1?locale=fr_FR\" \/>\n<meta property=\"article:published_time\" content=\"2025-12-11T20:53:15+00:00\" \/>\n<meta property=\"article:modified_time\" content=\"2026-03-31T08:47:30+00:00\" \/>\n<meta property=\"og:image\" content=\"https:\/\/www.jeunesdesaintjean.org\/wp-content\/uploads\/2025\/12\/Tract-Sejour-Kite-2026.png\" \/>\n\t<meta property=\"og:image:width\" content=\"900\" \/>\n\t<meta property=\"og:image:height\" content=\"1200\" \/>\n\t<meta property=\"og:image:type\" content=\"image\/png\" \/>\n<meta name=\"author\" content=\"JJ\" \/>\n<meta name=\"twitter:label1\" content=\"\u00c9crit par\" \/>\n\t<meta name=\"twitter:data1\" content=\"JJ\" \/>\n\t<meta name=\"twitter:label2\" content=\"Dur\u00e9e de lecture estim\u00e9e\" \/>\n\t<meta name=\"twitter:data2\" content=\"3 minutes\" \/>\n<script type=\"application\/ld+json\" class=\"yoast-schema-graph\">{\"@context\":\"https:\/\/schema.org\",\"@graph\":[{\"@type\":\"Article\",\"@id\":\"https:\/\/www.jeunesdesaintjean.org\/index.php\/jj-sejour-kitesurf-2026\/#article\",\"isPartOf\":{\"@id\":\"https:\/\/www.jeunesdesaintjean.org\/index.php\/jj-sejour-kitesurf-2026\/\"},\"author\":{\"name\":\"JJ\",\"@id\":\"https:\/\/www.jeunesdesaintjean.org\/#\/schema\/person\/a4a869aa54b438384c671d21fb44e5f5\"},\"headline\":\"JJ s\u00e9jour Kitesurf 2026\",\"datePublished\":\"2025-12-11T20:53:15+00:00\",\"dateModified\":\"2026-03-31T08:47:30+00:00\",\"mainEntityOfPage\":{\"@id\":\"https:\/\/www.jeunesdesaintjean.org\/index.php\/jj-sejour-kitesurf-2026\/\"},\"wordCount\":401,\"publisher\":{\"@id\":\"https:\/\/www.jeunesdesaintjean.org\/#organization\"},\"image\":{\"@id\":\"https:\/\/www.jeunesdesaintjean.org\/index.php\/jj-sejour-kitesurf-2026\/#primaryimage\"},\"thumbnailUrl\":\"https:\/\/www.jeunesdesaintjean.org\/wp-content\/uploads\/2025\/12\/Tract-Sejour-Kite-2026.png\",\"articleSection\":[\"2026\",\"Kitesurf\"],\"inLanguage\":\"fr-FR\"},{\"@type\":\"WebPage\",\"@id\":\"https:\/\/www.jeunesdesaintjean.org\/index.php\/jj-sejour-kitesurf-2026\/\",\"url\":\"https:\/\/www.jeunesdesaintjean.org\/index.php\/jj-sejour-kitesurf-2026\/\",\"name\":\"JJ s\u00e9jour Kitesurf 2026 - Jeunes de Saint-Jean\",\"isPartOf\":{\"@id\":\"https:\/\/www.jeunesdesaintjean.org\/#website\"},\"primaryImageOfPage\":{\"@id\":\"https:\/\/www.jeunesdesaintjean.org\/index.php\/jj-sejour-kitesurf-2026\/#primaryimage\"},\"image\":{\"@id\":\"https:\/\/www.jeunesdesaintjean.org\/index.php\/jj-sejour-kitesurf-2026\/#primaryimage\"},\"thumbnailUrl\":\"https:\/\/www.jeunesdesaintjean.org\/wp-content\/uploads\/2025\/12\/Tract-Sejour-Kite-2026.png\",\"datePublished\":\"2025-12-11T20:53:15+00:00\",\"dateModified\":\"2026-03-31T08:47:30+00:00\",\"description\":\"Des vacances \\\"Kitesurf & Spi\\\" pour jeunes professionnels catholique de 25 - 35 ans avec les Jeunes de Saint-Jean \u00e0 Hy\u00e8res !\",\"breadcrumb\":{\"@id\":\"https:\/\/www.jeunesdesaintjean.org\/index.php\/jj-sejour-kitesurf-2026\/#breadcrumb\"},\"inLanguage\":\"fr-FR\",\"potentialAction\":[{\"@type\":\"ReadAction\",\"target\":[\"https:\/\/www.jeunesdesaintjean.org\/index.php\/jj-sejour-kitesurf-2026\/\"]}]},{\"@type\":\"ImageObject\",\"inLanguage\":\"fr-FR\",\"@id\":\"https:\/\/www.jeunesdesaintjean.org\/index.php\/jj-sejour-kitesurf-2026\/#primaryimage\",\"url\":\"https:\/\/www.jeunesdesaintjean.org\/wp-content\/uploads\/2025\/12\/Tract-Sejour-Kite-2026.png\",\"contentUrl\":\"https:\/\/www.jeunesdesaintjean.org\/wp-content\/uploads\/2025\/12\/Tract-Sejour-Kite-2026.png\",\"width\":900,\"height\":1200},{\"@type\":\"BreadcrumbList\",\"@id\":\"https:\/\/www.jeunesdesaintjean.org\/index.php\/jj-sejour-kitesurf-2026\/#breadcrumb\",\"itemListElement\":[{\"@type\":\"ListItem\",\"position\":1,\"name\":\"Accueil\",\"item\":\"https:\/\/www.jeunesdesaintjean.org\/\"},{\"@type\":\"ListItem\",\"position\":2,\"name\":\"JJ s\u00e9jour Kitesurf 2026\"}]},{\"@type\":\"WebSite\",\"@id\":\"https:\/\/www.jeunesdesaintjean.org\/#website\",\"url\":\"https:\/\/www.jeunesdesaintjean.org\/\",\"name\":\"Jeunes de Saint-Jean\",\"description\":\"S\u00e9jours &quot;Spi et Sport&quot; pour Jeunes professionnels catholiques !\",\"publisher\":{\"@id\":\"https:\/\/www.jeunesdesaintjean.org\/#organization\"},\"alternateName\":\"Les JJ\",\"potentialAction\":[{\"@type\":\"SearchAction\",\"target\":{\"@type\":\"EntryPoint\",\"urlTemplate\":\"https:\/\/www.jeunesdesaintjean.org\/?s={search_term_string}\"},\"query-input\":{\"@type\":\"PropertyValueSpecification\",\"valueRequired\":true,\"valueName\":\"search_term_string\"}}],\"inLanguage\":\"fr-FR\"},{\"@type\":\"Organization\",\"@id\":\"https:\/\/www.jeunesdesaintjean.org\/#organization\",\"name\":\"Jeunes de Saint-Jean\",\"url\":\"https:\/\/www.jeunesdesaintjean.org\/\",\"logo\":{\"@type\":\"ImageObject\",\"inLanguage\":\"fr-FR\",\"@id\":\"https:\/\/www.jeunesdesaintjean.org\/#\/schema\/logo\/image\/\",\"url\":\"https:\/\/www.jeunesdesaintjean.org\/wp-content\/uploads\/2024\/01\/Logo-rouge-sur-fond-transparent.png\",\"contentUrl\":\"https:\/\/www.jeunesdesaintjean.org\/wp-content\/uploads\/2024\/01\/Logo-rouge-sur-fond-transparent.png\",\"width\":1600,\"height\":1600,\"caption\":\"Jeunes de Saint-Jean\"},\"image\":{\"@id\":\"https:\/\/www.jeunesdesaintjean.org\/#\/schema\/logo\/image\/\"},\"sameAs\":[\"https:\/\/www.facebook.com\/jeunesdesaintjean1?locale=fr_FR\",\"https:\/\/www.instagram.com\/jeunesdesaintjean\/\"]},{\"@type\":\"Person\",\"@id\":\"https:\/\/www.jeunesdesaintjean.org\/#\/schema\/person\/a4a869aa54b438384c671d21fb44e5f5\",\"name\":\"JJ\",\"image\":{\"@type\":\"ImageObject\",\"inLanguage\":\"fr-FR\",\"@id\":\"https:\/\/www.jeunesdesaintjean.org\/#\/schema\/person\/image\/\",\"url\":\"https:\/\/secure.gravatar.com\/avatar\/c13a524c2fdbf9f3d56ad0f7ddff7ab038f7f8c87f8bb6f7f1991fd1cb33abaa?s=96&d=mm&r=g\",\"contentUrl\":\"https:\/\/secure.gravatar.com\/avatar\/c13a524c2fdbf9f3d56ad0f7ddff7ab038f7f8c87f8bb6f7f1991fd1cb33abaa?s=96&d=mm&r=g\",\"caption\":\"JJ\"},\"description\":\"Les JJ ou \\\"Jeunes de Saint Jean\\\" sont une association de Jeunes pros entre 23 et 35 ans, catholiques, qui organisent des activit\u00e9s adapt\u00e9es \u00e0 cette tranche d'\u00e2ge, en France surtout, depuis plus de 30 ann\u00e9es d\u00e9j\u00e0. Cette association est accompagn\u00e9e par des Fr\u00e8res et des Soeurs de Saint-Jean.\",\"sameAs\":[\"http:\/\/www.jeunesdesaintjean.org\"],\"url\":\"https:\/\/www.jeunesdesaintjean.org\/index.php\/author\/jsj\/\"}]}<\/script>\n<!-- \/ Yoast SEO plugin. -->","yoast_head_json":{"title":"JJ s\u00e9jour Kitesurf 2026 - Jeunes de Saint-Jean","description":"Des vacances \"Kitesurf & Spi\" pour jeunes professionnels catholique de 25 - 35 ans avec les Jeunes de Saint-Jean \u00e0 Hy\u00e8res !","robots":{"index":"index","follow":"follow","max-snippet":"max-snippet:-1","max-image-preview":"max-image-preview:large","max-video-preview":"max-video-preview:-1"},"canonical":"https:\/\/www.jeunesdesaintjean.org\/index.php\/jj-sejour-kitesurf-2026\/","og_locale":"fr_FR","og_type":"article","og_title":"JJ s\u00e9jour Kitesurf 2026 - Jeunes de Saint-Jean","og_description":"Des vacances \"Kitesurf & Spi\" pour jeunes professionnels catholique de 25 - 35 ans avec les Jeunes de Saint-Jean \u00e0 Hy\u00e8res !","og_url":"https:\/\/www.jeunesdesaintjean.org\/index.php\/jj-sejour-kitesurf-2026\/","og_site_name":"Jeunes de Saint-Jean","article_publisher":"https:\/\/www.facebook.com\/jeunesdesaintjean1?locale=fr_FR","article_published_time":"2025-12-11T20:53:15+00:00","article_modified_time":"2026-03-31T08:47:30+00:00","og_image":[{"width":900,"height":1200,"url":"https:\/\/www.jeunesdesaintjean.org\/wp-content\/uploads\/2025\/12\/Tract-Sejour-Kite-2026.png","type":"image\/png"}],"author":"JJ","twitter_misc":{"\u00c9crit par":"JJ","Dur\u00e9e de lecture estim\u00e9e":"3 minutes"},"schema":{"@context":"https:\/\/schema.org","@graph":[{"@type":"Article","@id":"https:\/\/www.jeunesdesaintjean.org\/index.php\/jj-sejour-kitesurf-2026\/#article","isPartOf":{"@id":"https:\/\/www.jeunesdesaintjean.org\/index.php\/jj-sejour-kitesurf-2026\/"},"author":{"name":"JJ","@id":"https:\/\/www.jeunesdesaintjean.org\/#\/schema\/person\/a4a869aa54b438384c671d21fb44e5f5"},"headline":"JJ s\u00e9jour Kitesurf 2026","datePublished":"2025-12-11T20:53:15+00:00","dateModified":"2026-03-31T08:47:30+00:00","mainEntityOfPage":{"@id":"https:\/\/www.jeunesdesaintjean.org\/index.php\/jj-sejour-kitesurf-2026\/"},"wordCount":401,"publisher":{"@id":"https:\/\/www.jeunesdesaintjean.org\/#organization"},"image":{"@id":"https:\/\/www.jeunesdesaintjean.org\/index.php\/jj-sejour-kitesurf-2026\/#primaryimage"},"thumbnailUrl":"https:\/\/www.jeunesdesaintjean.org\/wp-content\/uploads\/2025\/12\/Tract-Sejour-Kite-2026.png","articleSection":["2026","Kitesurf"],"inLanguage":"fr-FR"},{"@type":"WebPage","@id":"https:\/\/www.jeunesdesaintjean.org\/index.php\/jj-sejour-kitesurf-2026\/","url":"https:\/\/www.jeunesdesaintjean.org\/index.php\/jj-sejour-kitesurf-2026\/","name":"JJ s\u00e9jour Kitesurf 2026 - Jeunes de Saint-Jean","isPartOf":{"@id":"https:\/\/www.jeunesdesaintjean.org\/#website"},"primaryImageOfPage":{"@id":"https:\/\/www.jeunesdesaintjean.org\/index.php\/jj-sejour-kitesurf-2026\/#primaryimage"},"image":{"@id":"https:\/\/www.jeunesdesaintjean.org\/index.php\/jj-sejour-kitesurf-2026\/#primaryimage"},"thumbnailUrl":"https:\/\/www.jeunesdesaintjean.org\/wp-content\/uploads\/2025\/12\/Tract-Sejour-Kite-2026.png","datePublished":"2025-12-11T20:53:15+00:00","dateModified":"2026-03-31T08:47:30+00:00","description":"Des vacances \"Kitesurf & Spi\" pour jeunes professionnels catholique de 25 - 35 ans avec les Jeunes de Saint-Jean \u00e0 Hy\u00e8res !","breadcrumb":{"@id":"https:\/\/www.jeunesdesaintjean.org\/index.php\/jj-sejour-kitesurf-2026\/#breadcrumb"},"inLanguage":"fr-FR","potentialAction":[{"@type":"ReadAction","target":["https:\/\/www.jeunesdesaintjean.org\/index.php\/jj-sejour-kitesurf-2026\/"]}]},{"@type":"ImageObject","inLanguage":"fr-FR","@id":"https:\/\/www.jeunesdesaintjean.org\/index.php\/jj-sejour-kitesurf-2026\/#primaryimage","url":"https:\/\/www.jeunesdesaintjean.org\/wp-content\/uploads\/2025\/12\/Tract-Sejour-Kite-2026.png","contentUrl":"https:\/\/www.jeunesdesaintjean.org\/wp-content\/uploads\/2025\/12\/Tract-Sejour-Kite-2026.png","width":900,"height":1200},{"@type":"BreadcrumbList","@id":"https:\/\/www.jeunesdesaintjean.org\/index.php\/jj-sejour-kitesurf-2026\/#breadcrumb","itemListElement":[{"@type":"ListItem","position":1,"name":"Accueil","item":"https:\/\/www.jeunesdesaintjean.org\/"},{"@type":"ListItem","position":2,"name":"JJ s\u00e9jour Kitesurf 2026"}]},{"@type":"WebSite","@id":"https:\/\/www.jeunesdesaintjean.org\/#website","url":"https:\/\/www.jeunesdesaintjean.org\/","name":"Jeunes de Saint-Jean","description":"S\u00e9jours &quot;Spi et Sport&quot; pour Jeunes professionnels catholiques !","publisher":{"@id":"https:\/\/www.jeunesdesaintjean.org\/#organization"},"alternateName":"Les JJ","potentialAction":[{"@type":"SearchAction","target":{"@type":"EntryPoint","urlTemplate":"https:\/\/www.jeunesdesaintjean.org\/?s={search_term_string}"},"query-input":{"@type":"PropertyValueSpecification","valueRequired":true,"valueName":"search_term_string"}}],"inLanguage":"fr-FR"},{"@type":"Organization","@id":"https:\/\/www.jeunesdesaintjean.org\/#organization","name":"Jeunes de Saint-Jean","url":"https:\/\/www.jeunesdesaintjean.org\/","logo":{"@type":"ImageObject","inLanguage":"fr-FR","@id":"https:\/\/www.jeunesdesaintjean.org\/#\/schema\/logo\/image\/","url":"https:\/\/www.jeunesdesaintjean.org\/wp-content\/uploads\/2024\/01\/Logo-rouge-sur-fond-transparent.png","contentUrl":"https:\/\/www.jeunesdesaintjean.org\/wp-content\/uploads\/2024\/01\/Logo-rouge-sur-fond-transparent.png","width":1600,"height":1600,"caption":"Jeunes de Saint-Jean"},"image":{"@id":"https:\/\/www.jeunesdesaintjean.org\/#\/schema\/logo\/image\/"},"sameAs":["https:\/\/www.facebook.com\/jeunesdesaintjean1?locale=fr_FR","https:\/\/www.instagram.com\/jeunesdesaintjean\/"]},{"@type":"Person","@id":"https:\/\/www.jeunesdesaintjean.org\/#\/schema\/person\/a4a869aa54b438384c671d21fb44e5f5","name":"JJ","image":{"@type":"ImageObject","inLanguage":"fr-FR","@id":"https:\/\/www.jeunesdesaintjean.org\/#\/schema\/person\/image\/","url":"https:\/\/secure.gravatar.com\/avatar\/c13a524c2fdbf9f3d56ad0f7ddff7ab038f7f8c87f8bb6f7f1991fd1cb33abaa?s=96&d=mm&r=g","contentUrl":"https:\/\/secure.gravatar.com\/avatar\/c13a524c2fdbf9f3d56ad0f7ddff7ab038f7f8c87f8bb6f7f1991fd1cb33abaa?s=96&d=mm&r=g","caption":"JJ"},"description":"Les JJ ou \"Jeunes de Saint Jean\" sont une association de Jeunes pros entre 23 et 35 ans, catholiques, qui organisent des activit\u00e9s adapt\u00e9es \u00e0 cette tranche d'\u00e2ge, en France surtout, depuis plus de 30 ann\u00e9es d\u00e9j\u00e0. Cette association est accompagn\u00e9e par des Fr\u00e8res et des Soeurs de Saint-Jean.","sameAs":["http:\/\/www.jeunesdesaintjean.org"],"url":"https:\/\/www.jeunesdesaintjean.org\/index.php\/author\/jsj\/"}]}},"jetpack_featured_media_url":"https:\/\/www.jeunesdesaintjean.org\/wp-content\/uploads\/2025\/12\/Tract-Sejour-Kite-2026.png","jetpack_sharing_enabled":true,"jetpack_shortlink":"https:\/\/wp.me\/p7zN5T-17Y","_links":{"self":[{"href":"https:\/\/www.jeunesdesaintjean.org\/index.php\/wp-json\/wp\/v2\/posts\/4338","targetHints":{"allow":["GET"]}}],"collection":[{"href":"https:\/\/www.jeunesdesaintjean.org\/index.php\/wp-json\/wp\/v2\/posts"}],"about":[{"href":"https:\/\/www.jeunesdesaintjean.org\/index.php\/wp-json\/wp\/v2\/types\/post"}],"author":[{"embeddable":true,"href":"https:\/\/www.jeunesdesaintjean.org\/index.php\/wp-json\/wp\/v2\/users\/1"}],"replies":[{"embeddable":true,"href":"https:\/\/www.jeunesdesaintjean.org\/index.php\/wp-json\/wp\/v2\/comments?post=4338"}],"version-history":[{"count":5,"href":"https:\/\/www.jeunesdesaintjean.org\/index.php\/wp-json\/wp\/v2\/posts\/4338\/revisions"}],"predecessor-version":[{"id":4455,"href":"https:\/\/www.jeunesdesaintjean.org\/index.php\/wp-json\/wp\/v2\/posts\/4338\/revisions\/4455"}],"wp:featuredmedia":[{"embeddable":true,"href":"https:\/\/www.jeunesdesaintjean.org\/index.php\/wp-json\/wp\/v2\/media\/4393"}],"wp:attachment":[{"href":"https:\/\/www.jeunesdesaintjean.org\/index.php\/wp-json\/wp\/v2\/media?parent=4338"}],"wp:term":[{"taxonomy":"category","embeddable":true,"href":"https:\/\/www.jeunesdesaintjean.org\/index.php\/wp-json\/wp\/v2\/categories?post=4338"},{"taxonomy":"post_tag","embeddable":true,"href":"https:\/\/www.jeunesdesaintjean.org\/index.php\/wp-json\/wp\/v2\/tags?post=4338"}],"curies":[{"name":"wp","href":"https:\/\/api.w.org\/{rel}","templated":true}]}}