{"id":4311,"date":"2025-12-11T20:59:09","date_gmt":"2025-12-11T18:59:09","guid":{"rendered":"https:\/\/www.jeunesdesaintjean.org\/?p=4311"},"modified":"2026-04-29T21:42:38","modified_gmt":"2026-04-29T19:42:38","slug":"sejour-jj-montagne-30-38-ans-2","status":"publish","type":"post","link":"https:\/\/www.jeunesdesaintjean.org\/index.php\/sejour-jj-montagne-30-38-ans-2\/","title":{"rendered":"JJ+ s\u00e9jour Montagne 30-38 ans 2026"},"content":{"rendered":"<h4 style=\"text-align: center;\"><strong><span style=\"color: #ff0000;\">LES INSCRIPTIONS <span style=\"caret-color: #ff0000;\">sont<\/span> ouvertes !<\/span><br \/>\n<\/strong><strong><span style=\"color: #ff0000;\">S\u00e9jour Combloux : du 22 Juillet <span style=\"caret-color: #ff0000;\">au 1er Ao\u00fbt 2026 <\/span><\/span><\/strong><\/h4>\n<h4 style=\"text-align: center;\"><strong><span style=\"color: #ff0000;\">Sp\u00e9cial JJ+ (30 &#8211; 38 ans)\u00a0<\/span><\/strong><\/h4>\n<p><strong>Concept :<br \/>\n<\/strong>Un s\u00e9jour pour randonner en moyenne montagne face au Mont Blanc entre professionnel catholique de 30 \u00e0 38 ans , dont 1 ou 2 journ\u00e9es \u201cOFF\u201d avec activit\u00e9s libres et parfois payantes (non inclus dans le prix du s\u00e9jour), par petits groupes.<br \/>\nAu choix : \u00a0via ferrata, rafting, canyoning, parapente, mont\u00e9e \u00e0 l\u2019Aiguille du Midi, mais aussi, baignade, karting, tennis, VTT\u2026<\/p>\n<p>Ce s\u00e9jour Montagne est\u00a0<strong>le plus ancien <\/strong>de nos s\u00e9jours depuis longtemps. Il offre un ressourcement spirituel et humain de r\u00e9elle qualit\u00e9. Messes, office de Laudes, louange, et adorations quotidiennes ; mais aussi des topos qui sont propos\u00e9s chaque jour.<\/p>\n<p><strong>Dates :<\/strong> du 22 juillet au 1 ao\u00fbt 2026<\/p>\n<p><strong>Lieu :<\/strong>\u00a0 Combloux (Haute-Savoie), dans un merveilleux chalet face au Mont-blanc !<\/p>\n<p><strong>Niveau sportif :<\/strong>\u00a0doit \u00eatre normal et \u00ab\u00a0correct\u00a0\u00bb pour pouvoir suivre les randonn\u00e9es quotidiennes.<\/p>\n<p><strong>Accompagnements<\/strong> : Fr\u00e8re Johannes-Paul et S\u0153ur Karol Joseph<\/p>\n<p><strong>Prix : <\/strong><span style=\"color: #ff0000;\"><strong>450 euros<\/strong><\/span><\/p>\n<p><em>Le tarif comprend : le logement et l&rsquo;intendance. &#8211; Les activit\u00e9s libres propos\u00e9s lors des deux jours OFF sont \u00e0 votre charge ainsi que quelques potentiels extras (glace, bi\u00e8res ou caf\u00e9 en terrasse &#8230; )<\/em><\/p>\n<p><strong>Renseignements :\u00a0<\/strong><a href=\"mailto:campsjjcombloux@gmail.com\">campsjjcombloux@gmail.com<\/a><\/p>\n<p><strong><em>In<\/em><em>scriptions r\u00e9serv\u00e9es aux 30 \u2013 38 ans (non \u00e9tudiants)<\/em><\/strong><\/p>\n<p><strong><em>Inscription (paiement) :\u00a0<\/em><\/strong><strong><em><br \/>\n<\/em><\/strong><i>Possibilit\u00e9 de modifier les frais d\u2019HelloAsso \u00e0 0\u20ac en cliquant sur<\/i><b><i>\u00a0Modifier\u00a0<\/i><\/b><i>!<\/i><\/p>\n<p>Possibilit\u00e9 de payer en 2 fois avec le code : \u00a0<span style=\"color: #ff0000;\"><strong>2FOIS<\/strong><\/span><\/p>\n<p><i>(Pour consulter le nombre de places disponibles, rdv sur Helloasso ci dessous.)<\/i><\/p>\n<p><strong>DOCUMENTS UTILES<br \/>\n<\/strong>\u2013 Conditions d\u2019annulation :\u00a0<strong><a href=\"https:\/\/drive.google.com\/file\/d\/14-KRmHpqhpexBKoPKpHmAIRoM_vTo3wd\/view?usp=share_link\">ici<\/a><\/strong><br \/>\n\u2013 Fiche sanitaire :<strong>\u00a0<a href=\"https:\/\/drive.google.com\/file\/d\/1bOW-cu3PD0_uxOk7o6XiiWsqp-4xxXc3\/view?usp=share_link\">ici<\/a><\/strong><br \/>\n\u2013 Foire aux questions : <a href=\"https:\/\/drive.google.com\/file\/d\/1s_FwYUahu-vbNww-2YL9lSq_qn5emzq4\/view?usp=share_link\">ici<\/a><br \/>\n\u2013 Liste du mat\u00e9riel : <strong><a href=\"https:\/\/drive.google.com\/file\/d\/1ca9KJumpdX__v8qks6DcyFzz0LIMwN74\/view?usp=share_link\">ici<\/a><\/strong><\/p>\n<p>Matthieu et Joseph<\/p>\n<div id=\"age-checker-block\" style=\"width:initial;height:initial\">\n\t\t<h3>Age minimum requis<\/h3>\n\t\t<div id=\"answerDoBMin\"><b>D\u00e9sol\u00e9, nous pensons que tu es un peu jeune pour ce s\u00e9jour, n'h\u00e9sites pas \u00e0 nous contacter pour que nous puissions en discuter<\/b><\/div>\n\t\t<div id=\"answerDoBMax\"><b>D\u00e9sol\u00e9, ce s\u00e9jour est r\u00e9serv\u00e9 \u00e0 des participants un peu plus jeune<\/b><\/div>\n\t\t<div id=\"inputDoB\">\n\t\t\t<form action=\".\/#\" id=\"formDoB\">\n\t\t\t\t<p>Merci d'indiquer votre date de naissance<\/p>\n\t\t\t\t<input type=\"date\" value=\"\" id=\"doBValue\" name=\"date_of_birth\" title=\"Votre date de naissance\" required>\n\t\t\t\t<button type=\"submit\">Valider<\/button>\n\t\t\t<\/form>\n\t\t<\/div>\n\t<\/div>\n<p><iframe id=\"haWidgetButton\" style=\"width: 100%; height: 70px; border: none;\" src=\"https:\/\/www.helloasso.com\/associations\/jeunes-de-st-jean\/evenements\/jj-sejour-montagne-combloux-juillet-aout-2024-30-38-ans\/widget-bouton\"><\/iframe><\/p>\n","protected":false},"excerpt":{"rendered":"<p>LES INSCRIPTIONS sont ouvertes ! S\u00e9jour Combloux : du 22 Juillet au 1er Ao\u00fbt 2026 Sp\u00e9cial JJ+ (30 &#8211; 38 ans)\u00a0 Concept : Un s\u00e9jour pour randonner en moyenne montagne face au Mont Blanc entre professionnel catholique de 30 \u00e0 38 ans , dont 1 ou 2 journ\u00e9es \u201cOFF\u201d avec activit\u00e9s libres et parfois payantes [&hellip;]<\/p>\n","protected":false},"author":1,"featured_media":4444,"comment_status":"closed","ping_status":"open","sticky":false,"template":"","format":"standard","meta":{"_jetpack_newsletter_access":"","_jetpack_dont_email_post_to_subs":false,"_jetpack_newsletter_tier_id":0,"_jetpack_memberships_contains_paywalled_content":false,"two_page_speed":[],"_jetpack_memberships_contains_paid_content":false,"footnotes":""},"categories":[199,17],"tags":[],"class_list":["post-4311","post","type-post","status-publish","format-standard","has-post-thumbnail","hentry","category-199","category-rando-montagne"],"yoast_head":"<!-- This site is optimized with the Yoast SEO plugin v27.0 - https:\/\/yoast.com\/product\/yoast-seo-wordpress\/ -->\n<title>JJ+ s\u00e9jour Montagne 30-38 ans 2026 - Jeunes de Saint-Jean<\/title>\n<meta name=\"description\" content=\"Des vacances &quot;Sport &amp; Spi&quot; en montagne face au Mont-blanc pour jeunes professionnels catholique de 30 \u00e0 38 ans avec les Jeunes de St-Jean !\" \/>\n<meta name=\"robots\" content=\"index, follow, max-snippet:-1, max-image-preview:large, max-video-preview:-1\" \/>\n<link rel=\"canonical\" href=\"https:\/\/www.jeunesdesaintjean.org\/index.php\/sejour-jj-montagne-30-38-ans-2\/\" \/>\n<meta property=\"og:locale\" content=\"fr_FR\" \/>\n<meta property=\"og:type\" content=\"article\" \/>\n<meta property=\"og:title\" content=\"JJ+ s\u00e9jour Montagne 30-38 ans 2026 - Jeunes de Saint-Jean\" \/>\n<meta property=\"og:description\" content=\"Des vacances &quot;Sport &amp; Spi&quot; en montagne face au Mont-blanc pour jeunes professionnels catholique de 30 \u00e0 38 ans avec les Jeunes de St-Jean !\" \/>\n<meta property=\"og:url\" content=\"https:\/\/www.jeunesdesaintjean.org\/index.php\/sejour-jj-montagne-30-38-ans-2\/\" \/>\n<meta property=\"og:site_name\" content=\"Jeunes de Saint-Jean\" \/>\n<meta property=\"article:publisher\" content=\"https:\/\/www.facebook.com\/jeunesdesaintjean1?locale=fr_FR\" \/>\n<meta property=\"article:published_time\" content=\"2025-12-11T18:59:09+00:00\" \/>\n<meta property=\"article:modified_time\" content=\"2026-04-29T19:42:38+00:00\" \/>\n<meta property=\"og:image\" content=\"https:\/\/www.jeunesdesaintjean.org\/wp-content\/uploads\/2025\/12\/Montagne-JJ-2026-819x1024.png\" \/>\n\t<meta property=\"og:image:width\" content=\"819\" \/>\n\t<meta property=\"og:image:height\" content=\"1024\" \/>\n\t<meta property=\"og:image:type\" content=\"image\/png\" \/>\n<meta name=\"author\" content=\"JJ\" \/>\n<meta name=\"twitter:label1\" content=\"\u00c9crit par\" \/>\n\t<meta name=\"twitter:data1\" content=\"JJ\" \/>\n\t<meta name=\"twitter:label2\" content=\"Dur\u00e9e de lecture estim\u00e9e\" \/>\n\t<meta name=\"twitter:data2\" content=\"2 minutes\" \/>\n<script type=\"application\/ld+json\" class=\"yoast-schema-graph\">{\"@context\":\"https:\/\/schema.org\",\"@graph\":[{\"@type\":\"Article\",\"@id\":\"https:\/\/www.jeunesdesaintjean.org\/index.php\/sejour-jj-montagne-30-38-ans-2\/#article\",\"isPartOf\":{\"@id\":\"https:\/\/www.jeunesdesaintjean.org\/index.php\/sejour-jj-montagne-30-38-ans-2\/\"},\"author\":{\"name\":\"JJ\",\"@id\":\"https:\/\/www.jeunesdesaintjean.org\/#\/schema\/person\/a4a869aa54b438384c671d21fb44e5f5\"},\"headline\":\"JJ+ s\u00e9jour Montagne 30-38 ans 2026\",\"datePublished\":\"2025-12-11T18:59:09+00:00\",\"dateModified\":\"2026-04-29T19:42:38+00:00\",\"mainEntityOfPage\":{\"@id\":\"https:\/\/www.jeunesdesaintjean.org\/index.php\/sejour-jj-montagne-30-38-ans-2\/\"},\"wordCount\":318,\"publisher\":{\"@id\":\"https:\/\/www.jeunesdesaintjean.org\/#organization\"},\"image\":{\"@id\":\"https:\/\/www.jeunesdesaintjean.org\/index.php\/sejour-jj-montagne-30-38-ans-2\/#primaryimage\"},\"thumbnailUrl\":\"https:\/\/www.jeunesdesaintjean.org\/wp-content\/uploads\/2025\/12\/Montagne-JJ-2026.png\",\"articleSection\":[\"2026\",\"Rando montagne\"],\"inLanguage\":\"fr-FR\"},{\"@type\":\"WebPage\",\"@id\":\"https:\/\/www.jeunesdesaintjean.org\/index.php\/sejour-jj-montagne-30-38-ans-2\/\",\"url\":\"https:\/\/www.jeunesdesaintjean.org\/index.php\/sejour-jj-montagne-30-38-ans-2\/\",\"name\":\"JJ+ s\u00e9jour Montagne 30-38 ans 2026 - Jeunes de Saint-Jean\",\"isPartOf\":{\"@id\":\"https:\/\/www.jeunesdesaintjean.org\/#website\"},\"primaryImageOfPage\":{\"@id\":\"https:\/\/www.jeunesdesaintjean.org\/index.php\/sejour-jj-montagne-30-38-ans-2\/#primaryimage\"},\"image\":{\"@id\":\"https:\/\/www.jeunesdesaintjean.org\/index.php\/sejour-jj-montagne-30-38-ans-2\/#primaryimage\"},\"thumbnailUrl\":\"https:\/\/www.jeunesdesaintjean.org\/wp-content\/uploads\/2025\/12\/Montagne-JJ-2026.png\",\"datePublished\":\"2025-12-11T18:59:09+00:00\",\"dateModified\":\"2026-04-29T19:42:38+00:00\",\"description\":\"Des vacances \\\"Sport & Spi\\\" en montagne face au Mont-blanc pour jeunes professionnels catholique de 30 \u00e0 38 ans avec les Jeunes de St-Jean !\",\"breadcrumb\":{\"@id\":\"https:\/\/www.jeunesdesaintjean.org\/index.php\/sejour-jj-montagne-30-38-ans-2\/#breadcrumb\"},\"inLanguage\":\"fr-FR\",\"potentialAction\":[{\"@type\":\"ReadAction\",\"target\":[\"https:\/\/www.jeunesdesaintjean.org\/index.php\/sejour-jj-montagne-30-38-ans-2\/\"]}]},{\"@type\":\"ImageObject\",\"inLanguage\":\"fr-FR\",\"@id\":\"https:\/\/www.jeunesdesaintjean.org\/index.php\/sejour-jj-montagne-30-38-ans-2\/#primaryimage\",\"url\":\"https:\/\/www.jeunesdesaintjean.org\/wp-content\/uploads\/2025\/12\/Montagne-JJ-2026.png\",\"contentUrl\":\"https:\/\/www.jeunesdesaintjean.org\/wp-content\/uploads\/2025\/12\/Montagne-JJ-2026.png\",\"width\":1080,\"height\":1350},{\"@type\":\"BreadcrumbList\",\"@id\":\"https:\/\/www.jeunesdesaintjean.org\/index.php\/sejour-jj-montagne-30-38-ans-2\/#breadcrumb\",\"itemListElement\":[{\"@type\":\"ListItem\",\"position\":1,\"name\":\"Accueil\",\"item\":\"https:\/\/www.jeunesdesaintjean.org\/\"},{\"@type\":\"ListItem\",\"position\":2,\"name\":\"JJ+ s\u00e9jour Montagne 30-38 ans 2026\"}]},{\"@type\":\"WebSite\",\"@id\":\"https:\/\/www.jeunesdesaintjean.org\/#website\",\"url\":\"https:\/\/www.jeunesdesaintjean.org\/\",\"name\":\"Jeunes de Saint-Jean\",\"description\":\"S\u00e9jours &quot;Spi et Sport&quot; pour Jeunes professionnels catholiques !\",\"publisher\":{\"@id\":\"https:\/\/www.jeunesdesaintjean.org\/#organization\"},\"alternateName\":\"Les JJ\",\"potentialAction\":[{\"@type\":\"SearchAction\",\"target\":{\"@type\":\"EntryPoint\",\"urlTemplate\":\"https:\/\/www.jeunesdesaintjean.org\/?s={search_term_string}\"},\"query-input\":{\"@type\":\"PropertyValueSpecification\",\"valueRequired\":true,\"valueName\":\"search_term_string\"}}],\"inLanguage\":\"fr-FR\"},{\"@type\":\"Organization\",\"@id\":\"https:\/\/www.jeunesdesaintjean.org\/#organization\",\"name\":\"Jeunes de Saint-Jean\",\"url\":\"https:\/\/www.jeunesdesaintjean.org\/\",\"logo\":{\"@type\":\"ImageObject\",\"inLanguage\":\"fr-FR\",\"@id\":\"https:\/\/www.jeunesdesaintjean.org\/#\/schema\/logo\/image\/\",\"url\":\"https:\/\/www.jeunesdesaintjean.org\/wp-content\/uploads\/2024\/01\/Logo-rouge-sur-fond-transparent.png\",\"contentUrl\":\"https:\/\/www.jeunesdesaintjean.org\/wp-content\/uploads\/2024\/01\/Logo-rouge-sur-fond-transparent.png\",\"width\":1600,\"height\":1600,\"caption\":\"Jeunes de Saint-Jean\"},\"image\":{\"@id\":\"https:\/\/www.jeunesdesaintjean.org\/#\/schema\/logo\/image\/\"},\"sameAs\":[\"https:\/\/www.facebook.com\/jeunesdesaintjean1?locale=fr_FR\",\"https:\/\/www.instagram.com\/jeunesdesaintjean\/\"]},{\"@type\":\"Person\",\"@id\":\"https:\/\/www.jeunesdesaintjean.org\/#\/schema\/person\/a4a869aa54b438384c671d21fb44e5f5\",\"name\":\"JJ\",\"image\":{\"@type\":\"ImageObject\",\"inLanguage\":\"fr-FR\",\"@id\":\"https:\/\/www.jeunesdesaintjean.org\/#\/schema\/person\/image\/\",\"url\":\"https:\/\/secure.gravatar.com\/avatar\/c13a524c2fdbf9f3d56ad0f7ddff7ab038f7f8c87f8bb6f7f1991fd1cb33abaa?s=96&d=mm&r=g\",\"contentUrl\":\"https:\/\/secure.gravatar.com\/avatar\/c13a524c2fdbf9f3d56ad0f7ddff7ab038f7f8c87f8bb6f7f1991fd1cb33abaa?s=96&d=mm&r=g\",\"caption\":\"JJ\"},\"description\":\"Les JJ ou \\\"Jeunes de Saint Jean\\\" sont une association de Jeunes pros entre 23 et 35 ans, catholiques, qui organisent des activit\u00e9s adapt\u00e9es \u00e0 cette tranche d'\u00e2ge, en France surtout, depuis plus de 30 ann\u00e9es d\u00e9j\u00e0. Cette association est accompagn\u00e9e par des Fr\u00e8res et des Soeurs de Saint-Jean.\",\"sameAs\":[\"http:\/\/www.jeunesdesaintjean.org\"],\"url\":\"https:\/\/www.jeunesdesaintjean.org\/index.php\/author\/jsj\/\"}]}<\/script>\n<!-- \/ Yoast SEO plugin. -->","yoast_head_json":{"title":"JJ+ s\u00e9jour Montagne 30-38 ans 2026 - Jeunes de Saint-Jean","description":"Des vacances \"Sport & Spi\" en montagne face au Mont-blanc pour jeunes professionnels catholique de 30 \u00e0 38 ans avec les Jeunes de St-Jean !","robots":{"index":"index","follow":"follow","max-snippet":"max-snippet:-1","max-image-preview":"max-image-preview:large","max-video-preview":"max-video-preview:-1"},"canonical":"https:\/\/www.jeunesdesaintjean.org\/index.php\/sejour-jj-montagne-30-38-ans-2\/","og_locale":"fr_FR","og_type":"article","og_title":"JJ+ s\u00e9jour Montagne 30-38 ans 2026 - Jeunes de Saint-Jean","og_description":"Des vacances \"Sport & Spi\" en montagne face au Mont-blanc pour jeunes professionnels catholique de 30 \u00e0 38 ans avec les Jeunes de St-Jean !","og_url":"https:\/\/www.jeunesdesaintjean.org\/index.php\/sejour-jj-montagne-30-38-ans-2\/","og_site_name":"Jeunes de Saint-Jean","article_publisher":"https:\/\/www.facebook.com\/jeunesdesaintjean1?locale=fr_FR","article_published_time":"2025-12-11T18:59:09+00:00","article_modified_time":"2026-04-29T19:42:38+00:00","og_image":[{"width":819,"height":1024,"url":"https:\/\/www.jeunesdesaintjean.org\/wp-content\/uploads\/2025\/12\/Montagne-JJ-2026-819x1024.png","type":"image\/png"}],"author":"JJ","twitter_misc":{"\u00c9crit par":"JJ","Dur\u00e9e de lecture estim\u00e9e":"2 minutes"},"schema":{"@context":"https:\/\/schema.org","@graph":[{"@type":"Article","@id":"https:\/\/www.jeunesdesaintjean.org\/index.php\/sejour-jj-montagne-30-38-ans-2\/#article","isPartOf":{"@id":"https:\/\/www.jeunesdesaintjean.org\/index.php\/sejour-jj-montagne-30-38-ans-2\/"},"author":{"name":"JJ","@id":"https:\/\/www.jeunesdesaintjean.org\/#\/schema\/person\/a4a869aa54b438384c671d21fb44e5f5"},"headline":"JJ+ s\u00e9jour Montagne 30-38 ans 2026","datePublished":"2025-12-11T18:59:09+00:00","dateModified":"2026-04-29T19:42:38+00:00","mainEntityOfPage":{"@id":"https:\/\/www.jeunesdesaintjean.org\/index.php\/sejour-jj-montagne-30-38-ans-2\/"},"wordCount":318,"publisher":{"@id":"https:\/\/www.jeunesdesaintjean.org\/#organization"},"image":{"@id":"https:\/\/www.jeunesdesaintjean.org\/index.php\/sejour-jj-montagne-30-38-ans-2\/#primaryimage"},"thumbnailUrl":"https:\/\/www.jeunesdesaintjean.org\/wp-content\/uploads\/2025\/12\/Montagne-JJ-2026.png","articleSection":["2026","Rando montagne"],"inLanguage":"fr-FR"},{"@type":"WebPage","@id":"https:\/\/www.jeunesdesaintjean.org\/index.php\/sejour-jj-montagne-30-38-ans-2\/","url":"https:\/\/www.jeunesdesaintjean.org\/index.php\/sejour-jj-montagne-30-38-ans-2\/","name":"JJ+ s\u00e9jour Montagne 30-38 ans 2026 - Jeunes de Saint-Jean","isPartOf":{"@id":"https:\/\/www.jeunesdesaintjean.org\/#website"},"primaryImageOfPage":{"@id":"https:\/\/www.jeunesdesaintjean.org\/index.php\/sejour-jj-montagne-30-38-ans-2\/#primaryimage"},"image":{"@id":"https:\/\/www.jeunesdesaintjean.org\/index.php\/sejour-jj-montagne-30-38-ans-2\/#primaryimage"},"thumbnailUrl":"https:\/\/www.jeunesdesaintjean.org\/wp-content\/uploads\/2025\/12\/Montagne-JJ-2026.png","datePublished":"2025-12-11T18:59:09+00:00","dateModified":"2026-04-29T19:42:38+00:00","description":"Des vacances \"Sport & Spi\" en montagne face au Mont-blanc pour jeunes professionnels catholique de 30 \u00e0 38 ans avec les Jeunes de St-Jean !","breadcrumb":{"@id":"https:\/\/www.jeunesdesaintjean.org\/index.php\/sejour-jj-montagne-30-38-ans-2\/#breadcrumb"},"inLanguage":"fr-FR","potentialAction":[{"@type":"ReadAction","target":["https:\/\/www.jeunesdesaintjean.org\/index.php\/sejour-jj-montagne-30-38-ans-2\/"]}]},{"@type":"ImageObject","inLanguage":"fr-FR","@id":"https:\/\/www.jeunesdesaintjean.org\/index.php\/sejour-jj-montagne-30-38-ans-2\/#primaryimage","url":"https:\/\/www.jeunesdesaintjean.org\/wp-content\/uploads\/2025\/12\/Montagne-JJ-2026.png","contentUrl":"https:\/\/www.jeunesdesaintjean.org\/wp-content\/uploads\/2025\/12\/Montagne-JJ-2026.png","width":1080,"height":1350},{"@type":"BreadcrumbList","@id":"https:\/\/www.jeunesdesaintjean.org\/index.php\/sejour-jj-montagne-30-38-ans-2\/#breadcrumb","itemListElement":[{"@type":"ListItem","position":1,"name":"Accueil","item":"https:\/\/www.jeunesdesaintjean.org\/"},{"@type":"ListItem","position":2,"name":"JJ+ s\u00e9jour Montagne 30-38 ans 2026"}]},{"@type":"WebSite","@id":"https:\/\/www.jeunesdesaintjean.org\/#website","url":"https:\/\/www.jeunesdesaintjean.org\/","name":"Jeunes de Saint-Jean","description":"S\u00e9jours &quot;Spi et Sport&quot; pour Jeunes professionnels catholiques !","publisher":{"@id":"https:\/\/www.jeunesdesaintjean.org\/#organization"},"alternateName":"Les JJ","potentialAction":[{"@type":"SearchAction","target":{"@type":"EntryPoint","urlTemplate":"https:\/\/www.jeunesdesaintjean.org\/?s={search_term_string}"},"query-input":{"@type":"PropertyValueSpecification","valueRequired":true,"valueName":"search_term_string"}}],"inLanguage":"fr-FR"},{"@type":"Organization","@id":"https:\/\/www.jeunesdesaintjean.org\/#organization","name":"Jeunes de Saint-Jean","url":"https:\/\/www.jeunesdesaintjean.org\/","logo":{"@type":"ImageObject","inLanguage":"fr-FR","@id":"https:\/\/www.jeunesdesaintjean.org\/#\/schema\/logo\/image\/","url":"https:\/\/www.jeunesdesaintjean.org\/wp-content\/uploads\/2024\/01\/Logo-rouge-sur-fond-transparent.png","contentUrl":"https:\/\/www.jeunesdesaintjean.org\/wp-content\/uploads\/2024\/01\/Logo-rouge-sur-fond-transparent.png","width":1600,"height":1600,"caption":"Jeunes de Saint-Jean"},"image":{"@id":"https:\/\/www.jeunesdesaintjean.org\/#\/schema\/logo\/image\/"},"sameAs":["https:\/\/www.facebook.com\/jeunesdesaintjean1?locale=fr_FR","https:\/\/www.instagram.com\/jeunesdesaintjean\/"]},{"@type":"Person","@id":"https:\/\/www.jeunesdesaintjean.org\/#\/schema\/person\/a4a869aa54b438384c671d21fb44e5f5","name":"JJ","image":{"@type":"ImageObject","inLanguage":"fr-FR","@id":"https:\/\/www.jeunesdesaintjean.org\/#\/schema\/person\/image\/","url":"https:\/\/secure.gravatar.com\/avatar\/c13a524c2fdbf9f3d56ad0f7ddff7ab038f7f8c87f8bb6f7f1991fd1cb33abaa?s=96&d=mm&r=g","contentUrl":"https:\/\/secure.gravatar.com\/avatar\/c13a524c2fdbf9f3d56ad0f7ddff7ab038f7f8c87f8bb6f7f1991fd1cb33abaa?s=96&d=mm&r=g","caption":"JJ"},"description":"Les JJ ou \"Jeunes de Saint Jean\" sont une association de Jeunes pros entre 23 et 35 ans, catholiques, qui organisent des activit\u00e9s adapt\u00e9es \u00e0 cette tranche d'\u00e2ge, en France surtout, depuis plus de 30 ann\u00e9es d\u00e9j\u00e0. Cette association est accompagn\u00e9e par des Fr\u00e8res et des Soeurs de Saint-Jean.","sameAs":["http:\/\/www.jeunesdesaintjean.org"],"url":"https:\/\/www.jeunesdesaintjean.org\/index.php\/author\/jsj\/"}]}},"jetpack_featured_media_url":"https:\/\/www.jeunesdesaintjean.org\/wp-content\/uploads\/2025\/12\/Montagne-JJ-2026.png","jetpack_sharing_enabled":true,"jetpack_shortlink":"https:\/\/wp.me\/p7zN5T-17x","_links":{"self":[{"href":"https:\/\/www.jeunesdesaintjean.org\/index.php\/wp-json\/wp\/v2\/posts\/4311","targetHints":{"allow":["GET"]}}],"collection":[{"href":"https:\/\/www.jeunesdesaintjean.org\/index.php\/wp-json\/wp\/v2\/posts"}],"about":[{"href":"https:\/\/www.jeunesdesaintjean.org\/index.php\/wp-json\/wp\/v2\/types\/post"}],"author":[{"embeddable":true,"href":"https:\/\/www.jeunesdesaintjean.org\/index.php\/wp-json\/wp\/v2\/users\/1"}],"replies":[{"embeddable":true,"href":"https:\/\/www.jeunesdesaintjean.org\/index.php\/wp-json\/wp\/v2\/comments?post=4311"}],"version-history":[{"count":25,"href":"https:\/\/www.jeunesdesaintjean.org\/index.php\/wp-json\/wp\/v2\/posts\/4311\/revisions"}],"predecessor-version":[{"id":4577,"href":"https:\/\/www.jeunesdesaintjean.org\/index.php\/wp-json\/wp\/v2\/posts\/4311\/revisions\/4577"}],"wp:featuredmedia":[{"embeddable":true,"href":"https:\/\/www.jeunesdesaintjean.org\/index.php\/wp-json\/wp\/v2\/media\/4444"}],"wp:attachment":[{"href":"https:\/\/www.jeunesdesaintjean.org\/index.php\/wp-json\/wp\/v2\/media?parent=4311"}],"wp:term":[{"taxonomy":"category","embeddable":true,"href":"https:\/\/www.jeunesdesaintjean.org\/index.php\/wp-json\/wp\/v2\/categories?post=4311"},{"taxonomy":"post_tag","embeddable":true,"href":"https:\/\/www.jeunesdesaintjean.org\/index.php\/wp-json\/wp\/v2\/tags?post=4311"}],"curies":[{"name":"wp","href":"https:\/\/api.w.org\/{rel}","templated":true}]}}