{"id":4308,"date":"2025-12-11T21:39:12","date_gmt":"2025-12-11T19:39:12","guid":{"rendered":"https:\/\/www.jeunesdesaintjean.org\/?p=4308"},"modified":"2026-04-25T14:42:13","modified_gmt":"2026-04-25T12:42:13","slug":"jj-sejour-plongee-2026","status":"publish","type":"post","link":"https:\/\/www.jeunesdesaintjean.org\/index.php\/jj-sejour-plongee-2026\/","title":{"rendered":"JJ s\u00e9jour Plong\u00e9e 2026"},"content":{"rendered":"<h6 style=\"text-align: center;\"><strong><span style=\"color: #ff0000;\">Les inscriptions sont <span style=\"caret-color: #ff0000;\">cl\u00f4tur\u00e9es<\/span>\u00a0<\/span><\/strong><\/h6>\n<p><strong>Concept<\/strong> : Tu veux d\u00e9couvrir la plong\u00e9e ? Tu ne manques pas d\u2019air ! Tu voudrais le faire \u00e0 Marseille ? T\u2019y es un fada ! Traverse la M\u00e9diterran\u00e9e et viens plut\u00f4t d\u00e9couvrir les fonds merveilleux de la Haute Corse !<\/p>\n<p>Ce sera aussi l\u2019occasion de te ressourcer spirituellement au couvent des fr\u00e8res Saint Jean \u00e0 Corbara o\u00f9 nous serons accueillis !<\/p>\n<p><strong>Lieu<\/strong> : Couvent Saint Dominique de Corbara, Corse<\/p>\n<p><strong>Date :<\/strong> 10 mai au 17 mai\u00a0 2026<\/p>\n<p><strong>Programme :<\/strong> Lever \u2013 Laudes \u2013 Petit d\u00e9j\u2019 \u2013 Plong\u00e9e \u2013 Pique-nique \u2013 Balade \u00e9ventuelle \u2013 Messe tous les jours \u2013 Topo \u2013 Ap\u00e9ro \u2013 Diner \u2013 Pri\u00e8re \u2013 Veill\u00e9e (discussions et jeux de soci\u00e9t\u00e9).<\/p>\n<p><strong>Activit\u00e9s:<br \/>\n<\/strong>Nous plongerons avec un club \u00e0 Calvi. Selon l\u2019exp\u00e9rience de chacun, il sera propos\u00e9 de passer le niveau 1 ou de plonger simplement (avec encadrement) pour ceux qui ont d\u00e9j\u00e0 un niveau.<br \/>\nNous pr\u00e9voyons 5 plong\u00e9es, correspondant au niveau 1. Si tu as d\u00e9j\u00e0 ton niveau 1, il y a la possibilit\u00e9 de passer ton niveau 2 ou de faire des plong\u00e9es \u00ab \u00e0 la carte \u00bb<br \/>\nLe reste du temps nous d\u00e9couvrirons les environs avec au choix randonn\u00e9es, baignade, visite\u2026 en fonction des envies du moment, nous choisirons ensemble !<\/p>\n<p><strong>Certificat M\u00e9dical<\/strong> :<strong> <span style=\"color: #ff0000;\">Pour ce s\u00e9jour il est demand\u00e9 un certificat m\u00e9dical de non-contre-indication \u00e0 la plong\u00e9e sous-marine.<\/span><\/strong><\/p>\n<p><strong>Nombre de participants<\/strong> : 14\u00a0 personnes<\/p>\n<p><strong>Prix<\/strong>: <strong>525 euros<\/strong> \u00a0(hors plong\u00e9e*)<\/p>\n<div>\n<p>Le prix du s\u00e9jour comprend : le logement en pension compl\u00e8te, les transports sur place, les frais d\u2019asso.<\/p>\n<\/div>\n<div>\n<p>Le prix de la plong\u00e9e sera \u00e0 r\u00e9gler directement sur place au club, permettant d\u2019ajuster selon les options choisies par chacun.<\/p>\n<p><em>* A titre d\u2019information les tarifs des plong\u00e9es sont les suivants (\u00e9quipements inclus)<br \/>\n<\/em><em>\u00a0 \u00a0 \u00a0 &#8211; Niveau 1 en 5 plong\u00e9es : 380 euros<br \/>\n<\/em><em>\u00a0 \u00a0 \u00a0 &#8211; PE40 en 3 plong\u00e9es : 240 euros<br \/>\n<\/em><em>\u00a0 \u00a0 \u00a0 &#8211; Pour ceux qui ont d\u00e9j\u00e0 un niveau : 55 euros la plong\u00e9e<\/em><\/p>\n<\/div>\n<p><strong>Trajet \/ Extras :<br \/>\n<\/strong>Le trajet pour se rendre \u00e0 Corbara reste \u00e0 ta charge (ainsi que les \u00e9ventuels extras, verres ou autres activit\u00e9s).<\/p>\n<div>\n<p>Les trajets quotidiens entre le couvent et le lieu de la plong\u00e9e sont pr\u00e9vus dans le prix du s\u00e9jour avec l\u2019hypoth\u00e8se d\u2019avoir sur place 3 voitures permettant de faire les trajets entre le Couvent et les activit\u00e9s. La travers\u00e9e en bateau des 3 voitures ainsi que les frais kilom\u00e9triques sur place sont pris en charge par l\u2019asso. Il sera n\u00e9cessaire que 2 participants\u00a0 viennent\u00a0 avec leurs voitures ( Merci de le pr\u00e9ciser lors de l\u2019inscription) . Dans le cas contraire, il sera n\u00e9cessaire d\u2019en louer\u00a0 avec un \u00e9ventuel\u00a0 surco\u00fbt.<\/p>\n<\/div>\n<div>\n<p>Nous proposons \u00e0 ceux qui le souhaitent de prendre un bateau ensemble le samedi soir 9 mai \u00e0 TOULON\u00a0 \u00e0 19h\u00a0 \u2013 Arriv\u00e9e \u00e0 8h \u00e0 BASTIA le 10 mai et de repartir ensemble le samedi 16 mai depuis BASTIA \u00e0 19h \u2013 Arriv\u00e9e \u00e0 TOULON \u00e0 7h30 le dimanche 17 mai. (Sous r\u00e9serve de disponibilit\u00e9 de ces trajets lors des inscriptions, via Corsica Ferries)<\/p>\n<\/div>\n<p><strong>DOCUMENTS UTILES<br \/>\n<\/strong>\u2013 Conditions d\u2019annulation :\u00a0<strong><a href=\"https:\/\/drive.google.com\/file\/d\/1ODdxnKLtykADDbK8TjU6TsI38kN13c9R\/view?usp=drive_link\">ici<\/a><\/strong><br \/>\n\u2013 Fiche sanitaire :<strong>\u00a0<a href=\"https:\/\/drive.google.com\/file\/d\/1bOW-cu3PD0_uxOk7o6XiiWsqp-4xxXc3\/view?usp=drive_link\">ici<\/a><\/strong><br \/>\n\u2013 Foire aux questions : [\u00e0 venir]<br \/>\n\u2013 Liste du mat\u00e9riel : [\u00e0 venir]<\/p>\n","protected":false},"excerpt":{"rendered":"<p>Les inscriptions sont cl\u00f4tur\u00e9es\u00a0 Concept : Tu veux d\u00e9couvrir la plong\u00e9e ? Tu ne manques pas d\u2019air ! Tu voudrais le faire \u00e0 Marseille ? T\u2019y es un fada ! Traverse la M\u00e9diterran\u00e9e et viens plut\u00f4t d\u00e9couvrir les fonds merveilleux de la Haute Corse ! Ce sera aussi l\u2019occasion de te ressourcer spirituellement au couvent [&hellip;]<\/p>\n","protected":false},"author":1,"featured_media":4443,"comment_status":"closed","ping_status":"open","sticky":false,"template":"","format":"standard","meta":{"_jetpack_newsletter_access":"","_jetpack_dont_email_post_to_subs":false,"_jetpack_newsletter_tier_id":0,"_jetpack_memberships_contains_paywalled_content":false,"two_page_speed":[],"_jetpack_memberships_contains_paid_content":false,"footnotes":""},"categories":[199,198],"tags":[],"class_list":["post-4308","post","type-post","status-publish","format-standard","has-post-thumbnail","hentry","category-199","category-plongee"],"yoast_head":"<!-- This site is optimized with the Yoast SEO plugin v27.0 - https:\/\/yoast.com\/product\/yoast-seo-wordpress\/ -->\n<title>JJ s\u00e9jour Plong\u00e9e 2026 - Jeunes de Saint-Jean<\/title>\n<meta name=\"description\" content=\"Une semaine &quot;Plong\u00e9e &amp; Spi&quot; pour les jeunes professionnels catholique de 25 \u00e0 35 ans avec les JJ, \u00e0 Corbara (Corse) du 10 mai au 17 mai 2026\" \/>\n<meta name=\"robots\" content=\"index, follow, max-snippet:-1, max-image-preview:large, max-video-preview:-1\" \/>\n<link rel=\"canonical\" href=\"https:\/\/www.jeunesdesaintjean.org\/index.php\/jj-sejour-plongee-2026\/\" \/>\n<meta property=\"og:locale\" content=\"fr_FR\" \/>\n<meta property=\"og:type\" content=\"article\" \/>\n<meta property=\"og:title\" content=\"JJ s\u00e9jour Plong\u00e9e 2026 - Jeunes de Saint-Jean\" \/>\n<meta property=\"og:description\" content=\"Une semaine &quot;Plong\u00e9e &amp; Spi&quot; pour les jeunes professionnels catholique de 25 \u00e0 35 ans avec les JJ, \u00e0 Corbara (Corse) du 10 mai au 17 mai 2026\" \/>\n<meta property=\"og:url\" content=\"https:\/\/www.jeunesdesaintjean.org\/index.php\/jj-sejour-plongee-2026\/\" \/>\n<meta property=\"og:site_name\" content=\"Jeunes de Saint-Jean\" \/>\n<meta property=\"article:publisher\" content=\"https:\/\/www.facebook.com\/jeunesdesaintjean1?locale=fr_FR\" \/>\n<meta property=\"article:published_time\" content=\"2025-12-11T19:39:12+00:00\" \/>\n<meta property=\"article:modified_time\" content=\"2026-04-25T12:42:13+00:00\" \/>\n<meta property=\"og:image\" content=\"https:\/\/www.jeunesdesaintjean.org\/wp-content\/uploads\/2025\/12\/Tract-Plongee-2026-1-819x1024.png\" \/>\n\t<meta property=\"og:image:width\" content=\"819\" \/>\n\t<meta property=\"og:image:height\" content=\"1024\" \/>\n\t<meta property=\"og:image:type\" content=\"image\/png\" \/>\n<meta name=\"author\" content=\"JJ\" \/>\n<meta name=\"twitter:label1\" content=\"\u00c9crit par\" \/>\n\t<meta name=\"twitter:data1\" content=\"JJ\" \/>\n\t<meta name=\"twitter:label2\" content=\"Dur\u00e9e de lecture estim\u00e9e\" \/>\n\t<meta name=\"twitter:data2\" content=\"3 minutes\" \/>\n<script type=\"application\/ld+json\" class=\"yoast-schema-graph\">{\"@context\":\"https:\/\/schema.org\",\"@graph\":[{\"@type\":\"Article\",\"@id\":\"https:\/\/www.jeunesdesaintjean.org\/index.php\/jj-sejour-plongee-2026\/#article\",\"isPartOf\":{\"@id\":\"https:\/\/www.jeunesdesaintjean.org\/index.php\/jj-sejour-plongee-2026\/\"},\"author\":{\"name\":\"JJ\",\"@id\":\"https:\/\/www.jeunesdesaintjean.org\/#\/schema\/person\/a4a869aa54b438384c671d21fb44e5f5\"},\"headline\":\"JJ s\u00e9jour Plong\u00e9e 2026\",\"datePublished\":\"2025-12-11T19:39:12+00:00\",\"dateModified\":\"2026-04-25T12:42:13+00:00\",\"mainEntityOfPage\":{\"@id\":\"https:\/\/www.jeunesdesaintjean.org\/index.php\/jj-sejour-plongee-2026\/\"},\"wordCount\":510,\"publisher\":{\"@id\":\"https:\/\/www.jeunesdesaintjean.org\/#organization\"},\"image\":{\"@id\":\"https:\/\/www.jeunesdesaintjean.org\/index.php\/jj-sejour-plongee-2026\/#primaryimage\"},\"thumbnailUrl\":\"https:\/\/www.jeunesdesaintjean.org\/wp-content\/uploads\/2025\/12\/Tract-Plongee-2026-1.png\",\"articleSection\":[\"2026\",\"Plong\u00e9e\"],\"inLanguage\":\"fr-FR\"},{\"@type\":\"WebPage\",\"@id\":\"https:\/\/www.jeunesdesaintjean.org\/index.php\/jj-sejour-plongee-2026\/\",\"url\":\"https:\/\/www.jeunesdesaintjean.org\/index.php\/jj-sejour-plongee-2026\/\",\"name\":\"JJ s\u00e9jour Plong\u00e9e 2026 - Jeunes de Saint-Jean\",\"isPartOf\":{\"@id\":\"https:\/\/www.jeunesdesaintjean.org\/#website\"},\"primaryImageOfPage\":{\"@id\":\"https:\/\/www.jeunesdesaintjean.org\/index.php\/jj-sejour-plongee-2026\/#primaryimage\"},\"image\":{\"@id\":\"https:\/\/www.jeunesdesaintjean.org\/index.php\/jj-sejour-plongee-2026\/#primaryimage\"},\"thumbnailUrl\":\"https:\/\/www.jeunesdesaintjean.org\/wp-content\/uploads\/2025\/12\/Tract-Plongee-2026-1.png\",\"datePublished\":\"2025-12-11T19:39:12+00:00\",\"dateModified\":\"2026-04-25T12:42:13+00:00\",\"description\":\"Une semaine \\\"Plong\u00e9e & Spi\\\" pour les jeunes professionnels catholique de 25 \u00e0 35 ans avec les JJ, \u00e0 Corbara (Corse) du 10 mai au 17 mai 2026\",\"breadcrumb\":{\"@id\":\"https:\/\/www.jeunesdesaintjean.org\/index.php\/jj-sejour-plongee-2026\/#breadcrumb\"},\"inLanguage\":\"fr-FR\",\"potentialAction\":[{\"@type\":\"ReadAction\",\"target\":[\"https:\/\/www.jeunesdesaintjean.org\/index.php\/jj-sejour-plongee-2026\/\"]}]},{\"@type\":\"ImageObject\",\"inLanguage\":\"fr-FR\",\"@id\":\"https:\/\/www.jeunesdesaintjean.org\/index.php\/jj-sejour-plongee-2026\/#primaryimage\",\"url\":\"https:\/\/www.jeunesdesaintjean.org\/wp-content\/uploads\/2025\/12\/Tract-Plongee-2026-1.png\",\"contentUrl\":\"https:\/\/www.jeunesdesaintjean.org\/wp-content\/uploads\/2025\/12\/Tract-Plongee-2026-1.png\",\"width\":1080,\"height\":1350},{\"@type\":\"BreadcrumbList\",\"@id\":\"https:\/\/www.jeunesdesaintjean.org\/index.php\/jj-sejour-plongee-2026\/#breadcrumb\",\"itemListElement\":[{\"@type\":\"ListItem\",\"position\":1,\"name\":\"Accueil\",\"item\":\"https:\/\/www.jeunesdesaintjean.org\/\"},{\"@type\":\"ListItem\",\"position\":2,\"name\":\"JJ s\u00e9jour Plong\u00e9e 2026\"}]},{\"@type\":\"WebSite\",\"@id\":\"https:\/\/www.jeunesdesaintjean.org\/#website\",\"url\":\"https:\/\/www.jeunesdesaintjean.org\/\",\"name\":\"Jeunes de Saint-Jean\",\"description\":\"S\u00e9jours &quot;Spi et Sport&quot; pour Jeunes professionnels catholiques !\",\"publisher\":{\"@id\":\"https:\/\/www.jeunesdesaintjean.org\/#organization\"},\"alternateName\":\"Les JJ\",\"potentialAction\":[{\"@type\":\"SearchAction\",\"target\":{\"@type\":\"EntryPoint\",\"urlTemplate\":\"https:\/\/www.jeunesdesaintjean.org\/?s={search_term_string}\"},\"query-input\":{\"@type\":\"PropertyValueSpecification\",\"valueRequired\":true,\"valueName\":\"search_term_string\"}}],\"inLanguage\":\"fr-FR\"},{\"@type\":\"Organization\",\"@id\":\"https:\/\/www.jeunesdesaintjean.org\/#organization\",\"name\":\"Jeunes de Saint-Jean\",\"url\":\"https:\/\/www.jeunesdesaintjean.org\/\",\"logo\":{\"@type\":\"ImageObject\",\"inLanguage\":\"fr-FR\",\"@id\":\"https:\/\/www.jeunesdesaintjean.org\/#\/schema\/logo\/image\/\",\"url\":\"https:\/\/www.jeunesdesaintjean.org\/wp-content\/uploads\/2024\/01\/Logo-rouge-sur-fond-transparent.png\",\"contentUrl\":\"https:\/\/www.jeunesdesaintjean.org\/wp-content\/uploads\/2024\/01\/Logo-rouge-sur-fond-transparent.png\",\"width\":1600,\"height\":1600,\"caption\":\"Jeunes de Saint-Jean\"},\"image\":{\"@id\":\"https:\/\/www.jeunesdesaintjean.org\/#\/schema\/logo\/image\/\"},\"sameAs\":[\"https:\/\/www.facebook.com\/jeunesdesaintjean1?locale=fr_FR\",\"https:\/\/www.instagram.com\/jeunesdesaintjean\/\"]},{\"@type\":\"Person\",\"@id\":\"https:\/\/www.jeunesdesaintjean.org\/#\/schema\/person\/a4a869aa54b438384c671d21fb44e5f5\",\"name\":\"JJ\",\"image\":{\"@type\":\"ImageObject\",\"inLanguage\":\"fr-FR\",\"@id\":\"https:\/\/www.jeunesdesaintjean.org\/#\/schema\/person\/image\/\",\"url\":\"https:\/\/secure.gravatar.com\/avatar\/c13a524c2fdbf9f3d56ad0f7ddff7ab038f7f8c87f8bb6f7f1991fd1cb33abaa?s=96&d=mm&r=g\",\"contentUrl\":\"https:\/\/secure.gravatar.com\/avatar\/c13a524c2fdbf9f3d56ad0f7ddff7ab038f7f8c87f8bb6f7f1991fd1cb33abaa?s=96&d=mm&r=g\",\"caption\":\"JJ\"},\"description\":\"Les JJ ou \\\"Jeunes de Saint Jean\\\" sont une association de Jeunes pros entre 23 et 35 ans, catholiques, qui organisent des activit\u00e9s adapt\u00e9es \u00e0 cette tranche d'\u00e2ge, en France surtout, depuis plus de 30 ann\u00e9es d\u00e9j\u00e0. Cette association est accompagn\u00e9e par des Fr\u00e8res et des Soeurs de Saint-Jean.\",\"sameAs\":[\"http:\/\/www.jeunesdesaintjean.org\"],\"url\":\"https:\/\/www.jeunesdesaintjean.org\/index.php\/author\/jsj\/\"}]}<\/script>\n<!-- \/ Yoast SEO plugin. -->","yoast_head_json":{"title":"JJ s\u00e9jour Plong\u00e9e 2026 - Jeunes de Saint-Jean","description":"Une semaine \"Plong\u00e9e & Spi\" pour les jeunes professionnels catholique de 25 \u00e0 35 ans avec les JJ, \u00e0 Corbara (Corse) du 10 mai au 17 mai 2026","robots":{"index":"index","follow":"follow","max-snippet":"max-snippet:-1","max-image-preview":"max-image-preview:large","max-video-preview":"max-video-preview:-1"},"canonical":"https:\/\/www.jeunesdesaintjean.org\/index.php\/jj-sejour-plongee-2026\/","og_locale":"fr_FR","og_type":"article","og_title":"JJ s\u00e9jour Plong\u00e9e 2026 - Jeunes de Saint-Jean","og_description":"Une semaine \"Plong\u00e9e & Spi\" pour les jeunes professionnels catholique de 25 \u00e0 35 ans avec les JJ, \u00e0 Corbara (Corse) du 10 mai au 17 mai 2026","og_url":"https:\/\/www.jeunesdesaintjean.org\/index.php\/jj-sejour-plongee-2026\/","og_site_name":"Jeunes de Saint-Jean","article_publisher":"https:\/\/www.facebook.com\/jeunesdesaintjean1?locale=fr_FR","article_published_time":"2025-12-11T19:39:12+00:00","article_modified_time":"2026-04-25T12:42:13+00:00","og_image":[{"width":819,"height":1024,"url":"https:\/\/www.jeunesdesaintjean.org\/wp-content\/uploads\/2025\/12\/Tract-Plongee-2026-1-819x1024.png","type":"image\/png"}],"author":"JJ","twitter_misc":{"\u00c9crit par":"JJ","Dur\u00e9e de lecture estim\u00e9e":"3 minutes"},"schema":{"@context":"https:\/\/schema.org","@graph":[{"@type":"Article","@id":"https:\/\/www.jeunesdesaintjean.org\/index.php\/jj-sejour-plongee-2026\/#article","isPartOf":{"@id":"https:\/\/www.jeunesdesaintjean.org\/index.php\/jj-sejour-plongee-2026\/"},"author":{"name":"JJ","@id":"https:\/\/www.jeunesdesaintjean.org\/#\/schema\/person\/a4a869aa54b438384c671d21fb44e5f5"},"headline":"JJ s\u00e9jour Plong\u00e9e 2026","datePublished":"2025-12-11T19:39:12+00:00","dateModified":"2026-04-25T12:42:13+00:00","mainEntityOfPage":{"@id":"https:\/\/www.jeunesdesaintjean.org\/index.php\/jj-sejour-plongee-2026\/"},"wordCount":510,"publisher":{"@id":"https:\/\/www.jeunesdesaintjean.org\/#organization"},"image":{"@id":"https:\/\/www.jeunesdesaintjean.org\/index.php\/jj-sejour-plongee-2026\/#primaryimage"},"thumbnailUrl":"https:\/\/www.jeunesdesaintjean.org\/wp-content\/uploads\/2025\/12\/Tract-Plongee-2026-1.png","articleSection":["2026","Plong\u00e9e"],"inLanguage":"fr-FR"},{"@type":"WebPage","@id":"https:\/\/www.jeunesdesaintjean.org\/index.php\/jj-sejour-plongee-2026\/","url":"https:\/\/www.jeunesdesaintjean.org\/index.php\/jj-sejour-plongee-2026\/","name":"JJ s\u00e9jour Plong\u00e9e 2026 - Jeunes de Saint-Jean","isPartOf":{"@id":"https:\/\/www.jeunesdesaintjean.org\/#website"},"primaryImageOfPage":{"@id":"https:\/\/www.jeunesdesaintjean.org\/index.php\/jj-sejour-plongee-2026\/#primaryimage"},"image":{"@id":"https:\/\/www.jeunesdesaintjean.org\/index.php\/jj-sejour-plongee-2026\/#primaryimage"},"thumbnailUrl":"https:\/\/www.jeunesdesaintjean.org\/wp-content\/uploads\/2025\/12\/Tract-Plongee-2026-1.png","datePublished":"2025-12-11T19:39:12+00:00","dateModified":"2026-04-25T12:42:13+00:00","description":"Une semaine \"Plong\u00e9e & Spi\" pour les jeunes professionnels catholique de 25 \u00e0 35 ans avec les JJ, \u00e0 Corbara (Corse) du 10 mai au 17 mai 2026","breadcrumb":{"@id":"https:\/\/www.jeunesdesaintjean.org\/index.php\/jj-sejour-plongee-2026\/#breadcrumb"},"inLanguage":"fr-FR","potentialAction":[{"@type":"ReadAction","target":["https:\/\/www.jeunesdesaintjean.org\/index.php\/jj-sejour-plongee-2026\/"]}]},{"@type":"ImageObject","inLanguage":"fr-FR","@id":"https:\/\/www.jeunesdesaintjean.org\/index.php\/jj-sejour-plongee-2026\/#primaryimage","url":"https:\/\/www.jeunesdesaintjean.org\/wp-content\/uploads\/2025\/12\/Tract-Plongee-2026-1.png","contentUrl":"https:\/\/www.jeunesdesaintjean.org\/wp-content\/uploads\/2025\/12\/Tract-Plongee-2026-1.png","width":1080,"height":1350},{"@type":"BreadcrumbList","@id":"https:\/\/www.jeunesdesaintjean.org\/index.php\/jj-sejour-plongee-2026\/#breadcrumb","itemListElement":[{"@type":"ListItem","position":1,"name":"Accueil","item":"https:\/\/www.jeunesdesaintjean.org\/"},{"@type":"ListItem","position":2,"name":"JJ s\u00e9jour Plong\u00e9e 2026"}]},{"@type":"WebSite","@id":"https:\/\/www.jeunesdesaintjean.org\/#website","url":"https:\/\/www.jeunesdesaintjean.org\/","name":"Jeunes de Saint-Jean","description":"S\u00e9jours &quot;Spi et Sport&quot; pour Jeunes professionnels catholiques !","publisher":{"@id":"https:\/\/www.jeunesdesaintjean.org\/#organization"},"alternateName":"Les JJ","potentialAction":[{"@type":"SearchAction","target":{"@type":"EntryPoint","urlTemplate":"https:\/\/www.jeunesdesaintjean.org\/?s={search_term_string}"},"query-input":{"@type":"PropertyValueSpecification","valueRequired":true,"valueName":"search_term_string"}}],"inLanguage":"fr-FR"},{"@type":"Organization","@id":"https:\/\/www.jeunesdesaintjean.org\/#organization","name":"Jeunes de Saint-Jean","url":"https:\/\/www.jeunesdesaintjean.org\/","logo":{"@type":"ImageObject","inLanguage":"fr-FR","@id":"https:\/\/www.jeunesdesaintjean.org\/#\/schema\/logo\/image\/","url":"https:\/\/www.jeunesdesaintjean.org\/wp-content\/uploads\/2024\/01\/Logo-rouge-sur-fond-transparent.png","contentUrl":"https:\/\/www.jeunesdesaintjean.org\/wp-content\/uploads\/2024\/01\/Logo-rouge-sur-fond-transparent.png","width":1600,"height":1600,"caption":"Jeunes de Saint-Jean"},"image":{"@id":"https:\/\/www.jeunesdesaintjean.org\/#\/schema\/logo\/image\/"},"sameAs":["https:\/\/www.facebook.com\/jeunesdesaintjean1?locale=fr_FR","https:\/\/www.instagram.com\/jeunesdesaintjean\/"]},{"@type":"Person","@id":"https:\/\/www.jeunesdesaintjean.org\/#\/schema\/person\/a4a869aa54b438384c671d21fb44e5f5","name":"JJ","image":{"@type":"ImageObject","inLanguage":"fr-FR","@id":"https:\/\/www.jeunesdesaintjean.org\/#\/schema\/person\/image\/","url":"https:\/\/secure.gravatar.com\/avatar\/c13a524c2fdbf9f3d56ad0f7ddff7ab038f7f8c87f8bb6f7f1991fd1cb33abaa?s=96&d=mm&r=g","contentUrl":"https:\/\/secure.gravatar.com\/avatar\/c13a524c2fdbf9f3d56ad0f7ddff7ab038f7f8c87f8bb6f7f1991fd1cb33abaa?s=96&d=mm&r=g","caption":"JJ"},"description":"Les JJ ou \"Jeunes de Saint Jean\" sont une association de Jeunes pros entre 23 et 35 ans, catholiques, qui organisent des activit\u00e9s adapt\u00e9es \u00e0 cette tranche d'\u00e2ge, en France surtout, depuis plus de 30 ann\u00e9es d\u00e9j\u00e0. Cette association est accompagn\u00e9e par des Fr\u00e8res et des Soeurs de Saint-Jean.","sameAs":["http:\/\/www.jeunesdesaintjean.org"],"url":"https:\/\/www.jeunesdesaintjean.org\/index.php\/author\/jsj\/"}]}},"jetpack_featured_media_url":"https:\/\/www.jeunesdesaintjean.org\/wp-content\/uploads\/2025\/12\/Tract-Plongee-2026-1.png","jetpack_sharing_enabled":true,"jetpack_shortlink":"https:\/\/wp.me\/p7zN5T-17u","_links":{"self":[{"href":"https:\/\/www.jeunesdesaintjean.org\/index.php\/wp-json\/wp\/v2\/posts\/4308","targetHints":{"allow":["GET"]}}],"collection":[{"href":"https:\/\/www.jeunesdesaintjean.org\/index.php\/wp-json\/wp\/v2\/posts"}],"about":[{"href":"https:\/\/www.jeunesdesaintjean.org\/index.php\/wp-json\/wp\/v2\/types\/post"}],"author":[{"embeddable":true,"href":"https:\/\/www.jeunesdesaintjean.org\/index.php\/wp-json\/wp\/v2\/users\/1"}],"replies":[{"embeddable":true,"href":"https:\/\/www.jeunesdesaintjean.org\/index.php\/wp-json\/wp\/v2\/comments?post=4308"}],"version-history":[{"count":20,"href":"https:\/\/www.jeunesdesaintjean.org\/index.php\/wp-json\/wp\/v2\/posts\/4308\/revisions"}],"predecessor-version":[{"id":4549,"href":"https:\/\/www.jeunesdesaintjean.org\/index.php\/wp-json\/wp\/v2\/posts\/4308\/revisions\/4549"}],"wp:featuredmedia":[{"embeddable":true,"href":"https:\/\/www.jeunesdesaintjean.org\/index.php\/wp-json\/wp\/v2\/media\/4443"}],"wp:attachment":[{"href":"https:\/\/www.jeunesdesaintjean.org\/index.php\/wp-json\/wp\/v2\/media?parent=4308"}],"wp:term":[{"taxonomy":"category","embeddable":true,"href":"https:\/\/www.jeunesdesaintjean.org\/index.php\/wp-json\/wp\/v2\/categories?post=4308"},{"taxonomy":"post_tag","embeddable":true,"href":"https:\/\/www.jeunesdesaintjean.org\/index.php\/wp-json\/wp\/v2\/tags?post=4308"}],"curies":[{"name":"wp","href":"https:\/\/api.w.org\/{rel}","templated":true}]}}