{"id":4148,"date":"2025-04-01T09:50:00","date_gmt":"2025-04-01T07:50:00","guid":{"rendered":"https:\/\/www.jeunesdesaintjean.org\/?p=4148"},"modified":"2025-04-01T09:51:02","modified_gmt":"2025-04-01T07:51:02","slug":"jj-we-brasserie-2025","status":"publish","type":"post","link":"https:\/\/www.jeunesdesaintjean.org\/index.php\/jj-we-brasserie-2025\/","title":{"rendered":"JJ WE Brasserie 2025"},"content":{"rendered":"<h4 style=\"text-align: center;\"><span style=\"color: #ff0000;\"><strong>INSCRIPTIONS ouvrent le 1er avril !<br \/>\n<\/strong>(Ouvert aux 25 \u2013 38 ans)<\/span><\/h4>\n<p><strong>Concept :<\/strong> Cette ann\u00e9e les JJ te proposent un nouveau concept ! Nous vous donnons rendez vous \u00e0 l&rsquo;Abbaye du Mont-Ticule pour d\u00e9couvrir l&rsquo;histoire et les secrets de fabrication\u00a0 de leur bi\u00e8re d&rsquo;abbaye.<\/p>\n<p><strong>Th\u00e8me<\/strong> :\u00a0<span class=\"OYPEnA font-feature-liga-off font-feature-clig-off font-feature-calt-off text-decoration-none text-strikethrough-none\">\u201c Tout le monde sert le bon vin en premier et, lorsque les gens ont bien bu, on apporte le moins bon. Mais toi, tu as gard\u00e9 le bon vin jusqu\u2019\u00e0 maintenant. <\/span><span class=\"OYPEnA font-feature-liga-off font-feature-clig-off font-feature-calt-off text-decoration-none text-strikethrough-none\">\u201d (Jn 2 : 10)\u00a0<\/span><\/p>\n<p><strong>Lieu<\/strong> : l&rsquo;Abbaye du Mont-Ticule<\/p>\n<p><strong>Accompagnement<\/strong> : P\u00e8re Oxyde<\/p>\n<p><strong>Programme<\/strong> :<br \/>\n\u2013 Visite de l&rsquo;Abbaye et randonn\u00e9es aux alentours \u00e0 la d\u00e9couverte de la productions des mati\u00e8res premi\u00e8res n\u00e9cessaire \u00e0 la production de la bi\u00e8re.<br \/>\n\u2013\u00a0 Initiation \u00e0 la brasserie artisanale monastique avec les Fr\u00e8res de la communaut\u00e9<br \/>\n\u2013 D\u00e9gustations<br \/>\n\u2013 Topo du P\u00e8re Oxyde<br \/>\n\u2013 Banquet festif et soir\u00e9e dansante<br \/>\n\u2013 Messe \u00e0 la Basilique Sacr\u00e9e-Cailloux<\/p>\n<p><strong>Nombre de participants<\/strong> : 33<\/p>\n<p><strong>Prix<\/strong> : 50 \u20ac<br \/>\nPension compl\u00e8te, (hors extra individuel)<\/p>\n<p><strong>Contact<\/strong>\u00a0:\u00a0<a href=\"mailto:campsjj@gmail.com\" target=\"_blank\" rel=\"noopener noreferrer\">campsjj@gmail.com<\/a><\/p>\n<p><a href=\"https:\/\/www.jeunesdesaintjean.org\/index.php\/jj-we-peche-2024\/2024-publications-reseaux-2\/\" rel=\"attachment wp-att-3856\"><img loading=\"lazy\" decoding=\"async\" class=\"alignnone wp-image-3856\" src=\"https:\/\/www.jeunesdesaintjean.org\/wp-content\/uploads\/2024\/03\/2024-Publications-reseaux.png\" alt=\"\" width=\"204\" height=\"204\" srcset=\"https:\/\/www.jeunesdesaintjean.org\/wp-content\/uploads\/2024\/03\/2024-Publications-reseaux.png 1080w, https:\/\/www.jeunesdesaintjean.org\/wp-content\/uploads\/2024\/03\/2024-Publications-reseaux-250x250.png 250w, https:\/\/www.jeunesdesaintjean.org\/wp-content\/uploads\/2024\/03\/2024-Publications-reseaux-1024x1024.png 1024w, https:\/\/www.jeunesdesaintjean.org\/wp-content\/uploads\/2024\/03\/2024-Publications-reseaux-100x100.png 100w, https:\/\/www.jeunesdesaintjean.org\/wp-content\/uploads\/2024\/03\/2024-Publications-reseaux-300x300.png 300w, https:\/\/www.jeunesdesaintjean.org\/wp-content\/uploads\/2024\/03\/2024-Publications-reseaux-424x424.png 424w, https:\/\/www.jeunesdesaintjean.org\/wp-content\/uploads\/2024\/03\/2024-Publications-reseaux-600x600.png 600w, https:\/\/www.jeunesdesaintjean.org\/wp-content\/uploads\/2024\/03\/2024-Publications-reseaux-768x768.png 768w\" sizes=\"auto, (max-width: 204px) 100vw, 204px\" \/><\/a><\/p>\n","protected":false},"excerpt":{"rendered":"<p>INSCRIPTIONS ouvrent le 1er avril ! (Ouvert aux 25 \u2013 38 ans) Concept : Cette ann\u00e9e les JJ te proposent un nouveau concept ! Nous vous donnons rendez vous \u00e0 l&rsquo;Abbaye du Mont-Ticule pour d\u00e9couvrir l&rsquo;histoire et les secrets de fabrication\u00a0 de leur bi\u00e8re d&rsquo;abbaye. Th\u00e8me :\u00a0\u201c Tout le monde sert le bon vin en [&hellip;]<\/p>\n","protected":false},"author":1,"featured_media":4149,"comment_status":"closed","ping_status":"open","sticky":false,"template":"","format":"standard","meta":{"_jetpack_newsletter_access":"","_jetpack_dont_email_post_to_subs":false,"_jetpack_newsletter_tier_id":0,"_jetpack_memberships_contains_paywalled_content":false,"two_page_speed":[],"_jetpack_memberships_contains_paid_content":false,"footnotes":""},"categories":[196],"tags":[],"class_list":["post-4148","post","type-post","status-publish","format-standard","has-post-thumbnail","hentry","category-196"],"yoast_head":"<!-- This site is optimized with the Yoast SEO plugin v27.0 - https:\/\/yoast.com\/product\/yoast-seo-wordpress\/ -->\n<title>JJ WE Brasserie 2025 - Jeunes de Saint-Jean<\/title>\n<meta name=\"robots\" content=\"index, follow, max-snippet:-1, max-image-preview:large, max-video-preview:-1\" \/>\n<link rel=\"canonical\" href=\"https:\/\/www.jeunesdesaintjean.org\/index.php\/jj-we-brasserie-2025\/\" \/>\n<meta property=\"og:locale\" content=\"fr_FR\" \/>\n<meta property=\"og:type\" content=\"article\" \/>\n<meta property=\"og:title\" content=\"JJ WE Brasserie 2025 - Jeunes de Saint-Jean\" \/>\n<meta property=\"og:description\" content=\"INSCRIPTIONS ouvrent le 1er avril ! (Ouvert aux 25 \u2013 38 ans) Concept : Cette ann\u00e9e les JJ te proposent un nouveau concept ! Nous vous donnons rendez vous \u00e0 l&rsquo;Abbaye du Mont-Ticule pour d\u00e9couvrir l&rsquo;histoire et les secrets de fabrication\u00a0 de leur bi\u00e8re d&rsquo;abbaye. Th\u00e8me :\u00a0\u201c Tout le monde sert le bon vin en [&hellip;]\" \/>\n<meta property=\"og:url\" content=\"https:\/\/www.jeunesdesaintjean.org\/index.php\/jj-we-brasserie-2025\/\" \/>\n<meta property=\"og:site_name\" content=\"Jeunes de Saint-Jean\" \/>\n<meta property=\"article:publisher\" content=\"https:\/\/www.facebook.com\/jeunesdesaintjean1?locale=fr_FR\" \/>\n<meta property=\"article:published_time\" content=\"2025-04-01T07:50:00+00:00\" \/>\n<meta property=\"article:modified_time\" content=\"2025-04-01T07:51:02+00:00\" \/>\n<meta property=\"og:image\" content=\"https:\/\/www.jeunesdesaintjean.org\/wp-content\/uploads\/2025\/04\/Poisson-Avril-2025.png\" \/>\n\t<meta property=\"og:image:width\" content=\"900\" \/>\n\t<meta property=\"og:image:height\" content=\"1200\" \/>\n\t<meta property=\"og:image:type\" content=\"image\/png\" \/>\n<meta name=\"author\" content=\"JJ\" \/>\n<meta name=\"twitter:label1\" content=\"\u00c9crit par\" \/>\n\t<meta name=\"twitter:data1\" content=\"JJ\" \/>\n\t<meta name=\"twitter:label2\" content=\"Dur\u00e9e de lecture estim\u00e9e\" \/>\n\t<meta name=\"twitter:data2\" content=\"2 minutes\" \/>\n<script type=\"application\/ld+json\" class=\"yoast-schema-graph\">{\"@context\":\"https:\/\/schema.org\",\"@graph\":[{\"@type\":\"Article\",\"@id\":\"https:\/\/www.jeunesdesaintjean.org\/index.php\/jj-we-brasserie-2025\/#article\",\"isPartOf\":{\"@id\":\"https:\/\/www.jeunesdesaintjean.org\/index.php\/jj-we-brasserie-2025\/\"},\"author\":{\"name\":\"JJ\",\"@id\":\"https:\/\/www.jeunesdesaintjean.org\/#\/schema\/person\/a4a869aa54b438384c671d21fb44e5f5\"},\"headline\":\"JJ WE Brasserie 2025\",\"datePublished\":\"2025-04-01T07:50:00+00:00\",\"dateModified\":\"2025-04-01T07:51:02+00:00\",\"mainEntityOfPage\":{\"@id\":\"https:\/\/www.jeunesdesaintjean.org\/index.php\/jj-we-brasserie-2025\/\"},\"wordCount\":158,\"publisher\":{\"@id\":\"https:\/\/www.jeunesdesaintjean.org\/#organization\"},\"image\":{\"@id\":\"https:\/\/www.jeunesdesaintjean.org\/index.php\/jj-we-brasserie-2025\/#primaryimage\"},\"thumbnailUrl\":\"https:\/\/www.jeunesdesaintjean.org\/wp-content\/uploads\/2025\/04\/Poisson-Avril-2025.png\",\"articleSection\":[\"2025\"],\"inLanguage\":\"fr-FR\"},{\"@type\":\"WebPage\",\"@id\":\"https:\/\/www.jeunesdesaintjean.org\/index.php\/jj-we-brasserie-2025\/\",\"url\":\"https:\/\/www.jeunesdesaintjean.org\/index.php\/jj-we-brasserie-2025\/\",\"name\":\"JJ WE Brasserie 2025 - Jeunes de Saint-Jean\",\"isPartOf\":{\"@id\":\"https:\/\/www.jeunesdesaintjean.org\/#website\"},\"primaryImageOfPage\":{\"@id\":\"https:\/\/www.jeunesdesaintjean.org\/index.php\/jj-we-brasserie-2025\/#primaryimage\"},\"image\":{\"@id\":\"https:\/\/www.jeunesdesaintjean.org\/index.php\/jj-we-brasserie-2025\/#primaryimage\"},\"thumbnailUrl\":\"https:\/\/www.jeunesdesaintjean.org\/wp-content\/uploads\/2025\/04\/Poisson-Avril-2025.png\",\"datePublished\":\"2025-04-01T07:50:00+00:00\",\"dateModified\":\"2025-04-01T07:51:02+00:00\",\"breadcrumb\":{\"@id\":\"https:\/\/www.jeunesdesaintjean.org\/index.php\/jj-we-brasserie-2025\/#breadcrumb\"},\"inLanguage\":\"fr-FR\",\"potentialAction\":[{\"@type\":\"ReadAction\",\"target\":[\"https:\/\/www.jeunesdesaintjean.org\/index.php\/jj-we-brasserie-2025\/\"]}]},{\"@type\":\"ImageObject\",\"inLanguage\":\"fr-FR\",\"@id\":\"https:\/\/www.jeunesdesaintjean.org\/index.php\/jj-we-brasserie-2025\/#primaryimage\",\"url\":\"https:\/\/www.jeunesdesaintjean.org\/wp-content\/uploads\/2025\/04\/Poisson-Avril-2025.png\",\"contentUrl\":\"https:\/\/www.jeunesdesaintjean.org\/wp-content\/uploads\/2025\/04\/Poisson-Avril-2025.png\",\"width\":900,\"height\":1200},{\"@type\":\"BreadcrumbList\",\"@id\":\"https:\/\/www.jeunesdesaintjean.org\/index.php\/jj-we-brasserie-2025\/#breadcrumb\",\"itemListElement\":[{\"@type\":\"ListItem\",\"position\":1,\"name\":\"Accueil\",\"item\":\"https:\/\/www.jeunesdesaintjean.org\/\"},{\"@type\":\"ListItem\",\"position\":2,\"name\":\"JJ WE Brasserie 2025\"}]},{\"@type\":\"WebSite\",\"@id\":\"https:\/\/www.jeunesdesaintjean.org\/#website\",\"url\":\"https:\/\/www.jeunesdesaintjean.org\/\",\"name\":\"Jeunes de Saint-Jean\",\"description\":\"S\u00e9jours &quot;Spi et Sport&quot; pour Jeunes professionnels catholiques !\",\"publisher\":{\"@id\":\"https:\/\/www.jeunesdesaintjean.org\/#organization\"},\"alternateName\":\"Les JJ\",\"potentialAction\":[{\"@type\":\"SearchAction\",\"target\":{\"@type\":\"EntryPoint\",\"urlTemplate\":\"https:\/\/www.jeunesdesaintjean.org\/?s={search_term_string}\"},\"query-input\":{\"@type\":\"PropertyValueSpecification\",\"valueRequired\":true,\"valueName\":\"search_term_string\"}}],\"inLanguage\":\"fr-FR\"},{\"@type\":\"Organization\",\"@id\":\"https:\/\/www.jeunesdesaintjean.org\/#organization\",\"name\":\"Jeunes de Saint-Jean\",\"url\":\"https:\/\/www.jeunesdesaintjean.org\/\",\"logo\":{\"@type\":\"ImageObject\",\"inLanguage\":\"fr-FR\",\"@id\":\"https:\/\/www.jeunesdesaintjean.org\/#\/schema\/logo\/image\/\",\"url\":\"https:\/\/www.jeunesdesaintjean.org\/wp-content\/uploads\/2024\/01\/Logo-rouge-sur-fond-transparent.png\",\"contentUrl\":\"https:\/\/www.jeunesdesaintjean.org\/wp-content\/uploads\/2024\/01\/Logo-rouge-sur-fond-transparent.png\",\"width\":1600,\"height\":1600,\"caption\":\"Jeunes de Saint-Jean\"},\"image\":{\"@id\":\"https:\/\/www.jeunesdesaintjean.org\/#\/schema\/logo\/image\/\"},\"sameAs\":[\"https:\/\/www.facebook.com\/jeunesdesaintjean1?locale=fr_FR\",\"https:\/\/www.instagram.com\/jeunesdesaintjean\/\"]},{\"@type\":\"Person\",\"@id\":\"https:\/\/www.jeunesdesaintjean.org\/#\/schema\/person\/a4a869aa54b438384c671d21fb44e5f5\",\"name\":\"JJ\",\"image\":{\"@type\":\"ImageObject\",\"inLanguage\":\"fr-FR\",\"@id\":\"https:\/\/www.jeunesdesaintjean.org\/#\/schema\/person\/image\/\",\"url\":\"https:\/\/secure.gravatar.com\/avatar\/c13a524c2fdbf9f3d56ad0f7ddff7ab038f7f8c87f8bb6f7f1991fd1cb33abaa?s=96&d=mm&r=g\",\"contentUrl\":\"https:\/\/secure.gravatar.com\/avatar\/c13a524c2fdbf9f3d56ad0f7ddff7ab038f7f8c87f8bb6f7f1991fd1cb33abaa?s=96&d=mm&r=g\",\"caption\":\"JJ\"},\"description\":\"Les JJ ou \\\"Jeunes de Saint Jean\\\" sont une association de Jeunes pros entre 23 et 35 ans, catholiques, qui organisent des activit\u00e9s adapt\u00e9es \u00e0 cette tranche d'\u00e2ge, en France surtout, depuis plus de 30 ann\u00e9es d\u00e9j\u00e0. Cette association est accompagn\u00e9e par des Fr\u00e8res et des Soeurs de Saint-Jean.\",\"sameAs\":[\"http:\/\/www.jeunesdesaintjean.org\"],\"url\":\"https:\/\/www.jeunesdesaintjean.org\/index.php\/author\/jsj\/\"}]}<\/script>\n<!-- \/ Yoast SEO plugin. -->","yoast_head_json":{"title":"JJ WE Brasserie 2025 - Jeunes de Saint-Jean","robots":{"index":"index","follow":"follow","max-snippet":"max-snippet:-1","max-image-preview":"max-image-preview:large","max-video-preview":"max-video-preview:-1"},"canonical":"https:\/\/www.jeunesdesaintjean.org\/index.php\/jj-we-brasserie-2025\/","og_locale":"fr_FR","og_type":"article","og_title":"JJ WE Brasserie 2025 - Jeunes de Saint-Jean","og_description":"INSCRIPTIONS ouvrent le 1er avril ! (Ouvert aux 25 \u2013 38 ans) Concept : Cette ann\u00e9e les JJ te proposent un nouveau concept ! Nous vous donnons rendez vous \u00e0 l&rsquo;Abbaye du Mont-Ticule pour d\u00e9couvrir l&rsquo;histoire et les secrets de fabrication\u00a0 de leur bi\u00e8re d&rsquo;abbaye. Th\u00e8me :\u00a0\u201c Tout le monde sert le bon vin en [&hellip;]","og_url":"https:\/\/www.jeunesdesaintjean.org\/index.php\/jj-we-brasserie-2025\/","og_site_name":"Jeunes de Saint-Jean","article_publisher":"https:\/\/www.facebook.com\/jeunesdesaintjean1?locale=fr_FR","article_published_time":"2025-04-01T07:50:00+00:00","article_modified_time":"2025-04-01T07:51:02+00:00","og_image":[{"width":900,"height":1200,"url":"https:\/\/www.jeunesdesaintjean.org\/wp-content\/uploads\/2025\/04\/Poisson-Avril-2025.png","type":"image\/png"}],"author":"JJ","twitter_misc":{"\u00c9crit par":"JJ","Dur\u00e9e de lecture estim\u00e9e":"2 minutes"},"schema":{"@context":"https:\/\/schema.org","@graph":[{"@type":"Article","@id":"https:\/\/www.jeunesdesaintjean.org\/index.php\/jj-we-brasserie-2025\/#article","isPartOf":{"@id":"https:\/\/www.jeunesdesaintjean.org\/index.php\/jj-we-brasserie-2025\/"},"author":{"name":"JJ","@id":"https:\/\/www.jeunesdesaintjean.org\/#\/schema\/person\/a4a869aa54b438384c671d21fb44e5f5"},"headline":"JJ WE Brasserie 2025","datePublished":"2025-04-01T07:50:00+00:00","dateModified":"2025-04-01T07:51:02+00:00","mainEntityOfPage":{"@id":"https:\/\/www.jeunesdesaintjean.org\/index.php\/jj-we-brasserie-2025\/"},"wordCount":158,"publisher":{"@id":"https:\/\/www.jeunesdesaintjean.org\/#organization"},"image":{"@id":"https:\/\/www.jeunesdesaintjean.org\/index.php\/jj-we-brasserie-2025\/#primaryimage"},"thumbnailUrl":"https:\/\/www.jeunesdesaintjean.org\/wp-content\/uploads\/2025\/04\/Poisson-Avril-2025.png","articleSection":["2025"],"inLanguage":"fr-FR"},{"@type":"WebPage","@id":"https:\/\/www.jeunesdesaintjean.org\/index.php\/jj-we-brasserie-2025\/","url":"https:\/\/www.jeunesdesaintjean.org\/index.php\/jj-we-brasserie-2025\/","name":"JJ WE Brasserie 2025 - Jeunes de Saint-Jean","isPartOf":{"@id":"https:\/\/www.jeunesdesaintjean.org\/#website"},"primaryImageOfPage":{"@id":"https:\/\/www.jeunesdesaintjean.org\/index.php\/jj-we-brasserie-2025\/#primaryimage"},"image":{"@id":"https:\/\/www.jeunesdesaintjean.org\/index.php\/jj-we-brasserie-2025\/#primaryimage"},"thumbnailUrl":"https:\/\/www.jeunesdesaintjean.org\/wp-content\/uploads\/2025\/04\/Poisson-Avril-2025.png","datePublished":"2025-04-01T07:50:00+00:00","dateModified":"2025-04-01T07:51:02+00:00","breadcrumb":{"@id":"https:\/\/www.jeunesdesaintjean.org\/index.php\/jj-we-brasserie-2025\/#breadcrumb"},"inLanguage":"fr-FR","potentialAction":[{"@type":"ReadAction","target":["https:\/\/www.jeunesdesaintjean.org\/index.php\/jj-we-brasserie-2025\/"]}]},{"@type":"ImageObject","inLanguage":"fr-FR","@id":"https:\/\/www.jeunesdesaintjean.org\/index.php\/jj-we-brasserie-2025\/#primaryimage","url":"https:\/\/www.jeunesdesaintjean.org\/wp-content\/uploads\/2025\/04\/Poisson-Avril-2025.png","contentUrl":"https:\/\/www.jeunesdesaintjean.org\/wp-content\/uploads\/2025\/04\/Poisson-Avril-2025.png","width":900,"height":1200},{"@type":"BreadcrumbList","@id":"https:\/\/www.jeunesdesaintjean.org\/index.php\/jj-we-brasserie-2025\/#breadcrumb","itemListElement":[{"@type":"ListItem","position":1,"name":"Accueil","item":"https:\/\/www.jeunesdesaintjean.org\/"},{"@type":"ListItem","position":2,"name":"JJ WE Brasserie 2025"}]},{"@type":"WebSite","@id":"https:\/\/www.jeunesdesaintjean.org\/#website","url":"https:\/\/www.jeunesdesaintjean.org\/","name":"Jeunes de Saint-Jean","description":"S\u00e9jours &quot;Spi et Sport&quot; pour Jeunes professionnels catholiques !","publisher":{"@id":"https:\/\/www.jeunesdesaintjean.org\/#organization"},"alternateName":"Les JJ","potentialAction":[{"@type":"SearchAction","target":{"@type":"EntryPoint","urlTemplate":"https:\/\/www.jeunesdesaintjean.org\/?s={search_term_string}"},"query-input":{"@type":"PropertyValueSpecification","valueRequired":true,"valueName":"search_term_string"}}],"inLanguage":"fr-FR"},{"@type":"Organization","@id":"https:\/\/www.jeunesdesaintjean.org\/#organization","name":"Jeunes de Saint-Jean","url":"https:\/\/www.jeunesdesaintjean.org\/","logo":{"@type":"ImageObject","inLanguage":"fr-FR","@id":"https:\/\/www.jeunesdesaintjean.org\/#\/schema\/logo\/image\/","url":"https:\/\/www.jeunesdesaintjean.org\/wp-content\/uploads\/2024\/01\/Logo-rouge-sur-fond-transparent.png","contentUrl":"https:\/\/www.jeunesdesaintjean.org\/wp-content\/uploads\/2024\/01\/Logo-rouge-sur-fond-transparent.png","width":1600,"height":1600,"caption":"Jeunes de Saint-Jean"},"image":{"@id":"https:\/\/www.jeunesdesaintjean.org\/#\/schema\/logo\/image\/"},"sameAs":["https:\/\/www.facebook.com\/jeunesdesaintjean1?locale=fr_FR","https:\/\/www.instagram.com\/jeunesdesaintjean\/"]},{"@type":"Person","@id":"https:\/\/www.jeunesdesaintjean.org\/#\/schema\/person\/a4a869aa54b438384c671d21fb44e5f5","name":"JJ","image":{"@type":"ImageObject","inLanguage":"fr-FR","@id":"https:\/\/www.jeunesdesaintjean.org\/#\/schema\/person\/image\/","url":"https:\/\/secure.gravatar.com\/avatar\/c13a524c2fdbf9f3d56ad0f7ddff7ab038f7f8c87f8bb6f7f1991fd1cb33abaa?s=96&d=mm&r=g","contentUrl":"https:\/\/secure.gravatar.com\/avatar\/c13a524c2fdbf9f3d56ad0f7ddff7ab038f7f8c87f8bb6f7f1991fd1cb33abaa?s=96&d=mm&r=g","caption":"JJ"},"description":"Les JJ ou \"Jeunes de Saint Jean\" sont une association de Jeunes pros entre 23 et 35 ans, catholiques, qui organisent des activit\u00e9s adapt\u00e9es \u00e0 cette tranche d'\u00e2ge, en France surtout, depuis plus de 30 ann\u00e9es d\u00e9j\u00e0. Cette association est accompagn\u00e9e par des Fr\u00e8res et des Soeurs de Saint-Jean.","sameAs":["http:\/\/www.jeunesdesaintjean.org"],"url":"https:\/\/www.jeunesdesaintjean.org\/index.php\/author\/jsj\/"}]}},"jetpack_featured_media_url":"https:\/\/www.jeunesdesaintjean.org\/wp-content\/uploads\/2025\/04\/Poisson-Avril-2025.png","jetpack_sharing_enabled":true,"jetpack_shortlink":"https:\/\/wp.me\/p7zN5T-14U","_links":{"self":[{"href":"https:\/\/www.jeunesdesaintjean.org\/index.php\/wp-json\/wp\/v2\/posts\/4148","targetHints":{"allow":["GET"]}}],"collection":[{"href":"https:\/\/www.jeunesdesaintjean.org\/index.php\/wp-json\/wp\/v2\/posts"}],"about":[{"href":"https:\/\/www.jeunesdesaintjean.org\/index.php\/wp-json\/wp\/v2\/types\/post"}],"author":[{"embeddable":true,"href":"https:\/\/www.jeunesdesaintjean.org\/index.php\/wp-json\/wp\/v2\/users\/1"}],"replies":[{"embeddable":true,"href":"https:\/\/www.jeunesdesaintjean.org\/index.php\/wp-json\/wp\/v2\/comments?post=4148"}],"version-history":[{"count":3,"href":"https:\/\/www.jeunesdesaintjean.org\/index.php\/wp-json\/wp\/v2\/posts\/4148\/revisions"}],"predecessor-version":[{"id":4152,"href":"https:\/\/www.jeunesdesaintjean.org\/index.php\/wp-json\/wp\/v2\/posts\/4148\/revisions\/4152"}],"wp:featuredmedia":[{"embeddable":true,"href":"https:\/\/www.jeunesdesaintjean.org\/index.php\/wp-json\/wp\/v2\/media\/4149"}],"wp:attachment":[{"href":"https:\/\/www.jeunesdesaintjean.org\/index.php\/wp-json\/wp\/v2\/media?parent=4148"}],"wp:term":[{"taxonomy":"category","embeddable":true,"href":"https:\/\/www.jeunesdesaintjean.org\/index.php\/wp-json\/wp\/v2\/categories?post=4148"},{"taxonomy":"post_tag","embeddable":true,"href":"https:\/\/www.jeunesdesaintjean.org\/index.php\/wp-json\/wp\/v2\/tags?post=4148"}],"curies":[{"name":"wp","href":"https:\/\/api.w.org\/{rel}","templated":true}]}}