{"id":3698,"date":"2024-02-23T17:23:32","date_gmt":"2024-02-23T15:23:32","guid":{"rendered":"https:\/\/www.jeunesdesaintjean.org\/?p=3698"},"modified":"2024-09-04T19:28:57","modified_gmt":"2024-09-04T17:28:57","slug":"sejour-jj-desert-2024","status":"publish","type":"post","link":"https:\/\/www.jeunesdesaintjean.org\/index.php\/sejour-jj-desert-2024\/","title":{"rendered":"JJ s\u00e9jour D\u00e9sert 2024"},"content":{"rendered":"<h4 style=\"text-align: center;\"><strong><span style=\"color: #ff0000;\">NOUS SOMMES COMPLET !<\/span><\/strong><\/h4>\n<p><strong><br \/>\nConcept<\/strong> :<br \/>\nUne semaine de retraite, une parenth\u00e8se au d\u00e9sert, entre Jeunes Professionnels Catho &#8230; cela te tente ?<br \/>\nGuid\u00e9s par des nomades berb\u00e8res, accompagn\u00e9s de leurs fid\u00e8les dromadaires nous partirons \u00e0 la d\u00e9couverte du d\u00e9sert : travers\u00e9e des dunes, plateaux oueds, regs.. paysages grandioses, calmes, un ensoleillement incomparable, sans oublier un ciel \u00e9toil\u00e9 \u00e0 couper le souffle !<\/p>\n<p><strong>Dates :<\/strong> du 28 septembre au 5 octobre 2024<\/p>\n<p><strong>Lieu<\/strong> :<br \/>\nAu d\u00e9part de Marrakech, nous rejoindrons le Sud du Maroc en direction du d\u00e9sert, de ses dunes, ses palmeraies ainsi que ses oasis !<\/p>\n<p><strong>Accompagnement<\/strong> : Fr\u00e8res de Saint-Jean : P\u00e8re Gabriel Hibon et Fr\u00e8re Pacifique<\/p>\n<p><strong>Niveau sportif<\/strong> : doit \u00eatre \u00ab correct \u00bb (environ 5h de marche par jour)<\/p>\n<p><strong>Programme<\/strong> :<br \/>\nA notre arriv\u00e9e \u00e0 Marrakech nous serons pris en charge par une agence de voyage, ensuite, apr\u00e8s une nuit en Riad, nous serons accompagn\u00e9s dans le Sud du pays pour rejoindre le D\u00e9sert o\u00f9 nous marcherons 4 jours, guid\u00e9s par une Caravane Nomade. Nous passerons notre derni\u00e8re nuit dans un Riad \u00e0 Marrakech puis nous rentrerons chez nous. <strong>Aucun d\u00e9part anticip\u00e9 ou arriv\u00e9 d\u00e9cal\u00e9e ne sera possible.<br \/>\n<\/strong><\/p>\n<p>Cette marche au D\u00e9sert est aussi une aventure Spirituelle, gr\u00e2ce \u00e0 la pr\u00e9sence de la famille Saint Jean \u00e0 nos c\u00f4t\u00e9s, nous vivrons la Messe tous les jours ainsi que des temps d&rsquo;enseignements, de partage, d&rsquo;adoration et une heure de marche en silence par jour.<\/p>\n<p><strong>Trajet :\u00a0<\/strong><br \/>\nLes trajets Aller \/ Retour sont \u00e0 votre charge. Vous laissant ainsi libre de partir de l&rsquo;a\u00e9roport le plus proche de chez vous.<\/p>\n<p><strong>Nombre de participants<\/strong> : 24<\/p>\n<p><strong>Prix<\/strong> : 550 \u20ac<br \/>\nPension compl\u00e8te (hors extra individuel)<br \/>\nLe vol A\/R vers Marrakech, et *l&rsquo;assurance rapatriement* ne sont pas inclus dans le prix du s\u00e9jour.<br \/>\n<em>(Possibilit\u00e9 de payer en 2 fois avec le code 2FOIS)<\/em><\/p>\n<p>*L&rsquo;assurance rapatriement* est incluse avec certaines cartes bancaire (type visa), elle peut aussi \u00eatre incluse dans vos assurances personnelle, nous vous invitons \u00e0 vous tourner vers votre banque et votre compagnie d&rsquo;assurance pour v\u00e9rifier que vous \u00eates couvert et au besoin souscrire \u00e0 une assurance rapatriement.<\/p>\n<p><strong>Contact<\/strong>\u00a0:\u00a0<a href=\"mailto:campsjj@gmail.com\" target=\"_blank\" rel=\"noopener noreferrer\">campsjj@gmail.com<\/a><\/p>\n<p><strong><em>I<\/em><\/strong><strong><em>n<\/em><em>scriptions r\u00e9serv\u00e9es aux jeunes professionnels de 25 \u2013 38 ans\u00a0<\/em><\/strong><\/p>\n<p><strong><em>Inscription (paiement) :<span style=\"color: #ff0000;\"> COMPLET !!<\/span><\/em><\/strong><strong><em><span style=\"color: #ff0000;\"><br \/>\n<\/span><\/em><\/strong>(possibilit\u00e9 de payer en 2 fois avec le code 2FOIS)<strong><em><span style=\"color: #ff0000;\"><br \/>\n<\/span><\/em><\/strong><i>! Possibilit\u00e9 de modifier les frais d\u2019HelloAsso \u00e0 0\u20ac en cliquant sur<\/i><b><i>\u00a0Modifier\u00a0<\/i><\/b><i>!<\/i><\/p>\n<p><strong>AVANT DE T&rsquo;INSCRIRE :<\/strong><br \/>\n<span style=\"color: #ff0000;\">&#8211; v\u00e9rifie ton passeport !!! et s&rsquo;il n&rsquo;est pas \u00e0 jour ne perds pas de temps pour le renouveler !\u00a0<\/span><\/p>\n<p><strong>DOCUMENTS UTILES<br \/>\n<\/strong>\u2013 Conditions d\u2019annulation :\u00a0<a href=\"https:\/\/drive.google.com\/file\/d\/1ODdxnKLtykADDbK8TjU6TsI38kN13c9R\/view?usp=sharing\"><strong>ici<\/strong><\/a><br \/>\n\u2013 Fiche sanitaire :<strong>\u00a0<a href=\"https:\/\/drive.google.com\/file\/d\/1bOW-cu3PD0_uxOk7o6XiiWsqp-4xxXc3\/view?usp=drive_link\">ici<\/a><\/strong><br \/>\n\u2013 Foire aux questions :<strong> <a href=\"https:\/\/drive.google.com\/file\/d\/1Nmk1Y0elbZDbSp-xJjIv8llakkrCPGL6\/view?usp=drive_link\">ici<\/a><\/strong><\/p>\n<div id=\"age-checker-block\" style=\"width:initial;height:initial\">\n\t\t<h3>Age minimum requis<\/h3>\n\t\t<div id=\"answerDoBMin\"><b>D\u00e9sol\u00e9, nous pensons que tu es un peu jeune pour ce s\u00e9jour, n'h\u00e9sites pas \u00e0 nous contacter pour que nous puissions en discuter<\/b><\/div>\n\t\t<div id=\"answerDoBMax\"><b>D\u00e9sol\u00e9, ce s\u00e9jour est r\u00e9serv\u00e9 \u00e0 des participants un peu plus jeune<\/b><\/div>\n\t\t<div id=\"inputDoB\">\n\t\t\t<form action=\".\/#\" id=\"formDoB\">\n\t\t\t\t<p>Merci d'indiquer votre date de naissance<\/p>\n\t\t\t\t<input type=\"date\" value=\"\" id=\"doBValue\" name=\"date_of_birth\" title=\"Votre date de naissance\" required>\n\t\t\t\t<button type=\"submit\">Valider<\/button>\n\t\t\t<\/form>\n\t\t<\/div>\n\t<\/div>\n<p><span style=\"color: #ffffff;\">Jeunes professionnels D\u00e9sert Jeunes professionnels D\u00e9sert Jeunes professionnels<\/span><\/p>\n<p><iframe id=\"haWidget\" style=\"width: 100%; height: 70px; border: none;\" src=\"https:\/\/www.helloasso.com\/associations\/jeunes-de-st-jean\/evenements\/jj-sejour-desert-2024\/widget-bouton\"><\/iframe><\/p>\n","protected":false},"excerpt":{"rendered":"<p>NOUS SOMMES COMPLET ! Concept : Une semaine de retraite, une parenth\u00e8se au d\u00e9sert, entre Jeunes Professionnels Catho &#8230; cela te tente ? Guid\u00e9s par des nomades berb\u00e8res, accompagn\u00e9s de leurs fid\u00e8les dromadaires nous partirons \u00e0 la d\u00e9couverte du d\u00e9sert : travers\u00e9e des dunes, plateaux oueds, regs.. paysages grandioses, calmes, un ensoleillement incomparable, sans oublier [&hellip;]<\/p>\n","protected":false},"author":1,"featured_media":3838,"comment_status":"closed","ping_status":"open","sticky":false,"template":"","format":"standard","meta":{"_jetpack_newsletter_access":"","_jetpack_dont_email_post_to_subs":false,"_jetpack_newsletter_tier_id":0,"_jetpack_memberships_contains_paywalled_content":false,"two_page_speed":[],"_jetpack_memberships_contains_paid_content":false,"footnotes":""},"categories":[15],"tags":[189,186],"class_list":["post-3698","post","type-post","status-publish","format-standard","has-post-thumbnail","hentry","category-hors-frontieres","tag-desert","tag-sejours-2024"],"yoast_head":"<!-- This site is optimized with the Yoast SEO plugin v27.0 - https:\/\/yoast.com\/product\/yoast-seo-wordpress\/ -->\n<title>JJ s\u00e9jour D\u00e9sert - Jeunes professionnels (25 - 38 ans)<\/title>\n<meta name=\"description\" content=\"Une semaine &quot;Spi&quot; dans le D\u00e9sert pour les jeunes professionnels catholique de 25 \u00e0 38 ans avec les Jeunes de Saint-Jean !\" \/>\n<meta name=\"robots\" content=\"index, follow, max-snippet:-1, max-image-preview:large, max-video-preview:-1\" \/>\n<link rel=\"canonical\" href=\"https:\/\/www.jeunesdesaintjean.org\/index.php\/sejour-jj-desert-2024\/\" \/>\n<meta property=\"og:locale\" content=\"fr_FR\" \/>\n<meta property=\"og:type\" content=\"article\" \/>\n<meta property=\"og:title\" content=\"JJ s\u00e9jour D\u00e9sert - Jeunes professionnels (25 - 38 ans)\" \/>\n<meta property=\"og:description\" content=\"Une semaine &quot;Spi&quot; dans le D\u00e9sert pour les jeunes professionnels catholique de 25 \u00e0 38 ans avec les Jeunes de Saint-Jean !\" \/>\n<meta property=\"og:url\" content=\"https:\/\/www.jeunesdesaintjean.org\/index.php\/sejour-jj-desert-2024\/\" \/>\n<meta property=\"og:site_name\" content=\"Jeunes de Saint-Jean\" \/>\n<meta property=\"article:publisher\" content=\"https:\/\/www.facebook.com\/jeunesdesaintjean1?locale=fr_FR\" \/>\n<meta property=\"article:published_time\" content=\"2024-02-23T15:23:32+00:00\" \/>\n<meta property=\"article:modified_time\" content=\"2024-09-04T17:28:57+00:00\" \/>\n<meta property=\"og:image\" content=\"https:\/\/www.jeunesdesaintjean.org\/wp-content\/uploads\/2024\/02\/Tract-Sejour-Desert.png\" \/>\n\t<meta property=\"og:image:width\" content=\"900\" \/>\n\t<meta property=\"og:image:height\" content=\"1200\" \/>\n\t<meta property=\"og:image:type\" content=\"image\/png\" \/>\n<meta name=\"author\" content=\"JJ\" \/>\n<meta name=\"twitter:label1\" content=\"\u00c9crit par\" \/>\n\t<meta name=\"twitter:data1\" content=\"JJ\" \/>\n\t<meta name=\"twitter:label2\" content=\"Dur\u00e9e de lecture estim\u00e9e\" \/>\n\t<meta name=\"twitter:data2\" content=\"3 minutes\" \/>\n<script type=\"application\/ld+json\" class=\"yoast-schema-graph\">{\"@context\":\"https:\/\/schema.org\",\"@graph\":[{\"@type\":\"Article\",\"@id\":\"https:\/\/www.jeunesdesaintjean.org\/index.php\/sejour-jj-desert-2024\/#article\",\"isPartOf\":{\"@id\":\"https:\/\/www.jeunesdesaintjean.org\/index.php\/sejour-jj-desert-2024\/\"},\"author\":{\"name\":\"JJ\",\"@id\":\"https:\/\/www.jeunesdesaintjean.org\/#\/schema\/person\/a4a869aa54b438384c671d21fb44e5f5\"},\"headline\":\"JJ s\u00e9jour D\u00e9sert 2024\",\"datePublished\":\"2024-02-23T15:23:32+00:00\",\"dateModified\":\"2024-09-04T17:28:57+00:00\",\"mainEntityOfPage\":{\"@id\":\"https:\/\/www.jeunesdesaintjean.org\/index.php\/sejour-jj-desert-2024\/\"},\"wordCount\":482,\"publisher\":{\"@id\":\"https:\/\/www.jeunesdesaintjean.org\/#organization\"},\"image\":{\"@id\":\"https:\/\/www.jeunesdesaintjean.org\/index.php\/sejour-jj-desert-2024\/#primaryimage\"},\"thumbnailUrl\":\"https:\/\/www.jeunesdesaintjean.org\/wp-content\/uploads\/2024\/02\/Tract-Sejour-Desert.png\",\"keywords\":[\"D\u00e9sert\",\"S\u00e9jour 2024\"],\"articleSection\":[\"Hors fronti\u00e8res\"],\"inLanguage\":\"fr-FR\"},{\"@type\":\"WebPage\",\"@id\":\"https:\/\/www.jeunesdesaintjean.org\/index.php\/sejour-jj-desert-2024\/\",\"url\":\"https:\/\/www.jeunesdesaintjean.org\/index.php\/sejour-jj-desert-2024\/\",\"name\":\"JJ s\u00e9jour D\u00e9sert - Jeunes professionnels (25 - 38 ans)\",\"isPartOf\":{\"@id\":\"https:\/\/www.jeunesdesaintjean.org\/#website\"},\"primaryImageOfPage\":{\"@id\":\"https:\/\/www.jeunesdesaintjean.org\/index.php\/sejour-jj-desert-2024\/#primaryimage\"},\"image\":{\"@id\":\"https:\/\/www.jeunesdesaintjean.org\/index.php\/sejour-jj-desert-2024\/#primaryimage\"},\"thumbnailUrl\":\"https:\/\/www.jeunesdesaintjean.org\/wp-content\/uploads\/2024\/02\/Tract-Sejour-Desert.png\",\"datePublished\":\"2024-02-23T15:23:32+00:00\",\"dateModified\":\"2024-09-04T17:28:57+00:00\",\"description\":\"Une semaine \\\"Spi\\\" dans le D\u00e9sert pour les jeunes professionnels catholique de 25 \u00e0 38 ans avec les Jeunes de Saint-Jean !\",\"breadcrumb\":{\"@id\":\"https:\/\/www.jeunesdesaintjean.org\/index.php\/sejour-jj-desert-2024\/#breadcrumb\"},\"inLanguage\":\"fr-FR\",\"potentialAction\":[{\"@type\":\"ReadAction\",\"target\":[\"https:\/\/www.jeunesdesaintjean.org\/index.php\/sejour-jj-desert-2024\/\"]}]},{\"@type\":\"ImageObject\",\"inLanguage\":\"fr-FR\",\"@id\":\"https:\/\/www.jeunesdesaintjean.org\/index.php\/sejour-jj-desert-2024\/#primaryimage\",\"url\":\"https:\/\/www.jeunesdesaintjean.org\/wp-content\/uploads\/2024\/02\/Tract-Sejour-Desert.png\",\"contentUrl\":\"https:\/\/www.jeunesdesaintjean.org\/wp-content\/uploads\/2024\/02\/Tract-Sejour-Desert.png\",\"width\":900,\"height\":1200,\"caption\":\"Affiche s\u00e9jour JJ d\u00e9sert - jeunes professionnels 25 - 35 ans\"},{\"@type\":\"BreadcrumbList\",\"@id\":\"https:\/\/www.jeunesdesaintjean.org\/index.php\/sejour-jj-desert-2024\/#breadcrumb\",\"itemListElement\":[{\"@type\":\"ListItem\",\"position\":1,\"name\":\"Accueil\",\"item\":\"https:\/\/www.jeunesdesaintjean.org\/\"},{\"@type\":\"ListItem\",\"position\":2,\"name\":\"JJ s\u00e9jour D\u00e9sert 2024\"}]},{\"@type\":\"WebSite\",\"@id\":\"https:\/\/www.jeunesdesaintjean.org\/#website\",\"url\":\"https:\/\/www.jeunesdesaintjean.org\/\",\"name\":\"Jeunes de Saint-Jean\",\"description\":\"S\u00e9jours &quot;Spi et Sport&quot; pour Jeunes professionnels catholiques !\",\"publisher\":{\"@id\":\"https:\/\/www.jeunesdesaintjean.org\/#organization\"},\"alternateName\":\"Les JJ\",\"potentialAction\":[{\"@type\":\"SearchAction\",\"target\":{\"@type\":\"EntryPoint\",\"urlTemplate\":\"https:\/\/www.jeunesdesaintjean.org\/?s={search_term_string}\"},\"query-input\":{\"@type\":\"PropertyValueSpecification\",\"valueRequired\":true,\"valueName\":\"search_term_string\"}}],\"inLanguage\":\"fr-FR\"},{\"@type\":\"Organization\",\"@id\":\"https:\/\/www.jeunesdesaintjean.org\/#organization\",\"name\":\"Jeunes de Saint-Jean\",\"url\":\"https:\/\/www.jeunesdesaintjean.org\/\",\"logo\":{\"@type\":\"ImageObject\",\"inLanguage\":\"fr-FR\",\"@id\":\"https:\/\/www.jeunesdesaintjean.org\/#\/schema\/logo\/image\/\",\"url\":\"https:\/\/www.jeunesdesaintjean.org\/wp-content\/uploads\/2024\/01\/Logo-rouge-sur-fond-transparent.png\",\"contentUrl\":\"https:\/\/www.jeunesdesaintjean.org\/wp-content\/uploads\/2024\/01\/Logo-rouge-sur-fond-transparent.png\",\"width\":1600,\"height\":1600,\"caption\":\"Jeunes de Saint-Jean\"},\"image\":{\"@id\":\"https:\/\/www.jeunesdesaintjean.org\/#\/schema\/logo\/image\/\"},\"sameAs\":[\"https:\/\/www.facebook.com\/jeunesdesaintjean1?locale=fr_FR\",\"https:\/\/www.instagram.com\/jeunesdesaintjean\/\"]},{\"@type\":\"Person\",\"@id\":\"https:\/\/www.jeunesdesaintjean.org\/#\/schema\/person\/a4a869aa54b438384c671d21fb44e5f5\",\"name\":\"JJ\",\"image\":{\"@type\":\"ImageObject\",\"inLanguage\":\"fr-FR\",\"@id\":\"https:\/\/www.jeunesdesaintjean.org\/#\/schema\/person\/image\/\",\"url\":\"https:\/\/secure.gravatar.com\/avatar\/c13a524c2fdbf9f3d56ad0f7ddff7ab038f7f8c87f8bb6f7f1991fd1cb33abaa?s=96&d=mm&r=g\",\"contentUrl\":\"https:\/\/secure.gravatar.com\/avatar\/c13a524c2fdbf9f3d56ad0f7ddff7ab038f7f8c87f8bb6f7f1991fd1cb33abaa?s=96&d=mm&r=g\",\"caption\":\"JJ\"},\"description\":\"Les JJ ou \\\"Jeunes de Saint Jean\\\" sont une association de Jeunes pros entre 23 et 35 ans, catholiques, qui organisent des activit\u00e9s adapt\u00e9es \u00e0 cette tranche d'\u00e2ge, en France surtout, depuis plus de 30 ann\u00e9es d\u00e9j\u00e0. Cette association est accompagn\u00e9e par des Fr\u00e8res et des Soeurs de Saint-Jean.\",\"sameAs\":[\"http:\/\/www.jeunesdesaintjean.org\"],\"url\":\"https:\/\/www.jeunesdesaintjean.org\/index.php\/author\/jsj\/\"}]}<\/script>\n<!-- \/ Yoast SEO plugin. -->","yoast_head_json":{"title":"JJ s\u00e9jour D\u00e9sert - Jeunes professionnels (25 - 38 ans)","description":"Une semaine \"Spi\" dans le D\u00e9sert pour les jeunes professionnels catholique de 25 \u00e0 38 ans avec les Jeunes de Saint-Jean !","robots":{"index":"index","follow":"follow","max-snippet":"max-snippet:-1","max-image-preview":"max-image-preview:large","max-video-preview":"max-video-preview:-1"},"canonical":"https:\/\/www.jeunesdesaintjean.org\/index.php\/sejour-jj-desert-2024\/","og_locale":"fr_FR","og_type":"article","og_title":"JJ s\u00e9jour D\u00e9sert - Jeunes professionnels (25 - 38 ans)","og_description":"Une semaine \"Spi\" dans le D\u00e9sert pour les jeunes professionnels catholique de 25 \u00e0 38 ans avec les Jeunes de Saint-Jean !","og_url":"https:\/\/www.jeunesdesaintjean.org\/index.php\/sejour-jj-desert-2024\/","og_site_name":"Jeunes de Saint-Jean","article_publisher":"https:\/\/www.facebook.com\/jeunesdesaintjean1?locale=fr_FR","article_published_time":"2024-02-23T15:23:32+00:00","article_modified_time":"2024-09-04T17:28:57+00:00","og_image":[{"width":900,"height":1200,"url":"https:\/\/www.jeunesdesaintjean.org\/wp-content\/uploads\/2024\/02\/Tract-Sejour-Desert.png","type":"image\/png"}],"author":"JJ","twitter_misc":{"\u00c9crit par":"JJ","Dur\u00e9e de lecture estim\u00e9e":"3 minutes"},"schema":{"@context":"https:\/\/schema.org","@graph":[{"@type":"Article","@id":"https:\/\/www.jeunesdesaintjean.org\/index.php\/sejour-jj-desert-2024\/#article","isPartOf":{"@id":"https:\/\/www.jeunesdesaintjean.org\/index.php\/sejour-jj-desert-2024\/"},"author":{"name":"JJ","@id":"https:\/\/www.jeunesdesaintjean.org\/#\/schema\/person\/a4a869aa54b438384c671d21fb44e5f5"},"headline":"JJ s\u00e9jour D\u00e9sert 2024","datePublished":"2024-02-23T15:23:32+00:00","dateModified":"2024-09-04T17:28:57+00:00","mainEntityOfPage":{"@id":"https:\/\/www.jeunesdesaintjean.org\/index.php\/sejour-jj-desert-2024\/"},"wordCount":482,"publisher":{"@id":"https:\/\/www.jeunesdesaintjean.org\/#organization"},"image":{"@id":"https:\/\/www.jeunesdesaintjean.org\/index.php\/sejour-jj-desert-2024\/#primaryimage"},"thumbnailUrl":"https:\/\/www.jeunesdesaintjean.org\/wp-content\/uploads\/2024\/02\/Tract-Sejour-Desert.png","keywords":["D\u00e9sert","S\u00e9jour 2024"],"articleSection":["Hors fronti\u00e8res"],"inLanguage":"fr-FR"},{"@type":"WebPage","@id":"https:\/\/www.jeunesdesaintjean.org\/index.php\/sejour-jj-desert-2024\/","url":"https:\/\/www.jeunesdesaintjean.org\/index.php\/sejour-jj-desert-2024\/","name":"JJ s\u00e9jour D\u00e9sert - Jeunes professionnels (25 - 38 ans)","isPartOf":{"@id":"https:\/\/www.jeunesdesaintjean.org\/#website"},"primaryImageOfPage":{"@id":"https:\/\/www.jeunesdesaintjean.org\/index.php\/sejour-jj-desert-2024\/#primaryimage"},"image":{"@id":"https:\/\/www.jeunesdesaintjean.org\/index.php\/sejour-jj-desert-2024\/#primaryimage"},"thumbnailUrl":"https:\/\/www.jeunesdesaintjean.org\/wp-content\/uploads\/2024\/02\/Tract-Sejour-Desert.png","datePublished":"2024-02-23T15:23:32+00:00","dateModified":"2024-09-04T17:28:57+00:00","description":"Une semaine \"Spi\" dans le D\u00e9sert pour les jeunes professionnels catholique de 25 \u00e0 38 ans avec les Jeunes de Saint-Jean !","breadcrumb":{"@id":"https:\/\/www.jeunesdesaintjean.org\/index.php\/sejour-jj-desert-2024\/#breadcrumb"},"inLanguage":"fr-FR","potentialAction":[{"@type":"ReadAction","target":["https:\/\/www.jeunesdesaintjean.org\/index.php\/sejour-jj-desert-2024\/"]}]},{"@type":"ImageObject","inLanguage":"fr-FR","@id":"https:\/\/www.jeunesdesaintjean.org\/index.php\/sejour-jj-desert-2024\/#primaryimage","url":"https:\/\/www.jeunesdesaintjean.org\/wp-content\/uploads\/2024\/02\/Tract-Sejour-Desert.png","contentUrl":"https:\/\/www.jeunesdesaintjean.org\/wp-content\/uploads\/2024\/02\/Tract-Sejour-Desert.png","width":900,"height":1200,"caption":"Affiche s\u00e9jour JJ d\u00e9sert - jeunes professionnels 25 - 35 ans"},{"@type":"BreadcrumbList","@id":"https:\/\/www.jeunesdesaintjean.org\/index.php\/sejour-jj-desert-2024\/#breadcrumb","itemListElement":[{"@type":"ListItem","position":1,"name":"Accueil","item":"https:\/\/www.jeunesdesaintjean.org\/"},{"@type":"ListItem","position":2,"name":"JJ s\u00e9jour D\u00e9sert 2024"}]},{"@type":"WebSite","@id":"https:\/\/www.jeunesdesaintjean.org\/#website","url":"https:\/\/www.jeunesdesaintjean.org\/","name":"Jeunes de Saint-Jean","description":"S\u00e9jours &quot;Spi et Sport&quot; pour Jeunes professionnels catholiques !","publisher":{"@id":"https:\/\/www.jeunesdesaintjean.org\/#organization"},"alternateName":"Les JJ","potentialAction":[{"@type":"SearchAction","target":{"@type":"EntryPoint","urlTemplate":"https:\/\/www.jeunesdesaintjean.org\/?s={search_term_string}"},"query-input":{"@type":"PropertyValueSpecification","valueRequired":true,"valueName":"search_term_string"}}],"inLanguage":"fr-FR"},{"@type":"Organization","@id":"https:\/\/www.jeunesdesaintjean.org\/#organization","name":"Jeunes de Saint-Jean","url":"https:\/\/www.jeunesdesaintjean.org\/","logo":{"@type":"ImageObject","inLanguage":"fr-FR","@id":"https:\/\/www.jeunesdesaintjean.org\/#\/schema\/logo\/image\/","url":"https:\/\/www.jeunesdesaintjean.org\/wp-content\/uploads\/2024\/01\/Logo-rouge-sur-fond-transparent.png","contentUrl":"https:\/\/www.jeunesdesaintjean.org\/wp-content\/uploads\/2024\/01\/Logo-rouge-sur-fond-transparent.png","width":1600,"height":1600,"caption":"Jeunes de Saint-Jean"},"image":{"@id":"https:\/\/www.jeunesdesaintjean.org\/#\/schema\/logo\/image\/"},"sameAs":["https:\/\/www.facebook.com\/jeunesdesaintjean1?locale=fr_FR","https:\/\/www.instagram.com\/jeunesdesaintjean\/"]},{"@type":"Person","@id":"https:\/\/www.jeunesdesaintjean.org\/#\/schema\/person\/a4a869aa54b438384c671d21fb44e5f5","name":"JJ","image":{"@type":"ImageObject","inLanguage":"fr-FR","@id":"https:\/\/www.jeunesdesaintjean.org\/#\/schema\/person\/image\/","url":"https:\/\/secure.gravatar.com\/avatar\/c13a524c2fdbf9f3d56ad0f7ddff7ab038f7f8c87f8bb6f7f1991fd1cb33abaa?s=96&d=mm&r=g","contentUrl":"https:\/\/secure.gravatar.com\/avatar\/c13a524c2fdbf9f3d56ad0f7ddff7ab038f7f8c87f8bb6f7f1991fd1cb33abaa?s=96&d=mm&r=g","caption":"JJ"},"description":"Les JJ ou \"Jeunes de Saint Jean\" sont une association de Jeunes pros entre 23 et 35 ans, catholiques, qui organisent des activit\u00e9s adapt\u00e9es \u00e0 cette tranche d'\u00e2ge, en France surtout, depuis plus de 30 ann\u00e9es d\u00e9j\u00e0. Cette association est accompagn\u00e9e par des Fr\u00e8res et des Soeurs de Saint-Jean.","sameAs":["http:\/\/www.jeunesdesaintjean.org"],"url":"https:\/\/www.jeunesdesaintjean.org\/index.php\/author\/jsj\/"}]}},"jetpack_featured_media_url":"https:\/\/www.jeunesdesaintjean.org\/wp-content\/uploads\/2024\/02\/Tract-Sejour-Desert.png","jetpack_sharing_enabled":true,"jetpack_shortlink":"https:\/\/wp.me\/p7zN5T-XE","_links":{"self":[{"href":"https:\/\/www.jeunesdesaintjean.org\/index.php\/wp-json\/wp\/v2\/posts\/3698","targetHints":{"allow":["GET"]}}],"collection":[{"href":"https:\/\/www.jeunesdesaintjean.org\/index.php\/wp-json\/wp\/v2\/posts"}],"about":[{"href":"https:\/\/www.jeunesdesaintjean.org\/index.php\/wp-json\/wp\/v2\/types\/post"}],"author":[{"embeddable":true,"href":"https:\/\/www.jeunesdesaintjean.org\/index.php\/wp-json\/wp\/v2\/users\/1"}],"replies":[{"embeddable":true,"href":"https:\/\/www.jeunesdesaintjean.org\/index.php\/wp-json\/wp\/v2\/comments?post=3698"}],"version-history":[{"count":35,"href":"https:\/\/www.jeunesdesaintjean.org\/index.php\/wp-json\/wp\/v2\/posts\/3698\/revisions"}],"predecessor-version":[{"id":3958,"href":"https:\/\/www.jeunesdesaintjean.org\/index.php\/wp-json\/wp\/v2\/posts\/3698\/revisions\/3958"}],"wp:featuredmedia":[{"embeddable":true,"href":"https:\/\/www.jeunesdesaintjean.org\/index.php\/wp-json\/wp\/v2\/media\/3838"}],"wp:attachment":[{"href":"https:\/\/www.jeunesdesaintjean.org\/index.php\/wp-json\/wp\/v2\/media?parent=3698"}],"wp:term":[{"taxonomy":"category","embeddable":true,"href":"https:\/\/www.jeunesdesaintjean.org\/index.php\/wp-json\/wp\/v2\/categories?post=3698"},{"taxonomy":"post_tag","embeddable":true,"href":"https:\/\/www.jeunesdesaintjean.org\/index.php\/wp-json\/wp\/v2\/tags?post=3698"}],"curies":[{"name":"wp","href":"https:\/\/api.w.org\/{rel}","templated":true}]}}