{"id":3670,"date":"2024-02-21T17:23:18","date_gmt":"2024-02-21T15:23:18","guid":{"rendered":"https:\/\/www.jeunesdesaintjean.org\/?p=3670"},"modified":"2024-04-13T07:16:10","modified_gmt":"2024-04-13T05:16:10","slug":"sejour-velo-2024","status":"publish","type":"post","link":"https:\/\/www.jeunesdesaintjean.org\/index.php\/sejour-velo-2024\/","title":{"rendered":"JJ s\u00e9jour V\u00e9lo 2024"},"content":{"rendered":"<h4 style=\"text-align: center;\"><strong><span style=\"color: #ff0000;\">Nous sommes complet !<\/span><\/strong><\/h4>\n<p><strong>Concept<\/strong> : Un s\u00e9jour itin\u00e9rant \u00e0 v\u00e9lo entre jeunes professionnels le long de la c\u00f4te Vend\u00e9enne. 6 jours de v\u00e9lo au bord de la mer : d\u00e9paysement garanti !<\/p>\n<p><strong>Dates<\/strong> : du 29 avril \u00e0 12h00 au 4 mai 2024 \u00e0 14h<\/p>\n<p><strong>Lieu<\/strong> : Au d\u00e9part de Nantes, nous rejoindrons la c\u00f4te Vend\u00e9enne et le long de la V\u00e9lodyss\u00e9e nous d\u00e9couvrirons de magnifique paysage, bord de mer, marais, foret de pins &#8230;<\/p>\n<p><strong>Accompagnement<\/strong> : Fr\u00e8re Philippe-Joseph, Fr\u00e8re de Saint-Jean<\/p>\n<p><strong>Niveau sportif<\/strong> : doit \u00eatre normal et \u00ab correct \u00bb. Aimer le le v\u00e9lo, le bivouac, la vie en groupe, la Messe et la pri\u00e8re, et le soleil <img decoding=\"async\" class=\"emoji\" role=\"img\" draggable=\"false\" src=\"https:\/\/s.w.org\/images\/core\/emoji\/14.0.0\/svg\/1f642.svg\" alt=\"\ud83d\ude42\" \/><\/p>\n<p><em>PS : une voiture balais portera nos sacs, tentes et l&rsquo;intendance, toutes les demi-journ\u00e9es, nous nous relayerons tous pour la faire avancer !<\/em><\/p>\n<p><strong>Programme type<\/strong>\u00a0:<br \/>\n7h30 lever, pri\u00e8re du matin, petit dej, messe, v\u00e9lo, visites, v\u00e9lo, topo, ap\u00e9ro, veill\u00e9e (et de nombreuses surprises !)<\/p>\n<p><strong>Gare<\/strong>\u00a0:\u00a0<span class=\"im\">D\u00e9part Nantes \/ Retour les Sables d&rsquo;Olonne<\/span><\/p>\n<p><strong>Nombre de participants<\/strong> : 12<\/p>\n<p><strong>Contact<\/strong>\u00a0:\u00a0<a href=\"mailto:campsjj@gmail.com\" target=\"_blank\" rel=\"noopener noreferrer\">campsjj@gmail.com<\/a><\/p>\n<p><strong>Prix<\/strong> : 285 \u20ac<br \/>\n<em>(Le tarif comprend, l&rsquo;intendance, les logements, la location des v\u00e9los. &#8211; Quelques extras seront peut-\u00eatre \u00e0 pr\u00e9voir (glace, bi\u00e8res ou caf\u00e9 en terrasse &#8230;))<\/em><\/p>\n<p>Tu souhaites venir avec ton propre v\u00e9lo ? Pas de souci, utilise <strong>le code VELO15<\/strong> pour obtenir une remise de 15% sur ton inscription.<\/p>\n<p><strong><em>I<\/em><\/strong><strong><em>n<\/em><em>scriptions r\u00e9serv\u00e9es aux jeunes professionnels de 25 \u2013 35 ans\u00a0<\/em><\/strong><\/p>\n<p><strong><em>Inscription (paiement) :\u00a0<\/em><\/strong><strong><em><br \/>\n<\/em><\/strong><i>! Possibilit\u00e9 de modifier les frais d\u2019HelloAsso \u00e0 0\u20ac en cliquant sur<\/i><b><i>\u00a0Modifier\u00a0<\/i><\/b><i>!<\/i><\/p>\n<p><i>(Pour consulter le nombre de places disponibles, rdv sur Helloasso ci dessous. \u2013 Attention les places partent vite ! )<\/i><\/p>\n<div id=\"age-checker-block\" style=\"width:initial;height:initial\">\n\t\t<h3>Age minimum requis<\/h3>\n\t\t<div id=\"answerDoBMin\"><b>D\u00e9sol\u00e9, nous pensons que tu es un peu jeune pour ce s\u00e9jour, n'h\u00e9sites pas \u00e0 nous contacter pour que nous puissions en discuter<\/b><\/div>\n\t\t<div id=\"answerDoBMax\"><b>D\u00e9sol\u00e9, ce s\u00e9jour est r\u00e9serv\u00e9 \u00e0 des participants un peu plus jeune<\/b><\/div>\n\t\t<div id=\"inputDoB\">\n\t\t\t<form action=\".\/#\" id=\"formDoB\">\n\t\t\t\t<p>Merci d'indiquer votre date de naissance<\/p>\n\t\t\t\t<input type=\"date\" value=\"\" id=\"doBValue\" name=\"date_of_birth\" title=\"Votre date de naissance\" required>\n\t\t\t\t<button type=\"submit\">Valider<\/button>\n\t\t\t<\/form>\n\t\t<\/div>\n\t<\/div>\n<p><iframe id=\"haWidget\" style=\"width: 100%; height: 70px; border: none;\" src=\"https:\/\/www.helloasso.com\/associations\/jeunes-de-st-jean\/evenements\/jj-sejour-velo-2024\/widget-bouton\"><\/iframe><br \/>\n<strong>DOCUMENTS UTILES<br \/>\n<\/strong>\u2013 Conditions d\u2019annulation :\u00a0<a href=\"https:\/\/drive.google.com\/file\/d\/1ODdxnKLtykADDbK8TjU6TsI38kN13c9R\/view?usp=sharing\"><strong>ici<\/strong><\/a><br \/>\n\u2013 Fiche sanitaire :<strong>\u00a0<a href=\"https:\/\/drive.google.com\/file\/d\/1bOW-cu3PD0_uxOk7o6XiiWsqp-4xxXc3\/view?usp=drive_link\">ici<\/a><\/strong><br \/>\n<strong>\u2013 Foire aux questions : <a href=\"https:\/\/drive.google.com\/file\/d\/1BAZIDPVaaY_ZrRBPxSZcFIAWBtxZGQvR\/view?usp=drive_link\">ici<\/a><\/strong><\/p>\n<p>&nbsp;<\/p>\n<p><span style=\"color: #ffffff;\">V\u00e9lo Jeunes Professionnels<\/span><\/p>\n","protected":false},"excerpt":{"rendered":"<p>Nous sommes complet ! Concept : Un s\u00e9jour itin\u00e9rant \u00e0 v\u00e9lo entre jeunes professionnels le long de la c\u00f4te Vend\u00e9enne. 6 jours de v\u00e9lo au bord de la mer : d\u00e9paysement garanti ! Dates : du 29 avril \u00e0 12h00 au 4 mai 2024 \u00e0 14h Lieu : Au d\u00e9part de Nantes, nous rejoindrons la [&hellip;]<\/p>\n","protected":false},"author":1,"featured_media":3819,"comment_status":"closed","ping_status":"open","sticky":false,"template":"","format":"standard","meta":{"_jetpack_newsletter_access":"","_jetpack_dont_email_post_to_subs":false,"_jetpack_newsletter_tier_id":0,"_jetpack_memberships_contains_paywalled_content":false,"two_page_speed":[],"_jetpack_memberships_contains_paid_content":false,"footnotes":""},"categories":[183],"tags":[187,186],"class_list":["post-3670","post","type-post","status-publish","format-standard","has-post-thumbnail","hentry","category-velo","tag-itinerance","tag-sejours-2024"],"yoast_head":"<!-- This site is optimized with the Yoast SEO plugin v27.0 - https:\/\/yoast.com\/product\/yoast-seo-wordpress\/ -->\n<title>S\u00e9jour V\u00e9lo 2024 - Jeunes Professionnels (25 \u00e0 35 ans)<\/title>\n<meta name=\"description\" content=\"Une semaine &quot;V\u00e9lo &amp; Spi&quot; pour les jeunes professionnels catholique de 25 \u00e0 35 ans avec les JJ, sur la c\u00f4te Vend\u00e9enne du 29 avril au 4 mai 24\" \/>\n<meta name=\"robots\" content=\"index, follow, max-snippet:-1, max-image-preview:large, max-video-preview:-1\" \/>\n<link rel=\"canonical\" href=\"https:\/\/www.jeunesdesaintjean.org\/index.php\/sejour-velo-2024\/\" \/>\n<meta property=\"og:locale\" content=\"fr_FR\" \/>\n<meta property=\"og:type\" content=\"article\" \/>\n<meta property=\"og:title\" content=\"S\u00e9jour V\u00e9lo 2024 - Jeunes Professionnels (25 \u00e0 35 ans)\" \/>\n<meta property=\"og:description\" content=\"Une semaine &quot;V\u00e9lo &amp; Spi&quot; pour les jeunes professionnels catholique de 25 \u00e0 35 ans avec les JJ, sur la c\u00f4te Vend\u00e9enne du 29 avril au 4 mai 24\" \/>\n<meta property=\"og:url\" content=\"https:\/\/www.jeunesdesaintjean.org\/index.php\/sejour-velo-2024\/\" \/>\n<meta property=\"og:site_name\" content=\"Jeunes de Saint-Jean\" \/>\n<meta property=\"article:publisher\" content=\"https:\/\/www.facebook.com\/jeunesdesaintjean1?locale=fr_FR\" \/>\n<meta property=\"article:published_time\" content=\"2024-02-21T15:23:18+00:00\" \/>\n<meta property=\"article:modified_time\" content=\"2024-04-13T05:16:10+00:00\" \/>\n<meta property=\"og:image\" content=\"https:\/\/www.jeunesdesaintjean.org\/wp-content\/uploads\/2024\/02\/Tract-Velo.png\" \/>\n\t<meta property=\"og:image:width\" content=\"900\" \/>\n\t<meta property=\"og:image:height\" content=\"1200\" \/>\n\t<meta property=\"og:image:type\" content=\"image\/png\" \/>\n<meta name=\"author\" content=\"JJ\" \/>\n<meta name=\"twitter:label1\" content=\"\u00c9crit par\" \/>\n\t<meta name=\"twitter:data1\" content=\"JJ\" \/>\n\t<meta name=\"twitter:label2\" content=\"Dur\u00e9e de lecture estim\u00e9e\" \/>\n\t<meta name=\"twitter:data2\" content=\"2 minutes\" \/>\n<script type=\"application\/ld+json\" class=\"yoast-schema-graph\">{\"@context\":\"https:\/\/schema.org\",\"@graph\":[{\"@type\":\"Article\",\"@id\":\"https:\/\/www.jeunesdesaintjean.org\/index.php\/sejour-velo-2024\/#article\",\"isPartOf\":{\"@id\":\"https:\/\/www.jeunesdesaintjean.org\/index.php\/sejour-velo-2024\/\"},\"author\":{\"name\":\"JJ\",\"@id\":\"https:\/\/www.jeunesdesaintjean.org\/#\/schema\/person\/a4a869aa54b438384c671d21fb44e5f5\"},\"headline\":\"JJ s\u00e9jour V\u00e9lo 2024\",\"datePublished\":\"2024-02-21T15:23:18+00:00\",\"dateModified\":\"2024-04-13T05:16:10+00:00\",\"mainEntityOfPage\":{\"@id\":\"https:\/\/www.jeunesdesaintjean.org\/index.php\/sejour-velo-2024\/\"},\"wordCount\":334,\"publisher\":{\"@id\":\"https:\/\/www.jeunesdesaintjean.org\/#organization\"},\"image\":{\"@id\":\"https:\/\/www.jeunesdesaintjean.org\/index.php\/sejour-velo-2024\/#primaryimage\"},\"thumbnailUrl\":\"https:\/\/www.jeunesdesaintjean.org\/wp-content\/uploads\/2024\/02\/Tract-Velo.png\",\"keywords\":[\"Itin\u00e9rance\",\"S\u00e9jour 2024\"],\"articleSection\":[\"V\u00e9lo\"],\"inLanguage\":\"fr-FR\"},{\"@type\":\"WebPage\",\"@id\":\"https:\/\/www.jeunesdesaintjean.org\/index.php\/sejour-velo-2024\/\",\"url\":\"https:\/\/www.jeunesdesaintjean.org\/index.php\/sejour-velo-2024\/\",\"name\":\"S\u00e9jour V\u00e9lo 2024 - Jeunes Professionnels (25 \u00e0 35 ans)\",\"isPartOf\":{\"@id\":\"https:\/\/www.jeunesdesaintjean.org\/#website\"},\"primaryImageOfPage\":{\"@id\":\"https:\/\/www.jeunesdesaintjean.org\/index.php\/sejour-velo-2024\/#primaryimage\"},\"image\":{\"@id\":\"https:\/\/www.jeunesdesaintjean.org\/index.php\/sejour-velo-2024\/#primaryimage\"},\"thumbnailUrl\":\"https:\/\/www.jeunesdesaintjean.org\/wp-content\/uploads\/2024\/02\/Tract-Velo.png\",\"datePublished\":\"2024-02-21T15:23:18+00:00\",\"dateModified\":\"2024-04-13T05:16:10+00:00\",\"description\":\"Une semaine \\\"V\u00e9lo & Spi\\\" pour les jeunes professionnels catholique de 25 \u00e0 35 ans avec les JJ, sur la c\u00f4te Vend\u00e9enne du 29 avril au 4 mai 24\",\"breadcrumb\":{\"@id\":\"https:\/\/www.jeunesdesaintjean.org\/index.php\/sejour-velo-2024\/#breadcrumb\"},\"inLanguage\":\"fr-FR\",\"potentialAction\":[{\"@type\":\"ReadAction\",\"target\":[\"https:\/\/www.jeunesdesaintjean.org\/index.php\/sejour-velo-2024\/\"]}]},{\"@type\":\"ImageObject\",\"inLanguage\":\"fr-FR\",\"@id\":\"https:\/\/www.jeunesdesaintjean.org\/index.php\/sejour-velo-2024\/#primaryimage\",\"url\":\"https:\/\/www.jeunesdesaintjean.org\/wp-content\/uploads\/2024\/02\/Tract-Velo.png\",\"contentUrl\":\"https:\/\/www.jeunesdesaintjean.org\/wp-content\/uploads\/2024\/02\/Tract-Velo.png\",\"width\":900,\"height\":1200,\"caption\":\"TRACT V\u00e9lo Jeunes Professionnels\"},{\"@type\":\"BreadcrumbList\",\"@id\":\"https:\/\/www.jeunesdesaintjean.org\/index.php\/sejour-velo-2024\/#breadcrumb\",\"itemListElement\":[{\"@type\":\"ListItem\",\"position\":1,\"name\":\"Accueil\",\"item\":\"https:\/\/www.jeunesdesaintjean.org\/\"},{\"@type\":\"ListItem\",\"position\":2,\"name\":\"JJ s\u00e9jour V\u00e9lo 2024\"}]},{\"@type\":\"WebSite\",\"@id\":\"https:\/\/www.jeunesdesaintjean.org\/#website\",\"url\":\"https:\/\/www.jeunesdesaintjean.org\/\",\"name\":\"Jeunes de Saint-Jean\",\"description\":\"S\u00e9jours &quot;Spi et Sport&quot; pour Jeunes professionnels catholiques !\",\"publisher\":{\"@id\":\"https:\/\/www.jeunesdesaintjean.org\/#organization\"},\"alternateName\":\"Les JJ\",\"potentialAction\":[{\"@type\":\"SearchAction\",\"target\":{\"@type\":\"EntryPoint\",\"urlTemplate\":\"https:\/\/www.jeunesdesaintjean.org\/?s={search_term_string}\"},\"query-input\":{\"@type\":\"PropertyValueSpecification\",\"valueRequired\":true,\"valueName\":\"search_term_string\"}}],\"inLanguage\":\"fr-FR\"},{\"@type\":\"Organization\",\"@id\":\"https:\/\/www.jeunesdesaintjean.org\/#organization\",\"name\":\"Jeunes de Saint-Jean\",\"url\":\"https:\/\/www.jeunesdesaintjean.org\/\",\"logo\":{\"@type\":\"ImageObject\",\"inLanguage\":\"fr-FR\",\"@id\":\"https:\/\/www.jeunesdesaintjean.org\/#\/schema\/logo\/image\/\",\"url\":\"https:\/\/www.jeunesdesaintjean.org\/wp-content\/uploads\/2024\/01\/Logo-rouge-sur-fond-transparent.png\",\"contentUrl\":\"https:\/\/www.jeunesdesaintjean.org\/wp-content\/uploads\/2024\/01\/Logo-rouge-sur-fond-transparent.png\",\"width\":1600,\"height\":1600,\"caption\":\"Jeunes de Saint-Jean\"},\"image\":{\"@id\":\"https:\/\/www.jeunesdesaintjean.org\/#\/schema\/logo\/image\/\"},\"sameAs\":[\"https:\/\/www.facebook.com\/jeunesdesaintjean1?locale=fr_FR\",\"https:\/\/www.instagram.com\/jeunesdesaintjean\/\"]},{\"@type\":\"Person\",\"@id\":\"https:\/\/www.jeunesdesaintjean.org\/#\/schema\/person\/a4a869aa54b438384c671d21fb44e5f5\",\"name\":\"JJ\",\"image\":{\"@type\":\"ImageObject\",\"inLanguage\":\"fr-FR\",\"@id\":\"https:\/\/www.jeunesdesaintjean.org\/#\/schema\/person\/image\/\",\"url\":\"https:\/\/secure.gravatar.com\/avatar\/c13a524c2fdbf9f3d56ad0f7ddff7ab038f7f8c87f8bb6f7f1991fd1cb33abaa?s=96&d=mm&r=g\",\"contentUrl\":\"https:\/\/secure.gravatar.com\/avatar\/c13a524c2fdbf9f3d56ad0f7ddff7ab038f7f8c87f8bb6f7f1991fd1cb33abaa?s=96&d=mm&r=g\",\"caption\":\"JJ\"},\"description\":\"Les JJ ou \\\"Jeunes de Saint Jean\\\" sont une association de Jeunes pros entre 23 et 35 ans, catholiques, qui organisent des activit\u00e9s adapt\u00e9es \u00e0 cette tranche d'\u00e2ge, en France surtout, depuis plus de 30 ann\u00e9es d\u00e9j\u00e0. Cette association est accompagn\u00e9e par des Fr\u00e8res et des Soeurs de Saint-Jean.\",\"sameAs\":[\"http:\/\/www.jeunesdesaintjean.org\"],\"url\":\"https:\/\/www.jeunesdesaintjean.org\/index.php\/author\/jsj\/\"}]}<\/script>\n<!-- \/ Yoast SEO plugin. -->","yoast_head_json":{"title":"S\u00e9jour V\u00e9lo 2024 - Jeunes Professionnels (25 \u00e0 35 ans)","description":"Une semaine \"V\u00e9lo & Spi\" pour les jeunes professionnels catholique de 25 \u00e0 35 ans avec les JJ, sur la c\u00f4te Vend\u00e9enne du 29 avril au 4 mai 24","robots":{"index":"index","follow":"follow","max-snippet":"max-snippet:-1","max-image-preview":"max-image-preview:large","max-video-preview":"max-video-preview:-1"},"canonical":"https:\/\/www.jeunesdesaintjean.org\/index.php\/sejour-velo-2024\/","og_locale":"fr_FR","og_type":"article","og_title":"S\u00e9jour V\u00e9lo 2024 - Jeunes Professionnels (25 \u00e0 35 ans)","og_description":"Une semaine \"V\u00e9lo & Spi\" pour les jeunes professionnels catholique de 25 \u00e0 35 ans avec les JJ, sur la c\u00f4te Vend\u00e9enne du 29 avril au 4 mai 24","og_url":"https:\/\/www.jeunesdesaintjean.org\/index.php\/sejour-velo-2024\/","og_site_name":"Jeunes de Saint-Jean","article_publisher":"https:\/\/www.facebook.com\/jeunesdesaintjean1?locale=fr_FR","article_published_time":"2024-02-21T15:23:18+00:00","article_modified_time":"2024-04-13T05:16:10+00:00","og_image":[{"width":900,"height":1200,"url":"https:\/\/www.jeunesdesaintjean.org\/wp-content\/uploads\/2024\/02\/Tract-Velo.png","type":"image\/png"}],"author":"JJ","twitter_misc":{"\u00c9crit par":"JJ","Dur\u00e9e de lecture estim\u00e9e":"2 minutes"},"schema":{"@context":"https:\/\/schema.org","@graph":[{"@type":"Article","@id":"https:\/\/www.jeunesdesaintjean.org\/index.php\/sejour-velo-2024\/#article","isPartOf":{"@id":"https:\/\/www.jeunesdesaintjean.org\/index.php\/sejour-velo-2024\/"},"author":{"name":"JJ","@id":"https:\/\/www.jeunesdesaintjean.org\/#\/schema\/person\/a4a869aa54b438384c671d21fb44e5f5"},"headline":"JJ s\u00e9jour V\u00e9lo 2024","datePublished":"2024-02-21T15:23:18+00:00","dateModified":"2024-04-13T05:16:10+00:00","mainEntityOfPage":{"@id":"https:\/\/www.jeunesdesaintjean.org\/index.php\/sejour-velo-2024\/"},"wordCount":334,"publisher":{"@id":"https:\/\/www.jeunesdesaintjean.org\/#organization"},"image":{"@id":"https:\/\/www.jeunesdesaintjean.org\/index.php\/sejour-velo-2024\/#primaryimage"},"thumbnailUrl":"https:\/\/www.jeunesdesaintjean.org\/wp-content\/uploads\/2024\/02\/Tract-Velo.png","keywords":["Itin\u00e9rance","S\u00e9jour 2024"],"articleSection":["V\u00e9lo"],"inLanguage":"fr-FR"},{"@type":"WebPage","@id":"https:\/\/www.jeunesdesaintjean.org\/index.php\/sejour-velo-2024\/","url":"https:\/\/www.jeunesdesaintjean.org\/index.php\/sejour-velo-2024\/","name":"S\u00e9jour V\u00e9lo 2024 - Jeunes Professionnels (25 \u00e0 35 ans)","isPartOf":{"@id":"https:\/\/www.jeunesdesaintjean.org\/#website"},"primaryImageOfPage":{"@id":"https:\/\/www.jeunesdesaintjean.org\/index.php\/sejour-velo-2024\/#primaryimage"},"image":{"@id":"https:\/\/www.jeunesdesaintjean.org\/index.php\/sejour-velo-2024\/#primaryimage"},"thumbnailUrl":"https:\/\/www.jeunesdesaintjean.org\/wp-content\/uploads\/2024\/02\/Tract-Velo.png","datePublished":"2024-02-21T15:23:18+00:00","dateModified":"2024-04-13T05:16:10+00:00","description":"Une semaine \"V\u00e9lo & Spi\" pour les jeunes professionnels catholique de 25 \u00e0 35 ans avec les JJ, sur la c\u00f4te Vend\u00e9enne du 29 avril au 4 mai 24","breadcrumb":{"@id":"https:\/\/www.jeunesdesaintjean.org\/index.php\/sejour-velo-2024\/#breadcrumb"},"inLanguage":"fr-FR","potentialAction":[{"@type":"ReadAction","target":["https:\/\/www.jeunesdesaintjean.org\/index.php\/sejour-velo-2024\/"]}]},{"@type":"ImageObject","inLanguage":"fr-FR","@id":"https:\/\/www.jeunesdesaintjean.org\/index.php\/sejour-velo-2024\/#primaryimage","url":"https:\/\/www.jeunesdesaintjean.org\/wp-content\/uploads\/2024\/02\/Tract-Velo.png","contentUrl":"https:\/\/www.jeunesdesaintjean.org\/wp-content\/uploads\/2024\/02\/Tract-Velo.png","width":900,"height":1200,"caption":"TRACT V\u00e9lo Jeunes Professionnels"},{"@type":"BreadcrumbList","@id":"https:\/\/www.jeunesdesaintjean.org\/index.php\/sejour-velo-2024\/#breadcrumb","itemListElement":[{"@type":"ListItem","position":1,"name":"Accueil","item":"https:\/\/www.jeunesdesaintjean.org\/"},{"@type":"ListItem","position":2,"name":"JJ s\u00e9jour V\u00e9lo 2024"}]},{"@type":"WebSite","@id":"https:\/\/www.jeunesdesaintjean.org\/#website","url":"https:\/\/www.jeunesdesaintjean.org\/","name":"Jeunes de Saint-Jean","description":"S\u00e9jours &quot;Spi et Sport&quot; pour Jeunes professionnels catholiques !","publisher":{"@id":"https:\/\/www.jeunesdesaintjean.org\/#organization"},"alternateName":"Les JJ","potentialAction":[{"@type":"SearchAction","target":{"@type":"EntryPoint","urlTemplate":"https:\/\/www.jeunesdesaintjean.org\/?s={search_term_string}"},"query-input":{"@type":"PropertyValueSpecification","valueRequired":true,"valueName":"search_term_string"}}],"inLanguage":"fr-FR"},{"@type":"Organization","@id":"https:\/\/www.jeunesdesaintjean.org\/#organization","name":"Jeunes de Saint-Jean","url":"https:\/\/www.jeunesdesaintjean.org\/","logo":{"@type":"ImageObject","inLanguage":"fr-FR","@id":"https:\/\/www.jeunesdesaintjean.org\/#\/schema\/logo\/image\/","url":"https:\/\/www.jeunesdesaintjean.org\/wp-content\/uploads\/2024\/01\/Logo-rouge-sur-fond-transparent.png","contentUrl":"https:\/\/www.jeunesdesaintjean.org\/wp-content\/uploads\/2024\/01\/Logo-rouge-sur-fond-transparent.png","width":1600,"height":1600,"caption":"Jeunes de Saint-Jean"},"image":{"@id":"https:\/\/www.jeunesdesaintjean.org\/#\/schema\/logo\/image\/"},"sameAs":["https:\/\/www.facebook.com\/jeunesdesaintjean1?locale=fr_FR","https:\/\/www.instagram.com\/jeunesdesaintjean\/"]},{"@type":"Person","@id":"https:\/\/www.jeunesdesaintjean.org\/#\/schema\/person\/a4a869aa54b438384c671d21fb44e5f5","name":"JJ","image":{"@type":"ImageObject","inLanguage":"fr-FR","@id":"https:\/\/www.jeunesdesaintjean.org\/#\/schema\/person\/image\/","url":"https:\/\/secure.gravatar.com\/avatar\/c13a524c2fdbf9f3d56ad0f7ddff7ab038f7f8c87f8bb6f7f1991fd1cb33abaa?s=96&d=mm&r=g","contentUrl":"https:\/\/secure.gravatar.com\/avatar\/c13a524c2fdbf9f3d56ad0f7ddff7ab038f7f8c87f8bb6f7f1991fd1cb33abaa?s=96&d=mm&r=g","caption":"JJ"},"description":"Les JJ ou \"Jeunes de Saint Jean\" sont une association de Jeunes pros entre 23 et 35 ans, catholiques, qui organisent des activit\u00e9s adapt\u00e9es \u00e0 cette tranche d'\u00e2ge, en France surtout, depuis plus de 30 ann\u00e9es d\u00e9j\u00e0. Cette association est accompagn\u00e9e par des Fr\u00e8res et des Soeurs de Saint-Jean.","sameAs":["http:\/\/www.jeunesdesaintjean.org"],"url":"https:\/\/www.jeunesdesaintjean.org\/index.php\/author\/jsj\/"}]}},"jetpack_featured_media_url":"https:\/\/www.jeunesdesaintjean.org\/wp-content\/uploads\/2024\/02\/Tract-Velo.png","jetpack_sharing_enabled":true,"jetpack_shortlink":"https:\/\/wp.me\/p7zN5T-Xc","_links":{"self":[{"href":"https:\/\/www.jeunesdesaintjean.org\/index.php\/wp-json\/wp\/v2\/posts\/3670","targetHints":{"allow":["GET"]}}],"collection":[{"href":"https:\/\/www.jeunesdesaintjean.org\/index.php\/wp-json\/wp\/v2\/posts"}],"about":[{"href":"https:\/\/www.jeunesdesaintjean.org\/index.php\/wp-json\/wp\/v2\/types\/post"}],"author":[{"embeddable":true,"href":"https:\/\/www.jeunesdesaintjean.org\/index.php\/wp-json\/wp\/v2\/users\/1"}],"replies":[{"embeddable":true,"href":"https:\/\/www.jeunesdesaintjean.org\/index.php\/wp-json\/wp\/v2\/comments?post=3670"}],"version-history":[{"count":27,"href":"https:\/\/www.jeunesdesaintjean.org\/index.php\/wp-json\/wp\/v2\/posts\/3670\/revisions"}],"predecessor-version":[{"id":3867,"href":"https:\/\/www.jeunesdesaintjean.org\/index.php\/wp-json\/wp\/v2\/posts\/3670\/revisions\/3867"}],"wp:featuredmedia":[{"embeddable":true,"href":"https:\/\/www.jeunesdesaintjean.org\/index.php\/wp-json\/wp\/v2\/media\/3819"}],"wp:attachment":[{"href":"https:\/\/www.jeunesdesaintjean.org\/index.php\/wp-json\/wp\/v2\/media?parent=3670"}],"wp:term":[{"taxonomy":"category","embeddable":true,"href":"https:\/\/www.jeunesdesaintjean.org\/index.php\/wp-json\/wp\/v2\/categories?post=3670"},{"taxonomy":"post_tag","embeddable":true,"href":"https:\/\/www.jeunesdesaintjean.org\/index.php\/wp-json\/wp\/v2\/tags?post=3670"}],"curies":[{"name":"wp","href":"https:\/\/api.w.org\/{rel}","templated":true}]}}