{"id":3533,"date":"2023-12-13T10:21:10","date_gmt":"2023-12-13T08:21:10","guid":{"rendered":"https:\/\/www.jeunesdesaintjean.org\/?p=3533"},"modified":"2024-03-24T11:23:17","modified_gmt":"2024-03-24T09:23:17","slug":"sejour-ski-2024-jeunes-professionels","status":"publish","type":"post","link":"https:\/\/www.jeunesdesaintjean.org\/index.php\/sejour-ski-2024-jeunes-professionels\/","title":{"rendered":"JJ s\u00e9jour Ski 2024"},"content":{"rendered":"<h4 style=\"text-align: center;\"><span style=\"color: #ff0000;\">Nous sommes complet !<\/span><\/h4>\n<p><strong>Concept<\/strong> : Le s\u00e9jour JJ ski, c&rsquo;est une semaine \u00e0 d\u00e9valer les pistes en entre jeunes professionnels accompagn\u00e9 par un fr\u00e8re de Saint-Jean. C&rsquo;est \u00e9galement une semaine pour se ressourcer par la pri\u00e8re, les topos et la sainte Messe c\u00e9l\u00e9br\u00e9e chaque jour. Une semaine pour se d\u00e9connecter du quotidien, pour se rencontrer et pour se retrouver !<\/p>\n<p><strong>Lieu<\/strong> :\u00a0<strong><a href=\"http:\/\/www.la-toussuire.com\/fr\/index.aspx\" target=\"_blank\" rel=\"noopener noreferrer\">La Toussuire<\/a><\/strong>\u00a0en Savoie.<br \/>\n300 km de pistes entre 1700 et 2600 m d&rsquo;altitude.<br \/>\nChalet au pieds des pistes !<\/p>\n<p><strong>Programme type d&rsquo;une journ\u00e9e :<\/strong><br \/>\n&#8211;\u00a0 8h00 : Petit-d\u00e9j<br \/>\n&#8211;\u00a0 8h45 : D\u00e9part skis sur le dos<br \/>\n&#8211;\u00a0 9h00 : Pri\u00e8re des Laudes sur les pistes<br \/>\n&#8211;\u00a0 9h15 : D\u00e9part en groupes de niveaux + le\u00e7ons pour d\u00e9butants<br \/>\n&#8211; 12h30 : Pique-nique sur les pistes \/ ou chaud au chalet<br \/>\n&#8211; 17h00 : Retour au chalet<br \/>\n&#8211; 17h45 : Messe \u00e0 la chapelle de la station (chauff\u00e9e)<br \/>\n&#8211; 18h15 : Adoration<br \/>\n&#8211; 18h45 : Topo<br \/>\n&#8211; 19h30 : D\u00eener servi au chalet<br \/>\n&#8211; 20h30 : Veill\u00e9e<\/p>\n<p><strong>Nombre de participants<\/strong> : 20 personnes<\/p>\n<p><strong>Date limite d&rsquo;inscription<\/strong> : 3 mars 2024 !<br \/>\n<em>(attention ne perd pas de temps les places peuvent partir tr\u00e8s vite !)<\/em><\/p>\n<p><strong>Prix<\/strong> : 710 \u20ac\u00a0 <em>\u00a0(possibilit\u00e9 de payer en 2 fois avec le code 2FOIS)<\/em><br \/>\n<em>(Le prix du s\u00e9jour comprend le logement en pension compl\u00e8te, les forfaits et la location des skis. Le trajet pour se rendre \u00e0 la Toussuire reste \u00e0 votre charge.)<\/em><\/p>\n<p><strong>Contact<\/strong>\u00a0: <a href=\"mailto:campsjj@gmail.com\" target=\"_blank\" rel=\"noopener noreferrer\">campsjjski@gmail.com<\/a><\/p>\n<p><strong><span style=\"color: #ff0000;\"><em>In<\/em><\/span><\/strong><span style=\"color: #ff0000;\"><em><span style=\"color: #ff0000;\"><b>scriptions r\u00e9serv\u00e9es aux\u00a0 25 &#8211; 35 ans<\/b> (non \u00e9tudiants)<\/span><\/em><\/span><\/p>\n<p><strong><em>Inscription (paiement) :<\/em><\/strong><em><br \/>\n(possibilit\u00e9 de payer en 2 fois avec le code 2FOIS)<br \/>\n<\/em><\/p>\n<div id=\"age-checker-block\" style=\"width:initial;height:initial\">\n\t\t<h3>Age minimum requis<\/h3>\n\t\t<div id=\"answerDoBMin\"><b>D\u00e9sol\u00e9, nous pensons que tu es un peu jeune pour ce s\u00e9jour, n'h\u00e9sites pas \u00e0 nous contacter pour que nous puissions en discuter<\/b><\/div>\n\t\t<div id=\"answerDoBMax\"><b>D\u00e9sol\u00e9, ce s\u00e9jour est r\u00e9serv\u00e9 \u00e0 des participants un peu plus jeune<\/b><\/div>\n\t\t<div id=\"inputDoB\">\n\t\t\t<form action=\".\/#\" id=\"formDoB\">\n\t\t\t\t<p>Merci d'indiquer votre date de naissance<\/p>\n\t\t\t\t<input type=\"date\" value=\"\" id=\"doBValue\" name=\"date_of_birth\" title=\"Votre date de naissance\" required>\n\t\t\t\t<button type=\"submit\">Valider<\/button>\n\t\t\t<\/form>\n\t\t<\/div>\n\t<\/div>\n<p><iframe id=\"haWidget\" style=\"width: 100%; height: 70px; border: none;\" src=\"https:\/\/www.helloasso.com\/associations\/jeunes-de-st-jean\/evenements\/jj-sejour-ski-2024-2\/widget-bouton\"><\/iframe><\/p>\n<p>&nbsp;<\/p>\n<p><strong>DOCUMENTS UTILES<br \/>\n<\/strong>\u2013 Conditions d\u2019annulation :\u00a0<a href=\"https:\/\/drive.google.com\/file\/d\/1ODdxnKLtykADDbK8TjU6TsI38kN13c9R\/view?usp=sharing\"><strong>ici<\/strong><\/a><br \/>\n\u2013 Fiche sanitaire :<strong>\u00a0<a href=\"https:\/\/drive.google.com\/file\/d\/1bOW-cu3PD0_uxOk7o6XiiWsqp-4xxXc3\/view?usp=drive_link\">ici<\/a><\/strong><br \/>\n&#8211; Foire aux questions :<strong><a href=\"https:\/\/drive.google.com\/file\/d\/1G26xruMdXUDmPNLljjTZvrXKZTxlIYkJ\/view?usp=drive_link\"> ici<\/a><\/strong><\/p>\n<p><span style=\"color: #ffffff;\">jeunes professionnels ski jeunes professionnels ski jeunes professionnels ski\u00a0<\/span><\/p>\n","protected":false},"excerpt":{"rendered":"<p>Nous sommes complet ! Concept : Le s\u00e9jour JJ ski, c&rsquo;est une semaine \u00e0 d\u00e9valer les pistes en entre jeunes professionnels accompagn\u00e9 par un fr\u00e8re de Saint-Jean. C&rsquo;est \u00e9galement une semaine pour se ressourcer par la pri\u00e8re, les topos et la sainte Messe c\u00e9l\u00e9br\u00e9e chaque jour. Une semaine pour se d\u00e9connecter du quotidien, pour se [&hellip;]<\/p>\n","protected":false},"author":1,"featured_media":3608,"comment_status":"closed","ping_status":"open","sticky":false,"template":"","format":"standard","meta":{"_jetpack_newsletter_access":"","_jetpack_dont_email_post_to_subs":false,"_jetpack_newsletter_tier_id":0,"_jetpack_memberships_contains_paywalled_content":false,"two_page_speed":[],"_jetpack_memberships_contains_paid_content":false,"footnotes":""},"categories":[8],"tags":[188,186,191],"class_list":["post-3533","post","type-post","status-publish","format-standard","has-post-thumbnail","hentry","category-ski","tag-montagne","tag-sejours-2024","tag-ski"],"yoast_head":"<!-- This site is optimized with the Yoast SEO plugin v27.0 - https:\/\/yoast.com\/product\/yoast-seo-wordpress\/ -->\n<title>S\u00e9jour Ski 2024 - Jeunes Professionnels (jusqu&#039;\u00e0 35 ans)<\/title>\n<meta name=\"description\" content=\"Une semaine &quot;Ski &amp; Spi&quot; pour les jeunes professionnels catholique de 25 \u00e0 35 ans avec les JJ, \u00e0 la Toussuire (Savoie) du 9 au 16 mars 24.\" \/>\n<meta name=\"robots\" content=\"index, follow, max-snippet:-1, max-image-preview:large, max-video-preview:-1\" \/>\n<link rel=\"canonical\" href=\"https:\/\/www.jeunesdesaintjean.org\/index.php\/sejour-ski-2024-jeunes-professionels\/\" \/>\n<meta property=\"og:locale\" content=\"fr_FR\" \/>\n<meta property=\"og:type\" content=\"article\" \/>\n<meta property=\"og:title\" content=\"S\u00e9jour Ski 2024 - Jeunes Professionnels (jusqu&#039;\u00e0 35 ans)\" \/>\n<meta property=\"og:description\" content=\"Une semaine &quot;Ski &amp; Spi&quot; pour les jeunes professionnels catholique de 25 \u00e0 35 ans avec les JJ, \u00e0 la Toussuire (Savoie) du 9 au 16 mars 24.\" \/>\n<meta property=\"og:url\" content=\"https:\/\/www.jeunesdesaintjean.org\/index.php\/sejour-ski-2024-jeunes-professionels\/\" \/>\n<meta property=\"og:site_name\" content=\"Jeunes de Saint-Jean\" \/>\n<meta property=\"article:publisher\" content=\"https:\/\/www.facebook.com\/jeunesdesaintjean1?locale=fr_FR\" \/>\n<meta property=\"article:published_time\" content=\"2023-12-13T08:21:10+00:00\" \/>\n<meta property=\"article:modified_time\" content=\"2024-03-24T09:23:17+00:00\" \/>\n<meta property=\"og:image\" content=\"https:\/\/www.jeunesdesaintjean.org\/wp-content\/uploads\/2023\/12\/JJ-sejour-Ski.webp\" \/>\n\t<meta property=\"og:image:width\" content=\"900\" \/>\n\t<meta property=\"og:image:height\" content=\"1200\" \/>\n\t<meta property=\"og:image:type\" content=\"image\/webp\" \/>\n<meta name=\"author\" content=\"JJ\" \/>\n<meta name=\"twitter:label1\" content=\"\u00c9crit par\" \/>\n\t<meta name=\"twitter:data1\" content=\"JJ\" \/>\n\t<meta name=\"twitter:label2\" content=\"Dur\u00e9e de lecture estim\u00e9e\" \/>\n\t<meta name=\"twitter:data2\" content=\"2 minutes\" \/>\n<script type=\"application\/ld+json\" class=\"yoast-schema-graph\">{\"@context\":\"https:\/\/schema.org\",\"@graph\":[{\"@type\":\"Article\",\"@id\":\"https:\/\/www.jeunesdesaintjean.org\/index.php\/sejour-ski-2024-jeunes-professionels\/#article\",\"isPartOf\":{\"@id\":\"https:\/\/www.jeunesdesaintjean.org\/index.php\/sejour-ski-2024-jeunes-professionels\/\"},\"author\":{\"name\":\"JJ\",\"@id\":\"https:\/\/www.jeunesdesaintjean.org\/#\/schema\/person\/a4a869aa54b438384c671d21fb44e5f5\"},\"headline\":\"JJ s\u00e9jour Ski 2024\",\"datePublished\":\"2023-12-13T08:21:10+00:00\",\"dateModified\":\"2024-03-24T09:23:17+00:00\",\"mainEntityOfPage\":{\"@id\":\"https:\/\/www.jeunesdesaintjean.org\/index.php\/sejour-ski-2024-jeunes-professionels\/\"},\"wordCount\":324,\"publisher\":{\"@id\":\"https:\/\/www.jeunesdesaintjean.org\/#organization\"},\"image\":{\"@id\":\"https:\/\/www.jeunesdesaintjean.org\/index.php\/sejour-ski-2024-jeunes-professionels\/#primaryimage\"},\"thumbnailUrl\":\"https:\/\/www.jeunesdesaintjean.org\/wp-content\/uploads\/2023\/12\/JJ-sejour-Ski.webp\",\"keywords\":[\"Montagne\",\"S\u00e9jour 2024\",\"Ski\"],\"articleSection\":[\"Ski\"],\"inLanguage\":\"fr-FR\"},{\"@type\":\"WebPage\",\"@id\":\"https:\/\/www.jeunesdesaintjean.org\/index.php\/sejour-ski-2024-jeunes-professionels\/\",\"url\":\"https:\/\/www.jeunesdesaintjean.org\/index.php\/sejour-ski-2024-jeunes-professionels\/\",\"name\":\"S\u00e9jour Ski 2024 - Jeunes Professionnels (jusqu'\u00e0 35 ans)\",\"isPartOf\":{\"@id\":\"https:\/\/www.jeunesdesaintjean.org\/#website\"},\"primaryImageOfPage\":{\"@id\":\"https:\/\/www.jeunesdesaintjean.org\/index.php\/sejour-ski-2024-jeunes-professionels\/#primaryimage\"},\"image\":{\"@id\":\"https:\/\/www.jeunesdesaintjean.org\/index.php\/sejour-ski-2024-jeunes-professionels\/#primaryimage\"},\"thumbnailUrl\":\"https:\/\/www.jeunesdesaintjean.org\/wp-content\/uploads\/2023\/12\/JJ-sejour-Ski.webp\",\"datePublished\":\"2023-12-13T08:21:10+00:00\",\"dateModified\":\"2024-03-24T09:23:17+00:00\",\"description\":\"Une semaine \\\"Ski & Spi\\\" pour les jeunes professionnels catholique de 25 \u00e0 35 ans avec les JJ, \u00e0 la Toussuire (Savoie) du 9 au 16 mars 24.\",\"breadcrumb\":{\"@id\":\"https:\/\/www.jeunesdesaintjean.org\/index.php\/sejour-ski-2024-jeunes-professionels\/#breadcrumb\"},\"inLanguage\":\"fr-FR\",\"potentialAction\":[{\"@type\":\"ReadAction\",\"target\":[\"https:\/\/www.jeunesdesaintjean.org\/index.php\/sejour-ski-2024-jeunes-professionels\/\"]}]},{\"@type\":\"ImageObject\",\"inLanguage\":\"fr-FR\",\"@id\":\"https:\/\/www.jeunesdesaintjean.org\/index.php\/sejour-ski-2024-jeunes-professionels\/#primaryimage\",\"url\":\"https:\/\/www.jeunesdesaintjean.org\/wp-content\/uploads\/2023\/12\/JJ-sejour-Ski.webp\",\"contentUrl\":\"https:\/\/www.jeunesdesaintjean.org\/wp-content\/uploads\/2023\/12\/JJ-sejour-Ski.webp\",\"width\":900,\"height\":1200,\"caption\":\"ract SEJOUR JJ SKI 2024 du 9 au 16 mars 2024 \u00e0 la Toussuire (SAVOIE) avec les Jeunes de Saint Jean pour les jeunes professionnels (JP) de 23 \u00e0 35 ans. Tarif 710\u20ac\"},{\"@type\":\"BreadcrumbList\",\"@id\":\"https:\/\/www.jeunesdesaintjean.org\/index.php\/sejour-ski-2024-jeunes-professionels\/#breadcrumb\",\"itemListElement\":[{\"@type\":\"ListItem\",\"position\":1,\"name\":\"Accueil\",\"item\":\"https:\/\/www.jeunesdesaintjean.org\/\"},{\"@type\":\"ListItem\",\"position\":2,\"name\":\"JJ s\u00e9jour Ski 2024\"}]},{\"@type\":\"WebSite\",\"@id\":\"https:\/\/www.jeunesdesaintjean.org\/#website\",\"url\":\"https:\/\/www.jeunesdesaintjean.org\/\",\"name\":\"Jeunes de Saint-Jean\",\"description\":\"S\u00e9jours &quot;Spi et Sport&quot; pour Jeunes professionnels catholiques !\",\"publisher\":{\"@id\":\"https:\/\/www.jeunesdesaintjean.org\/#organization\"},\"alternateName\":\"Les JJ\",\"potentialAction\":[{\"@type\":\"SearchAction\",\"target\":{\"@type\":\"EntryPoint\",\"urlTemplate\":\"https:\/\/www.jeunesdesaintjean.org\/?s={search_term_string}\"},\"query-input\":{\"@type\":\"PropertyValueSpecification\",\"valueRequired\":true,\"valueName\":\"search_term_string\"}}],\"inLanguage\":\"fr-FR\"},{\"@type\":\"Organization\",\"@id\":\"https:\/\/www.jeunesdesaintjean.org\/#organization\",\"name\":\"Jeunes de Saint-Jean\",\"url\":\"https:\/\/www.jeunesdesaintjean.org\/\",\"logo\":{\"@type\":\"ImageObject\",\"inLanguage\":\"fr-FR\",\"@id\":\"https:\/\/www.jeunesdesaintjean.org\/#\/schema\/logo\/image\/\",\"url\":\"https:\/\/www.jeunesdesaintjean.org\/wp-content\/uploads\/2024\/01\/Logo-rouge-sur-fond-transparent.png\",\"contentUrl\":\"https:\/\/www.jeunesdesaintjean.org\/wp-content\/uploads\/2024\/01\/Logo-rouge-sur-fond-transparent.png\",\"width\":1600,\"height\":1600,\"caption\":\"Jeunes de Saint-Jean\"},\"image\":{\"@id\":\"https:\/\/www.jeunesdesaintjean.org\/#\/schema\/logo\/image\/\"},\"sameAs\":[\"https:\/\/www.facebook.com\/jeunesdesaintjean1?locale=fr_FR\",\"https:\/\/www.instagram.com\/jeunesdesaintjean\/\"]},{\"@type\":\"Person\",\"@id\":\"https:\/\/www.jeunesdesaintjean.org\/#\/schema\/person\/a4a869aa54b438384c671d21fb44e5f5\",\"name\":\"JJ\",\"image\":{\"@type\":\"ImageObject\",\"inLanguage\":\"fr-FR\",\"@id\":\"https:\/\/www.jeunesdesaintjean.org\/#\/schema\/person\/image\/\",\"url\":\"https:\/\/secure.gravatar.com\/avatar\/c13a524c2fdbf9f3d56ad0f7ddff7ab038f7f8c87f8bb6f7f1991fd1cb33abaa?s=96&d=mm&r=g\",\"contentUrl\":\"https:\/\/secure.gravatar.com\/avatar\/c13a524c2fdbf9f3d56ad0f7ddff7ab038f7f8c87f8bb6f7f1991fd1cb33abaa?s=96&d=mm&r=g\",\"caption\":\"JJ\"},\"description\":\"Les JJ ou \\\"Jeunes de Saint Jean\\\" sont une association de Jeunes pros entre 23 et 35 ans, catholiques, qui organisent des activit\u00e9s adapt\u00e9es \u00e0 cette tranche d'\u00e2ge, en France surtout, depuis plus de 30 ann\u00e9es d\u00e9j\u00e0. Cette association est accompagn\u00e9e par des Fr\u00e8res et des Soeurs de Saint-Jean.\",\"sameAs\":[\"http:\/\/www.jeunesdesaintjean.org\"],\"url\":\"https:\/\/www.jeunesdesaintjean.org\/index.php\/author\/jsj\/\"}]}<\/script>\n<!-- \/ Yoast SEO plugin. -->","yoast_head_json":{"title":"S\u00e9jour Ski 2024 - Jeunes Professionnels (jusqu'\u00e0 35 ans)","description":"Une semaine \"Ski & Spi\" pour les jeunes professionnels catholique de 25 \u00e0 35 ans avec les JJ, \u00e0 la Toussuire (Savoie) du 9 au 16 mars 24.","robots":{"index":"index","follow":"follow","max-snippet":"max-snippet:-1","max-image-preview":"max-image-preview:large","max-video-preview":"max-video-preview:-1"},"canonical":"https:\/\/www.jeunesdesaintjean.org\/index.php\/sejour-ski-2024-jeunes-professionels\/","og_locale":"fr_FR","og_type":"article","og_title":"S\u00e9jour Ski 2024 - Jeunes Professionnels (jusqu'\u00e0 35 ans)","og_description":"Une semaine \"Ski & Spi\" pour les jeunes professionnels catholique de 25 \u00e0 35 ans avec les JJ, \u00e0 la Toussuire (Savoie) du 9 au 16 mars 24.","og_url":"https:\/\/www.jeunesdesaintjean.org\/index.php\/sejour-ski-2024-jeunes-professionels\/","og_site_name":"Jeunes de Saint-Jean","article_publisher":"https:\/\/www.facebook.com\/jeunesdesaintjean1?locale=fr_FR","article_published_time":"2023-12-13T08:21:10+00:00","article_modified_time":"2024-03-24T09:23:17+00:00","og_image":[{"width":900,"height":1200,"url":"https:\/\/www.jeunesdesaintjean.org\/wp-content\/uploads\/2023\/12\/JJ-sejour-Ski.webp","type":"image\/webp"}],"author":"JJ","twitter_misc":{"\u00c9crit par":"JJ","Dur\u00e9e de lecture estim\u00e9e":"2 minutes"},"schema":{"@context":"https:\/\/schema.org","@graph":[{"@type":"Article","@id":"https:\/\/www.jeunesdesaintjean.org\/index.php\/sejour-ski-2024-jeunes-professionels\/#article","isPartOf":{"@id":"https:\/\/www.jeunesdesaintjean.org\/index.php\/sejour-ski-2024-jeunes-professionels\/"},"author":{"name":"JJ","@id":"https:\/\/www.jeunesdesaintjean.org\/#\/schema\/person\/a4a869aa54b438384c671d21fb44e5f5"},"headline":"JJ s\u00e9jour Ski 2024","datePublished":"2023-12-13T08:21:10+00:00","dateModified":"2024-03-24T09:23:17+00:00","mainEntityOfPage":{"@id":"https:\/\/www.jeunesdesaintjean.org\/index.php\/sejour-ski-2024-jeunes-professionels\/"},"wordCount":324,"publisher":{"@id":"https:\/\/www.jeunesdesaintjean.org\/#organization"},"image":{"@id":"https:\/\/www.jeunesdesaintjean.org\/index.php\/sejour-ski-2024-jeunes-professionels\/#primaryimage"},"thumbnailUrl":"https:\/\/www.jeunesdesaintjean.org\/wp-content\/uploads\/2023\/12\/JJ-sejour-Ski.webp","keywords":["Montagne","S\u00e9jour 2024","Ski"],"articleSection":["Ski"],"inLanguage":"fr-FR"},{"@type":"WebPage","@id":"https:\/\/www.jeunesdesaintjean.org\/index.php\/sejour-ski-2024-jeunes-professionels\/","url":"https:\/\/www.jeunesdesaintjean.org\/index.php\/sejour-ski-2024-jeunes-professionels\/","name":"S\u00e9jour Ski 2024 - Jeunes Professionnels (jusqu'\u00e0 35 ans)","isPartOf":{"@id":"https:\/\/www.jeunesdesaintjean.org\/#website"},"primaryImageOfPage":{"@id":"https:\/\/www.jeunesdesaintjean.org\/index.php\/sejour-ski-2024-jeunes-professionels\/#primaryimage"},"image":{"@id":"https:\/\/www.jeunesdesaintjean.org\/index.php\/sejour-ski-2024-jeunes-professionels\/#primaryimage"},"thumbnailUrl":"https:\/\/www.jeunesdesaintjean.org\/wp-content\/uploads\/2023\/12\/JJ-sejour-Ski.webp","datePublished":"2023-12-13T08:21:10+00:00","dateModified":"2024-03-24T09:23:17+00:00","description":"Une semaine \"Ski & Spi\" pour les jeunes professionnels catholique de 25 \u00e0 35 ans avec les JJ, \u00e0 la Toussuire (Savoie) du 9 au 16 mars 24.","breadcrumb":{"@id":"https:\/\/www.jeunesdesaintjean.org\/index.php\/sejour-ski-2024-jeunes-professionels\/#breadcrumb"},"inLanguage":"fr-FR","potentialAction":[{"@type":"ReadAction","target":["https:\/\/www.jeunesdesaintjean.org\/index.php\/sejour-ski-2024-jeunes-professionels\/"]}]},{"@type":"ImageObject","inLanguage":"fr-FR","@id":"https:\/\/www.jeunesdesaintjean.org\/index.php\/sejour-ski-2024-jeunes-professionels\/#primaryimage","url":"https:\/\/www.jeunesdesaintjean.org\/wp-content\/uploads\/2023\/12\/JJ-sejour-Ski.webp","contentUrl":"https:\/\/www.jeunesdesaintjean.org\/wp-content\/uploads\/2023\/12\/JJ-sejour-Ski.webp","width":900,"height":1200,"caption":"ract SEJOUR JJ SKI 2024 du 9 au 16 mars 2024 \u00e0 la Toussuire (SAVOIE) avec les Jeunes de Saint Jean pour les jeunes professionnels (JP) de 23 \u00e0 35 ans. Tarif 710\u20ac"},{"@type":"BreadcrumbList","@id":"https:\/\/www.jeunesdesaintjean.org\/index.php\/sejour-ski-2024-jeunes-professionels\/#breadcrumb","itemListElement":[{"@type":"ListItem","position":1,"name":"Accueil","item":"https:\/\/www.jeunesdesaintjean.org\/"},{"@type":"ListItem","position":2,"name":"JJ s\u00e9jour Ski 2024"}]},{"@type":"WebSite","@id":"https:\/\/www.jeunesdesaintjean.org\/#website","url":"https:\/\/www.jeunesdesaintjean.org\/","name":"Jeunes de Saint-Jean","description":"S\u00e9jours &quot;Spi et Sport&quot; pour Jeunes professionnels catholiques !","publisher":{"@id":"https:\/\/www.jeunesdesaintjean.org\/#organization"},"alternateName":"Les JJ","potentialAction":[{"@type":"SearchAction","target":{"@type":"EntryPoint","urlTemplate":"https:\/\/www.jeunesdesaintjean.org\/?s={search_term_string}"},"query-input":{"@type":"PropertyValueSpecification","valueRequired":true,"valueName":"search_term_string"}}],"inLanguage":"fr-FR"},{"@type":"Organization","@id":"https:\/\/www.jeunesdesaintjean.org\/#organization","name":"Jeunes de Saint-Jean","url":"https:\/\/www.jeunesdesaintjean.org\/","logo":{"@type":"ImageObject","inLanguage":"fr-FR","@id":"https:\/\/www.jeunesdesaintjean.org\/#\/schema\/logo\/image\/","url":"https:\/\/www.jeunesdesaintjean.org\/wp-content\/uploads\/2024\/01\/Logo-rouge-sur-fond-transparent.png","contentUrl":"https:\/\/www.jeunesdesaintjean.org\/wp-content\/uploads\/2024\/01\/Logo-rouge-sur-fond-transparent.png","width":1600,"height":1600,"caption":"Jeunes de Saint-Jean"},"image":{"@id":"https:\/\/www.jeunesdesaintjean.org\/#\/schema\/logo\/image\/"},"sameAs":["https:\/\/www.facebook.com\/jeunesdesaintjean1?locale=fr_FR","https:\/\/www.instagram.com\/jeunesdesaintjean\/"]},{"@type":"Person","@id":"https:\/\/www.jeunesdesaintjean.org\/#\/schema\/person\/a4a869aa54b438384c671d21fb44e5f5","name":"JJ","image":{"@type":"ImageObject","inLanguage":"fr-FR","@id":"https:\/\/www.jeunesdesaintjean.org\/#\/schema\/person\/image\/","url":"https:\/\/secure.gravatar.com\/avatar\/c13a524c2fdbf9f3d56ad0f7ddff7ab038f7f8c87f8bb6f7f1991fd1cb33abaa?s=96&d=mm&r=g","contentUrl":"https:\/\/secure.gravatar.com\/avatar\/c13a524c2fdbf9f3d56ad0f7ddff7ab038f7f8c87f8bb6f7f1991fd1cb33abaa?s=96&d=mm&r=g","caption":"JJ"},"description":"Les JJ ou \"Jeunes de Saint Jean\" sont une association de Jeunes pros entre 23 et 35 ans, catholiques, qui organisent des activit\u00e9s adapt\u00e9es \u00e0 cette tranche d'\u00e2ge, en France surtout, depuis plus de 30 ann\u00e9es d\u00e9j\u00e0. Cette association est accompagn\u00e9e par des Fr\u00e8res et des Soeurs de Saint-Jean.","sameAs":["http:\/\/www.jeunesdesaintjean.org"],"url":"https:\/\/www.jeunesdesaintjean.org\/index.php\/author\/jsj\/"}]}},"jetpack_featured_media_url":"https:\/\/www.jeunesdesaintjean.org\/wp-content\/uploads\/2023\/12\/JJ-sejour-Ski.webp","jetpack_sharing_enabled":true,"jetpack_shortlink":"https:\/\/wp.me\/p7zN5T-UZ","_links":{"self":[{"href":"https:\/\/www.jeunesdesaintjean.org\/index.php\/wp-json\/wp\/v2\/posts\/3533","targetHints":{"allow":["GET"]}}],"collection":[{"href":"https:\/\/www.jeunesdesaintjean.org\/index.php\/wp-json\/wp\/v2\/posts"}],"about":[{"href":"https:\/\/www.jeunesdesaintjean.org\/index.php\/wp-json\/wp\/v2\/types\/post"}],"author":[{"embeddable":true,"href":"https:\/\/www.jeunesdesaintjean.org\/index.php\/wp-json\/wp\/v2\/users\/1"}],"replies":[{"embeddable":true,"href":"https:\/\/www.jeunesdesaintjean.org\/index.php\/wp-json\/wp\/v2\/comments?post=3533"}],"version-history":[{"count":30,"href":"https:\/\/www.jeunesdesaintjean.org\/index.php\/wp-json\/wp\/v2\/posts\/3533\/revisions"}],"predecessor-version":[{"id":3613,"href":"https:\/\/www.jeunesdesaintjean.org\/index.php\/wp-json\/wp\/v2\/posts\/3533\/revisions\/3613"}],"wp:featuredmedia":[{"embeddable":true,"href":"https:\/\/www.jeunesdesaintjean.org\/index.php\/wp-json\/wp\/v2\/media\/3608"}],"wp:attachment":[{"href":"https:\/\/www.jeunesdesaintjean.org\/index.php\/wp-json\/wp\/v2\/media?parent=3533"}],"wp:term":[{"taxonomy":"category","embeddable":true,"href":"https:\/\/www.jeunesdesaintjean.org\/index.php\/wp-json\/wp\/v2\/categories?post=3533"},{"taxonomy":"post_tag","embeddable":true,"href":"https:\/\/www.jeunesdesaintjean.org\/index.php\/wp-json\/wp\/v2\/tags?post=3533"}],"curies":[{"name":"wp","href":"https:\/\/api.w.org\/{rel}","templated":true}]}}