{"id":3426,"date":"2023-03-22T22:11:31","date_gmt":"2023-03-22T20:11:31","guid":{"rendered":"https:\/\/www.jeunesdesaintjean.org\/?p=3426"},"modified":"2024-03-20T17:16:37","modified_gmt":"2024-03-20T15:16:37","slug":"jj-vtt-retour","status":"publish","type":"post","link":"https:\/\/www.jeunesdesaintjean.org\/index.php\/jj-vtt-retour\/","title":{"rendered":"JJ s\u00e9jour V\u00e9lo 2023"},"content":{"rendered":"<h4 style=\"text-align: center;\"><span style=\"color: #ff0000;\"><strong>INSCRIPTIONS\u00a0 ouvertes<br \/>\n<\/strong><\/span><\/h4>\n<p><strong>Lieu<\/strong> : La Charente, pays de vignobles, de soleil, et de chapelles romanes \u00e0 perte de vue\u2026<\/p>\n<p><strong>Concept<\/strong> : Un s\u00e9jour itin\u00e9rant \u00e0 v\u00e9lo le long de la Charente au milieu des vignes. D\u00e9paysement garanti !<br \/>\nCe s\u00e9jour est une nouveaut\u00e9 2023 !<\/p>\n<p><strong>Th\u00e8me<\/strong> : Savons-nous vraiment nous reposer ?<\/p>\n<p><strong>Accompagnement<\/strong> : Un fr\u00e8re de Saint-Jean<\/p>\n<p><strong>Niveau sportif<\/strong> : doit \u00eatre normal et \u00ab correct \u00bb. Aimer le le v\u00e9lo, le bivouac, la vie en groupe, la Messe et la pri\u00e8re, et le soleil \ud83d\ude42<\/p>\n<p><strong>Programme type<\/strong> :<br \/>\n7h30 lever, pri\u00e8re du matin, petit dej, messe, v\u00e9lo, visites, v\u00e9lo, topo, ap\u00e9ro, veill\u00e9e (et de nombreuses surprises !)<\/p>\n<p><strong>Dates<\/strong> : du 03 juin \u00e0 10h30 au 07 juin 2023 \u00e0 13h<\/p>\n<p><strong>Gare<\/strong> : <span class=\"im\">D\u00e9part la Rochelle \/ Retour Cognac<br \/>\n<\/span>(Possibilit\u00e9 de venir en voiture, lieu de rdv \u00e0 la Rochelle, billet de train Cognac \/ La Rochelle \u00e0 votre charge)<\/p>\n<p><strong>Nombre<\/strong> de participants\u00a0:16 r\u00e9partis en deux frat&rsquo; sur place (8 places JJ (23 \/ 35 ans) &amp; 8 places JJ+ (30 \/ 38 ans)<\/p>\n<p><strong>Prix<\/strong> : <strong>250\u20ac <\/strong><\/p>\n<p><strong>Contact<\/strong>\u00a0: <a href=\"mailto:campsjj@gmail.com\" target=\"_blank\" rel=\"noopener noreferrer\">campsjj@gmail.com<\/a><\/p>\n<p>&nbsp;<\/p>\n<p><strong><span style=\"color: #ff0000;\"><em>I<\/em><\/span><\/strong><strong><span style=\"color: #ff0000;\"><em>n<\/em><\/span><span style=\"color: #ff0000;\"><em>scriptions r\u00e9serv\u00e9es aux 23 &#8211; 38 ans (non \u00e9tudiants)<\/em><\/span><\/strong><\/p>\n<p><strong><em>Inscription (paiement) : veuillez entrer votre date de naissance puis valider pour pouvoir vous inscrire.<br \/>\n<\/em><\/strong><i>!\u00a0Possibilit\u00e9 de modifier les frais d\u2019HelloAsso \u00e0 z\u00e9ro \u20ac en cliquant sur<\/i><b><i>\u00a0Modifier\u00a0<\/i><\/b><i>!<\/i><\/p>\n<p><i>(Pour consulter le nombre de places disponibles, rdv sur Helloasso ci dessous. \u2013 Attention les places partent vite ! )<\/i><\/p>\n<div id=\"age-checker-block\" style=\"width:initial;height:initial\">\n\t\t<h3>Age minimum requis<\/h3>\n\t\t<div id=\"answerDoBMin\"><b>D\u00e9sol\u00e9 nous pensons que tu es un peu jeune pour ce<br \/>\ns\u00e9jour, n'h\u00e9sites pas \u00e0 nous contacter pour que nous puissions en discuter<\/b><\/div>\n\t\t<div id=\"answerDoBMax\"><b>D\u00e9sol\u00e9, ce<br \/>\ns\u00e9jour est r\u00e9serv\u00e9 \u00e0 des participants un peu plus jeune<\/b><\/div>\n\t\t<div id=\"inputDoB\">\n\t\t\t<form action=\".\/#\" id=\"formDoB\">\n\t\t\t\t<p>Merci d'indiquer votre date de naissance<\/p>\n\t\t\t\t<input type=\"date\" value=\"\" id=\"doBValue\" name=\"date_of_birth\" title=\"Votre date de naissance\" required>\n\t\t\t\t<button type=\"submit\">Valider<\/button>\n\t\t\t<\/form>\n\t\t<\/div>\n\t<\/div>\n<p><iframe id=\"haWidget\" style=\"width: 100%; height: 70px; border: none;\" src=\"https:\/\/www.helloasso.com\/associations\/jeunes-de-st-jean\/evenements\/modele-de-base-pour-les-sejours-2\/widget-bouton\"><\/iframe><\/p>\n","protected":false},"excerpt":{"rendered":"<p>INSCRIPTIONS\u00a0 ouvertes Lieu : La Charente, pays de vignobles, de soleil, et de chapelles romanes \u00e0 perte de vue\u2026 Concept : Un s\u00e9jour itin\u00e9rant \u00e0 v\u00e9lo le long de la Charente au milieu des vignes. D\u00e9paysement garanti ! Ce s\u00e9jour est une nouveaut\u00e9 2023 ! Th\u00e8me : Savons-nous vraiment nous reposer ? Accompagnement : Un [&hellip;]<\/p>\n","protected":false},"author":1,"featured_media":3462,"comment_status":"closed","ping_status":"open","sticky":false,"template":"","format":"standard","meta":{"_jetpack_newsletter_access":"","_jetpack_dont_email_post_to_subs":false,"_jetpack_newsletter_tier_id":0,"_jetpack_memberships_contains_paywalled_content":false,"two_page_speed":[],"_jetpack_memberships_contains_paid_content":false,"footnotes":""},"categories":[183],"tags":[187],"class_list":["post-3426","post","type-post","status-publish","format-standard","has-post-thumbnail","hentry","category-velo","tag-itinerance"],"yoast_head":"<!-- This site is optimized with the Yoast SEO plugin v27.0 - https:\/\/yoast.com\/product\/yoast-seo-wordpress\/ -->\n<title>JJ s\u00e9jour V\u00e9lo 2023 - Jeunes de Saint-Jean<\/title>\n<meta name=\"robots\" content=\"index, follow, max-snippet:-1, max-image-preview:large, max-video-preview:-1\" \/>\n<link rel=\"canonical\" href=\"https:\/\/www.jeunesdesaintjean.org\/index.php\/jj-vtt-retour\/\" \/>\n<meta property=\"og:locale\" content=\"fr_FR\" \/>\n<meta property=\"og:type\" content=\"article\" \/>\n<meta property=\"og:title\" content=\"JJ s\u00e9jour V\u00e9lo 2023 - Jeunes de Saint-Jean\" \/>\n<meta property=\"og:description\" content=\"INSCRIPTIONS\u00a0 ouvertes Lieu : La Charente, pays de vignobles, de soleil, et de chapelles romanes \u00e0 perte de vue\u2026 Concept : Un s\u00e9jour itin\u00e9rant \u00e0 v\u00e9lo le long de la Charente au milieu des vignes. D\u00e9paysement garanti ! Ce s\u00e9jour est une nouveaut\u00e9 2023 ! Th\u00e8me : Savons-nous vraiment nous reposer ? Accompagnement : Un [&hellip;]\" \/>\n<meta property=\"og:url\" content=\"https:\/\/www.jeunesdesaintjean.org\/index.php\/jj-vtt-retour\/\" \/>\n<meta property=\"og:site_name\" content=\"Jeunes de Saint-Jean\" \/>\n<meta property=\"article:publisher\" content=\"https:\/\/www.facebook.com\/jeunesdesaintjean1?locale=fr_FR\" \/>\n<meta property=\"article:published_time\" content=\"2023-03-22T20:11:31+00:00\" \/>\n<meta property=\"article:modified_time\" content=\"2024-03-20T15:16:37+00:00\" \/>\n<meta property=\"og:image\" content=\"https:\/\/www.jeunesdesaintjean.org\/wp-content\/uploads\/2023\/03\/JJ-Velo-Charentes.jpg\" \/>\n\t<meta property=\"og:image:width\" content=\"1200\" \/>\n\t<meta property=\"og:image:height\" content=\"1697\" \/>\n\t<meta property=\"og:image:type\" content=\"image\/jpeg\" \/>\n<meta name=\"author\" content=\"JJ\" \/>\n<meta name=\"twitter:label1\" content=\"\u00c9crit par\" \/>\n\t<meta name=\"twitter:data1\" content=\"JJ\" \/>\n\t<meta name=\"twitter:label2\" content=\"Dur\u00e9e de lecture estim\u00e9e\" \/>\n\t<meta name=\"twitter:data2\" content=\"2 minutes\" \/>\n<script type=\"application\/ld+json\" class=\"yoast-schema-graph\">{\"@context\":\"https:\/\/schema.org\",\"@graph\":[{\"@type\":\"Article\",\"@id\":\"https:\/\/www.jeunesdesaintjean.org\/index.php\/jj-vtt-retour\/#article\",\"isPartOf\":{\"@id\":\"https:\/\/www.jeunesdesaintjean.org\/index.php\/jj-vtt-retour\/\"},\"author\":{\"name\":\"JJ\",\"@id\":\"https:\/\/www.jeunesdesaintjean.org\/#\/schema\/person\/a4a869aa54b438384c671d21fb44e5f5\"},\"headline\":\"JJ s\u00e9jour V\u00e9lo 2023\",\"datePublished\":\"2023-03-22T20:11:31+00:00\",\"dateModified\":\"2024-03-20T15:16:37+00:00\",\"mainEntityOfPage\":{\"@id\":\"https:\/\/www.jeunesdesaintjean.org\/index.php\/jj-vtt-retour\/\"},\"wordCount\":270,\"publisher\":{\"@id\":\"https:\/\/www.jeunesdesaintjean.org\/#organization\"},\"image\":{\"@id\":\"https:\/\/www.jeunesdesaintjean.org\/index.php\/jj-vtt-retour\/#primaryimage\"},\"thumbnailUrl\":\"https:\/\/www.jeunesdesaintjean.org\/wp-content\/uploads\/2023\/03\/JJ-Velo-Charentes.jpg\",\"keywords\":[\"Itin\u00e9rance\"],\"articleSection\":[\"V\u00e9lo\"],\"inLanguage\":\"fr-FR\"},{\"@type\":\"WebPage\",\"@id\":\"https:\/\/www.jeunesdesaintjean.org\/index.php\/jj-vtt-retour\/\",\"url\":\"https:\/\/www.jeunesdesaintjean.org\/index.php\/jj-vtt-retour\/\",\"name\":\"JJ s\u00e9jour V\u00e9lo 2023 - Jeunes de Saint-Jean\",\"isPartOf\":{\"@id\":\"https:\/\/www.jeunesdesaintjean.org\/#website\"},\"primaryImageOfPage\":{\"@id\":\"https:\/\/www.jeunesdesaintjean.org\/index.php\/jj-vtt-retour\/#primaryimage\"},\"image\":{\"@id\":\"https:\/\/www.jeunesdesaintjean.org\/index.php\/jj-vtt-retour\/#primaryimage\"},\"thumbnailUrl\":\"https:\/\/www.jeunesdesaintjean.org\/wp-content\/uploads\/2023\/03\/JJ-Velo-Charentes.jpg\",\"datePublished\":\"2023-03-22T20:11:31+00:00\",\"dateModified\":\"2024-03-20T15:16:37+00:00\",\"breadcrumb\":{\"@id\":\"https:\/\/www.jeunesdesaintjean.org\/index.php\/jj-vtt-retour\/#breadcrumb\"},\"inLanguage\":\"fr-FR\",\"potentialAction\":[{\"@type\":\"ReadAction\",\"target\":[\"https:\/\/www.jeunesdesaintjean.org\/index.php\/jj-vtt-retour\/\"]}]},{\"@type\":\"ImageObject\",\"inLanguage\":\"fr-FR\",\"@id\":\"https:\/\/www.jeunesdesaintjean.org\/index.php\/jj-vtt-retour\/#primaryimage\",\"url\":\"https:\/\/www.jeunesdesaintjean.org\/wp-content\/uploads\/2023\/03\/JJ-Velo-Charentes.jpg\",\"contentUrl\":\"https:\/\/www.jeunesdesaintjean.org\/wp-content\/uploads\/2023\/03\/JJ-Velo-Charentes.jpg\",\"width\":1200,\"height\":1697},{\"@type\":\"BreadcrumbList\",\"@id\":\"https:\/\/www.jeunesdesaintjean.org\/index.php\/jj-vtt-retour\/#breadcrumb\",\"itemListElement\":[{\"@type\":\"ListItem\",\"position\":1,\"name\":\"Accueil\",\"item\":\"https:\/\/www.jeunesdesaintjean.org\/\"},{\"@type\":\"ListItem\",\"position\":2,\"name\":\"JJ s\u00e9jour V\u00e9lo 2023\"}]},{\"@type\":\"WebSite\",\"@id\":\"https:\/\/www.jeunesdesaintjean.org\/#website\",\"url\":\"https:\/\/www.jeunesdesaintjean.org\/\",\"name\":\"Jeunes de Saint-Jean\",\"description\":\"S\u00e9jours &quot;Spi et Sport&quot; pour Jeunes professionnels catholiques !\",\"publisher\":{\"@id\":\"https:\/\/www.jeunesdesaintjean.org\/#organization\"},\"alternateName\":\"Les JJ\",\"potentialAction\":[{\"@type\":\"SearchAction\",\"target\":{\"@type\":\"EntryPoint\",\"urlTemplate\":\"https:\/\/www.jeunesdesaintjean.org\/?s={search_term_string}\"},\"query-input\":{\"@type\":\"PropertyValueSpecification\",\"valueRequired\":true,\"valueName\":\"search_term_string\"}}],\"inLanguage\":\"fr-FR\"},{\"@type\":\"Organization\",\"@id\":\"https:\/\/www.jeunesdesaintjean.org\/#organization\",\"name\":\"Jeunes de Saint-Jean\",\"url\":\"https:\/\/www.jeunesdesaintjean.org\/\",\"logo\":{\"@type\":\"ImageObject\",\"inLanguage\":\"fr-FR\",\"@id\":\"https:\/\/www.jeunesdesaintjean.org\/#\/schema\/logo\/image\/\",\"url\":\"https:\/\/www.jeunesdesaintjean.org\/wp-content\/uploads\/2024\/01\/Logo-rouge-sur-fond-transparent.png\",\"contentUrl\":\"https:\/\/www.jeunesdesaintjean.org\/wp-content\/uploads\/2024\/01\/Logo-rouge-sur-fond-transparent.png\",\"width\":1600,\"height\":1600,\"caption\":\"Jeunes de Saint-Jean\"},\"image\":{\"@id\":\"https:\/\/www.jeunesdesaintjean.org\/#\/schema\/logo\/image\/\"},\"sameAs\":[\"https:\/\/www.facebook.com\/jeunesdesaintjean1?locale=fr_FR\",\"https:\/\/www.instagram.com\/jeunesdesaintjean\/\"]},{\"@type\":\"Person\",\"@id\":\"https:\/\/www.jeunesdesaintjean.org\/#\/schema\/person\/a4a869aa54b438384c671d21fb44e5f5\",\"name\":\"JJ\",\"image\":{\"@type\":\"ImageObject\",\"inLanguage\":\"fr-FR\",\"@id\":\"https:\/\/www.jeunesdesaintjean.org\/#\/schema\/person\/image\/\",\"url\":\"https:\/\/secure.gravatar.com\/avatar\/c13a524c2fdbf9f3d56ad0f7ddff7ab038f7f8c87f8bb6f7f1991fd1cb33abaa?s=96&d=mm&r=g\",\"contentUrl\":\"https:\/\/secure.gravatar.com\/avatar\/c13a524c2fdbf9f3d56ad0f7ddff7ab038f7f8c87f8bb6f7f1991fd1cb33abaa?s=96&d=mm&r=g\",\"caption\":\"JJ\"},\"description\":\"Les JJ ou \\\"Jeunes de Saint Jean\\\" sont une association de Jeunes pros entre 23 et 35 ans, catholiques, qui organisent des activit\u00e9s adapt\u00e9es \u00e0 cette tranche d'\u00e2ge, en France surtout, depuis plus de 30 ann\u00e9es d\u00e9j\u00e0. Cette association est accompagn\u00e9e par des Fr\u00e8res et des Soeurs de Saint-Jean.\",\"sameAs\":[\"http:\/\/www.jeunesdesaintjean.org\"],\"url\":\"https:\/\/www.jeunesdesaintjean.org\/index.php\/author\/jsj\/\"}]}<\/script>\n<!-- \/ Yoast SEO plugin. -->","yoast_head_json":{"title":"JJ s\u00e9jour V\u00e9lo 2023 - Jeunes de Saint-Jean","robots":{"index":"index","follow":"follow","max-snippet":"max-snippet:-1","max-image-preview":"max-image-preview:large","max-video-preview":"max-video-preview:-1"},"canonical":"https:\/\/www.jeunesdesaintjean.org\/index.php\/jj-vtt-retour\/","og_locale":"fr_FR","og_type":"article","og_title":"JJ s\u00e9jour V\u00e9lo 2023 - Jeunes de Saint-Jean","og_description":"INSCRIPTIONS\u00a0 ouvertes Lieu : La Charente, pays de vignobles, de soleil, et de chapelles romanes \u00e0 perte de vue\u2026 Concept : Un s\u00e9jour itin\u00e9rant \u00e0 v\u00e9lo le long de la Charente au milieu des vignes. D\u00e9paysement garanti ! Ce s\u00e9jour est une nouveaut\u00e9 2023 ! Th\u00e8me : Savons-nous vraiment nous reposer ? Accompagnement : Un [&hellip;]","og_url":"https:\/\/www.jeunesdesaintjean.org\/index.php\/jj-vtt-retour\/","og_site_name":"Jeunes de Saint-Jean","article_publisher":"https:\/\/www.facebook.com\/jeunesdesaintjean1?locale=fr_FR","article_published_time":"2023-03-22T20:11:31+00:00","article_modified_time":"2024-03-20T15:16:37+00:00","og_image":[{"width":1200,"height":1697,"url":"https:\/\/www.jeunesdesaintjean.org\/wp-content\/uploads\/2023\/03\/JJ-Velo-Charentes.jpg","type":"image\/jpeg"}],"author":"JJ","twitter_misc":{"\u00c9crit par":"JJ","Dur\u00e9e de lecture estim\u00e9e":"2 minutes"},"schema":{"@context":"https:\/\/schema.org","@graph":[{"@type":"Article","@id":"https:\/\/www.jeunesdesaintjean.org\/index.php\/jj-vtt-retour\/#article","isPartOf":{"@id":"https:\/\/www.jeunesdesaintjean.org\/index.php\/jj-vtt-retour\/"},"author":{"name":"JJ","@id":"https:\/\/www.jeunesdesaintjean.org\/#\/schema\/person\/a4a869aa54b438384c671d21fb44e5f5"},"headline":"JJ s\u00e9jour V\u00e9lo 2023","datePublished":"2023-03-22T20:11:31+00:00","dateModified":"2024-03-20T15:16:37+00:00","mainEntityOfPage":{"@id":"https:\/\/www.jeunesdesaintjean.org\/index.php\/jj-vtt-retour\/"},"wordCount":270,"publisher":{"@id":"https:\/\/www.jeunesdesaintjean.org\/#organization"},"image":{"@id":"https:\/\/www.jeunesdesaintjean.org\/index.php\/jj-vtt-retour\/#primaryimage"},"thumbnailUrl":"https:\/\/www.jeunesdesaintjean.org\/wp-content\/uploads\/2023\/03\/JJ-Velo-Charentes.jpg","keywords":["Itin\u00e9rance"],"articleSection":["V\u00e9lo"],"inLanguage":"fr-FR"},{"@type":"WebPage","@id":"https:\/\/www.jeunesdesaintjean.org\/index.php\/jj-vtt-retour\/","url":"https:\/\/www.jeunesdesaintjean.org\/index.php\/jj-vtt-retour\/","name":"JJ s\u00e9jour V\u00e9lo 2023 - Jeunes de Saint-Jean","isPartOf":{"@id":"https:\/\/www.jeunesdesaintjean.org\/#website"},"primaryImageOfPage":{"@id":"https:\/\/www.jeunesdesaintjean.org\/index.php\/jj-vtt-retour\/#primaryimage"},"image":{"@id":"https:\/\/www.jeunesdesaintjean.org\/index.php\/jj-vtt-retour\/#primaryimage"},"thumbnailUrl":"https:\/\/www.jeunesdesaintjean.org\/wp-content\/uploads\/2023\/03\/JJ-Velo-Charentes.jpg","datePublished":"2023-03-22T20:11:31+00:00","dateModified":"2024-03-20T15:16:37+00:00","breadcrumb":{"@id":"https:\/\/www.jeunesdesaintjean.org\/index.php\/jj-vtt-retour\/#breadcrumb"},"inLanguage":"fr-FR","potentialAction":[{"@type":"ReadAction","target":["https:\/\/www.jeunesdesaintjean.org\/index.php\/jj-vtt-retour\/"]}]},{"@type":"ImageObject","inLanguage":"fr-FR","@id":"https:\/\/www.jeunesdesaintjean.org\/index.php\/jj-vtt-retour\/#primaryimage","url":"https:\/\/www.jeunesdesaintjean.org\/wp-content\/uploads\/2023\/03\/JJ-Velo-Charentes.jpg","contentUrl":"https:\/\/www.jeunesdesaintjean.org\/wp-content\/uploads\/2023\/03\/JJ-Velo-Charentes.jpg","width":1200,"height":1697},{"@type":"BreadcrumbList","@id":"https:\/\/www.jeunesdesaintjean.org\/index.php\/jj-vtt-retour\/#breadcrumb","itemListElement":[{"@type":"ListItem","position":1,"name":"Accueil","item":"https:\/\/www.jeunesdesaintjean.org\/"},{"@type":"ListItem","position":2,"name":"JJ s\u00e9jour V\u00e9lo 2023"}]},{"@type":"WebSite","@id":"https:\/\/www.jeunesdesaintjean.org\/#website","url":"https:\/\/www.jeunesdesaintjean.org\/","name":"Jeunes de Saint-Jean","description":"S\u00e9jours &quot;Spi et Sport&quot; pour Jeunes professionnels catholiques !","publisher":{"@id":"https:\/\/www.jeunesdesaintjean.org\/#organization"},"alternateName":"Les JJ","potentialAction":[{"@type":"SearchAction","target":{"@type":"EntryPoint","urlTemplate":"https:\/\/www.jeunesdesaintjean.org\/?s={search_term_string}"},"query-input":{"@type":"PropertyValueSpecification","valueRequired":true,"valueName":"search_term_string"}}],"inLanguage":"fr-FR"},{"@type":"Organization","@id":"https:\/\/www.jeunesdesaintjean.org\/#organization","name":"Jeunes de Saint-Jean","url":"https:\/\/www.jeunesdesaintjean.org\/","logo":{"@type":"ImageObject","inLanguage":"fr-FR","@id":"https:\/\/www.jeunesdesaintjean.org\/#\/schema\/logo\/image\/","url":"https:\/\/www.jeunesdesaintjean.org\/wp-content\/uploads\/2024\/01\/Logo-rouge-sur-fond-transparent.png","contentUrl":"https:\/\/www.jeunesdesaintjean.org\/wp-content\/uploads\/2024\/01\/Logo-rouge-sur-fond-transparent.png","width":1600,"height":1600,"caption":"Jeunes de Saint-Jean"},"image":{"@id":"https:\/\/www.jeunesdesaintjean.org\/#\/schema\/logo\/image\/"},"sameAs":["https:\/\/www.facebook.com\/jeunesdesaintjean1?locale=fr_FR","https:\/\/www.instagram.com\/jeunesdesaintjean\/"]},{"@type":"Person","@id":"https:\/\/www.jeunesdesaintjean.org\/#\/schema\/person\/a4a869aa54b438384c671d21fb44e5f5","name":"JJ","image":{"@type":"ImageObject","inLanguage":"fr-FR","@id":"https:\/\/www.jeunesdesaintjean.org\/#\/schema\/person\/image\/","url":"https:\/\/secure.gravatar.com\/avatar\/c13a524c2fdbf9f3d56ad0f7ddff7ab038f7f8c87f8bb6f7f1991fd1cb33abaa?s=96&d=mm&r=g","contentUrl":"https:\/\/secure.gravatar.com\/avatar\/c13a524c2fdbf9f3d56ad0f7ddff7ab038f7f8c87f8bb6f7f1991fd1cb33abaa?s=96&d=mm&r=g","caption":"JJ"},"description":"Les JJ ou \"Jeunes de Saint Jean\" sont une association de Jeunes pros entre 23 et 35 ans, catholiques, qui organisent des activit\u00e9s adapt\u00e9es \u00e0 cette tranche d'\u00e2ge, en France surtout, depuis plus de 30 ann\u00e9es d\u00e9j\u00e0. Cette association est accompagn\u00e9e par des Fr\u00e8res et des Soeurs de Saint-Jean.","sameAs":["http:\/\/www.jeunesdesaintjean.org"],"url":"https:\/\/www.jeunesdesaintjean.org\/index.php\/author\/jsj\/"}]}},"jetpack_featured_media_url":"https:\/\/www.jeunesdesaintjean.org\/wp-content\/uploads\/2023\/03\/JJ-Velo-Charentes.jpg","jetpack_sharing_enabled":true,"jetpack_shortlink":"https:\/\/wp.me\/p7zN5T-Tg","_links":{"self":[{"href":"https:\/\/www.jeunesdesaintjean.org\/index.php\/wp-json\/wp\/v2\/posts\/3426","targetHints":{"allow":["GET"]}}],"collection":[{"href":"https:\/\/www.jeunesdesaintjean.org\/index.php\/wp-json\/wp\/v2\/posts"}],"about":[{"href":"https:\/\/www.jeunesdesaintjean.org\/index.php\/wp-json\/wp\/v2\/types\/post"}],"author":[{"embeddable":true,"href":"https:\/\/www.jeunesdesaintjean.org\/index.php\/wp-json\/wp\/v2\/users\/1"}],"replies":[{"embeddable":true,"href":"https:\/\/www.jeunesdesaintjean.org\/index.php\/wp-json\/wp\/v2\/comments?post=3426"}],"version-history":[{"count":13,"href":"https:\/\/www.jeunesdesaintjean.org\/index.php\/wp-json\/wp\/v2\/posts\/3426\/revisions"}],"predecessor-version":[{"id":3747,"href":"https:\/\/www.jeunesdesaintjean.org\/index.php\/wp-json\/wp\/v2\/posts\/3426\/revisions\/3747"}],"wp:featuredmedia":[{"embeddable":true,"href":"https:\/\/www.jeunesdesaintjean.org\/index.php\/wp-json\/wp\/v2\/media\/3462"}],"wp:attachment":[{"href":"https:\/\/www.jeunesdesaintjean.org\/index.php\/wp-json\/wp\/v2\/media?parent=3426"}],"wp:term":[{"taxonomy":"category","embeddable":true,"href":"https:\/\/www.jeunesdesaintjean.org\/index.php\/wp-json\/wp\/v2\/categories?post=3426"},{"taxonomy":"post_tag","embeddable":true,"href":"https:\/\/www.jeunesdesaintjean.org\/index.php\/wp-json\/wp\/v2\/tags?post=3426"}],"curies":[{"name":"wp","href":"https:\/\/api.w.org\/{rel}","templated":true}]}}