{"id":3414,"date":"2023-03-03T22:24:42","date_gmt":"2023-03-03T20:24:42","guid":{"rendered":"https:\/\/www.jeunesdesaintjean.org\/?p=3414"},"modified":"2024-03-20T18:37:40","modified_gmt":"2024-03-20T16:37:40","slug":"jj-troussures-week-end-13-14-mai","status":"publish","type":"post","link":"https:\/\/www.jeunesdesaintjean.org\/index.php\/jj-troussures-week-end-13-14-mai\/","title":{"rendered":"JJ Troussures week end 13-14 mai 2023"},"content":{"rendered":"<p><strong>Th\u00e8me : \u00a0<\/strong>les 13 et 14 mai 2023<\/p>\n<p><strong>Th\u00e8me :\u00a0<\/strong>\u00a0Le miracle de l&rsquo;amour : l&rsquo;histoire de Tobit.<\/p>\n<p>L&rsquo;histoire de Tobit nous r\u00e9v\u00e8le comment l&rsquo;amour gu\u00e9rit de l&rsquo;aveuglement et du d\u00e9sespoir. Un merveilleux conte biblique pour d\u00e9couvrir le pouvoir th\u00e9rapeutique de l&rsquo;amour! \ud83d\ude42<\/p>\n<p><b>Pr\u00e9dicateur : <\/b>P\u00e8re Thomas Joachim, th\u00e9ologien et Docteur en philosophie, ex-Prieur g\u00e9n\u00e9ral des Fr\u00e8res de Saint-Jean.<\/p>\n<p><strong>Transports :<\/strong> train ou voiture<\/p>\n<p><strong>Prix :<\/strong>\u00a095 \u20ac<\/p>\n<p><strong>Lieu :\u00a0<\/strong>\u00a0Notre-Dame de Cana<br \/>\nCommunaut\u00e9 Saint-Jean<br \/>\n3 rue du ch\u00e2teau<br \/>\n60390 Troussures<\/p>\n<p><iframe loading=\"lazy\" style=\"border: 0;\" src=\"https:\/\/www.google.com\/maps\/embed?pb=!1m18!1m12!1m3!1d2597.1619682267406!2d1.9685304156931425!3d49.386928079342766!2m3!1f0!2f0!3f0!3m2!1i1024!2i768!4f13.1!3m3!1m2!1s0x47e702d8e3eded3f%3A0x43874bd8a1a776e6!2s3+Rue+du+Ch%C3%A2teau%2C+60390+Troussures!5e0!3m2!1sfr!2sfr!4v1551213699320\" width=\"600\" height=\"450\" frameborder=\"0\" allowfullscreen=\"allowfullscreen\" data-mce-fragment=\"1\"><\/iframe><\/p>\n<p><strong>Renseignements\u00a0:<\/strong>\u00a0<a href=\"mailto:contact@ndcana.com\" target=\"_blank\" rel=\"noopener noreferrer\">contact@ndcana.com<\/a><\/p>\n<p><strong>Inscriptions :\u00a0<a href=\"https:\/\/www.stjean-troussures.fr\/we-17-35-ans,le-miracle-de-amour-histoire-de-tobit,3470,e.html\" target=\"_blank\" rel=\"noopener noreferrer\">ICI<\/a><\/strong><\/p>\n<p><strong>Facebook : [&#8230;]<\/strong><\/p>\n<p><strong>Affaires \u00e0 pr\u00e9voir :<\/strong><\/p>\n<p>affaires de toilette + serviette de toilette<br \/>\ndraps housse (90\u00d7190) + taie d\u2019oreiller<br \/>\ndraps du dessus OU sac de couchage<br \/>\ntenue et chaussures de sport =&gt; activit\u00e9s de plein air possibles (molkii, foot, jogging&#8230;) sur initiative des participants (pr\u00e9voir le mat\u00e9riel, jeux&#8230;)<br \/>\nr\u00e9veil<br \/>\nBible<br \/>\ncahier (ou bloc-notes) + stylo<br \/>\ninstruments de musique (animation des messes et veill\u00e9es).<\/p>\n<p><strong>Comment venir en voiture depuis Paris ? (90 km)<\/strong><\/p>\n<p>Adresse GPS : 3 rue du Ch\u00e2teau, 60390 Troussures<br \/>\nCoordonn\u00e9es GPS : 49.385661, 1.970498<\/p>\n<p>\u2022 Porte Maillot : prendre direction Cergy-Pontoise par La D\u00e9fense, laisser la sortie Sarcelles et, 2 km apr\u00e8s, prendre direction Beauvais par autoroute A115.<br \/>\n\u2022 Sortir \u00e0 M\u00e9ru (500 m apr\u00e8s le p\u00e9age), prendre direction M\u00e9ru Centre, puis Beauvais D927.<br \/>\n\u2022 A Saint-Quentin, direction Auneuil.<br \/>\n\u2022 A Auneuil, toujours tout droit direction Villers Saint Barth\u00e9lemy.<br \/>\n\u2022 A 1 km apr\u00e8s Auneuil, prendre \u00e0 droite direction Troussures. (Sur cette route contr\u00f4le radar fr\u00e9quent).<\/p>\n<p><strong>Comment venir en train ?<\/strong><\/p>\n<p>D\u00e9part de Paris Gare du Nord \u00e0 8h01<br \/>\nArriv\u00e9e en gare de Beauvais \u00e0 9h19<\/p>\n<p>Attention : Troussures est \u00e0 12 km de la gare de Beauvais (environ 25 minutes en voiture).<br \/>\nPour r\u00e9server votre taxi : contacter directement \u201cNicolas TAXI\u201d au : 06 07 18 61 58, une semaine \u00e0 l\u2019avance pour lui permettre d\u2019\u00e9tablir la liste des passagers participant \u00e0 la retraite.<br \/>\nTarif : selon le remplissage : entre 5 et 25 \u20ac.<\/p>\n","protected":false},"excerpt":{"rendered":"<p>Th\u00e8me : \u00a0les 13 et 14 mai 2023 Th\u00e8me :\u00a0\u00a0Le miracle de l&rsquo;amour : l&rsquo;histoire de Tobit. L&rsquo;histoire de Tobit nous r\u00e9v\u00e8le comment l&rsquo;amour gu\u00e9rit de l&rsquo;aveuglement et du d\u00e9sespoir. Un merveilleux conte biblique pour d\u00e9couvrir le pouvoir th\u00e9rapeutique de l&rsquo;amour! \ud83d\ude42 Pr\u00e9dicateur : P\u00e8re Thomas Joachim, th\u00e9ologien et Docteur en philosophie, ex-Prieur g\u00e9n\u00e9ral des [&hellip;]<\/p>\n","protected":false},"author":1,"featured_media":3470,"comment_status":"closed","ping_status":"open","sticky":false,"template":"","format":"standard","meta":{"_jetpack_newsletter_access":"","_jetpack_dont_email_post_to_subs":false,"_jetpack_newsletter_tier_id":0,"_jetpack_memberships_contains_paywalled_content":false,"two_page_speed":[],"_jetpack_memberships_contains_paid_content":false,"footnotes":""},"categories":[184],"tags":[193,192],"class_list":["post-3414","post","type-post","status-publish","format-standard","has-post-thumbnail","hentry","category-retraite-troussure","tag-enseignement","tag-retraite"],"yoast_head":"<!-- This site is optimized with the Yoast SEO plugin v27.0 - https:\/\/yoast.com\/product\/yoast-seo-wordpress\/ -->\n<title>JJ Troussures week end 13-14 mai 2023 - Jeunes de Saint-Jean<\/title>\n<meta name=\"robots\" content=\"index, follow, max-snippet:-1, max-image-preview:large, max-video-preview:-1\" \/>\n<link rel=\"canonical\" href=\"https:\/\/www.jeunesdesaintjean.org\/index.php\/jj-troussures-week-end-13-14-mai\/\" \/>\n<meta property=\"og:locale\" content=\"fr_FR\" \/>\n<meta property=\"og:type\" content=\"article\" \/>\n<meta property=\"og:title\" content=\"JJ Troussures week end 13-14 mai 2023 - Jeunes de Saint-Jean\" \/>\n<meta property=\"og:description\" content=\"Th\u00e8me : \u00a0les 13 et 14 mai 2023 Th\u00e8me :\u00a0\u00a0Le miracle de l&rsquo;amour : l&rsquo;histoire de Tobit. L&rsquo;histoire de Tobit nous r\u00e9v\u00e8le comment l&rsquo;amour gu\u00e9rit de l&rsquo;aveuglement et du d\u00e9sespoir. Un merveilleux conte biblique pour d\u00e9couvrir le pouvoir th\u00e9rapeutique de l&rsquo;amour! \ud83d\ude42 Pr\u00e9dicateur : P\u00e8re Thomas Joachim, th\u00e9ologien et Docteur en philosophie, ex-Prieur g\u00e9n\u00e9ral des [&hellip;]\" \/>\n<meta property=\"og:url\" content=\"https:\/\/www.jeunesdesaintjean.org\/index.php\/jj-troussures-week-end-13-14-mai\/\" \/>\n<meta property=\"og:site_name\" content=\"Jeunes de Saint-Jean\" \/>\n<meta property=\"article:publisher\" content=\"https:\/\/www.facebook.com\/jeunesdesaintjean1?locale=fr_FR\" \/>\n<meta property=\"article:published_time\" content=\"2023-03-03T20:24:42+00:00\" \/>\n<meta property=\"article:modified_time\" content=\"2024-03-20T16:37:40+00:00\" \/>\n<meta property=\"og:image\" content=\"https:\/\/www.jeunesdesaintjean.org\/wp-content\/uploads\/2023\/03\/JJ-Troussures-mai-2023-1.jpg\" \/>\n\t<meta property=\"og:image:width\" content=\"1448\" \/>\n\t<meta property=\"og:image:height\" content=\"2048\" \/>\n\t<meta property=\"og:image:type\" content=\"image\/jpeg\" \/>\n<meta name=\"author\" content=\"JJ\" \/>\n<meta name=\"twitter:label1\" content=\"\u00c9crit par\" \/>\n\t<meta name=\"twitter:data1\" content=\"JJ\" \/>\n\t<meta name=\"twitter:label2\" content=\"Dur\u00e9e de lecture estim\u00e9e\" \/>\n\t<meta name=\"twitter:data2\" content=\"2 minutes\" \/>\n<script type=\"application\/ld+json\" class=\"yoast-schema-graph\">{\"@context\":\"https:\/\/schema.org\",\"@graph\":[{\"@type\":\"Article\",\"@id\":\"https:\/\/www.jeunesdesaintjean.org\/index.php\/jj-troussures-week-end-13-14-mai\/#article\",\"isPartOf\":{\"@id\":\"https:\/\/www.jeunesdesaintjean.org\/index.php\/jj-troussures-week-end-13-14-mai\/\"},\"author\":{\"name\":\"JJ\",\"@id\":\"https:\/\/www.jeunesdesaintjean.org\/#\/schema\/person\/a4a869aa54b438384c671d21fb44e5f5\"},\"headline\":\"JJ Troussures week end 13-14 mai 2023\",\"datePublished\":\"2023-03-03T20:24:42+00:00\",\"dateModified\":\"2024-03-20T16:37:40+00:00\",\"mainEntityOfPage\":{\"@id\":\"https:\/\/www.jeunesdesaintjean.org\/index.php\/jj-troussures-week-end-13-14-mai\/\"},\"wordCount\":308,\"publisher\":{\"@id\":\"https:\/\/www.jeunesdesaintjean.org\/#organization\"},\"image\":{\"@id\":\"https:\/\/www.jeunesdesaintjean.org\/index.php\/jj-troussures-week-end-13-14-mai\/#primaryimage\"},\"thumbnailUrl\":\"https:\/\/www.jeunesdesaintjean.org\/wp-content\/uploads\/2023\/03\/JJ-Troussures-mai-2023-1.jpg\",\"keywords\":[\"Enseignement\",\"Retraite\"],\"articleSection\":[\"Retraite - Troussure\"],\"inLanguage\":\"fr-FR\"},{\"@type\":\"WebPage\",\"@id\":\"https:\/\/www.jeunesdesaintjean.org\/index.php\/jj-troussures-week-end-13-14-mai\/\",\"url\":\"https:\/\/www.jeunesdesaintjean.org\/index.php\/jj-troussures-week-end-13-14-mai\/\",\"name\":\"JJ Troussures week end 13-14 mai 2023 - Jeunes de Saint-Jean\",\"isPartOf\":{\"@id\":\"https:\/\/www.jeunesdesaintjean.org\/#website\"},\"primaryImageOfPage\":{\"@id\":\"https:\/\/www.jeunesdesaintjean.org\/index.php\/jj-troussures-week-end-13-14-mai\/#primaryimage\"},\"image\":{\"@id\":\"https:\/\/www.jeunesdesaintjean.org\/index.php\/jj-troussures-week-end-13-14-mai\/#primaryimage\"},\"thumbnailUrl\":\"https:\/\/www.jeunesdesaintjean.org\/wp-content\/uploads\/2023\/03\/JJ-Troussures-mai-2023-1.jpg\",\"datePublished\":\"2023-03-03T20:24:42+00:00\",\"dateModified\":\"2024-03-20T16:37:40+00:00\",\"breadcrumb\":{\"@id\":\"https:\/\/www.jeunesdesaintjean.org\/index.php\/jj-troussures-week-end-13-14-mai\/#breadcrumb\"},\"inLanguage\":\"fr-FR\",\"potentialAction\":[{\"@type\":\"ReadAction\",\"target\":[\"https:\/\/www.jeunesdesaintjean.org\/index.php\/jj-troussures-week-end-13-14-mai\/\"]}]},{\"@type\":\"ImageObject\",\"inLanguage\":\"fr-FR\",\"@id\":\"https:\/\/www.jeunesdesaintjean.org\/index.php\/jj-troussures-week-end-13-14-mai\/#primaryimage\",\"url\":\"https:\/\/www.jeunesdesaintjean.org\/wp-content\/uploads\/2023\/03\/JJ-Troussures-mai-2023-1.jpg\",\"contentUrl\":\"https:\/\/www.jeunesdesaintjean.org\/wp-content\/uploads\/2023\/03\/JJ-Troussures-mai-2023-1.jpg\",\"width\":1448,\"height\":2048},{\"@type\":\"BreadcrumbList\",\"@id\":\"https:\/\/www.jeunesdesaintjean.org\/index.php\/jj-troussures-week-end-13-14-mai\/#breadcrumb\",\"itemListElement\":[{\"@type\":\"ListItem\",\"position\":1,\"name\":\"Accueil\",\"item\":\"https:\/\/www.jeunesdesaintjean.org\/\"},{\"@type\":\"ListItem\",\"position\":2,\"name\":\"JJ Troussures week end 13-14 mai 2023\"}]},{\"@type\":\"WebSite\",\"@id\":\"https:\/\/www.jeunesdesaintjean.org\/#website\",\"url\":\"https:\/\/www.jeunesdesaintjean.org\/\",\"name\":\"Jeunes de Saint-Jean\",\"description\":\"S\u00e9jours &quot;Spi et Sport&quot; pour Jeunes professionnels catholiques !\",\"publisher\":{\"@id\":\"https:\/\/www.jeunesdesaintjean.org\/#organization\"},\"alternateName\":\"Les JJ\",\"potentialAction\":[{\"@type\":\"SearchAction\",\"target\":{\"@type\":\"EntryPoint\",\"urlTemplate\":\"https:\/\/www.jeunesdesaintjean.org\/?s={search_term_string}\"},\"query-input\":{\"@type\":\"PropertyValueSpecification\",\"valueRequired\":true,\"valueName\":\"search_term_string\"}}],\"inLanguage\":\"fr-FR\"},{\"@type\":\"Organization\",\"@id\":\"https:\/\/www.jeunesdesaintjean.org\/#organization\",\"name\":\"Jeunes de Saint-Jean\",\"url\":\"https:\/\/www.jeunesdesaintjean.org\/\",\"logo\":{\"@type\":\"ImageObject\",\"inLanguage\":\"fr-FR\",\"@id\":\"https:\/\/www.jeunesdesaintjean.org\/#\/schema\/logo\/image\/\",\"url\":\"https:\/\/www.jeunesdesaintjean.org\/wp-content\/uploads\/2024\/01\/Logo-rouge-sur-fond-transparent.png\",\"contentUrl\":\"https:\/\/www.jeunesdesaintjean.org\/wp-content\/uploads\/2024\/01\/Logo-rouge-sur-fond-transparent.png\",\"width\":1600,\"height\":1600,\"caption\":\"Jeunes de Saint-Jean\"},\"image\":{\"@id\":\"https:\/\/www.jeunesdesaintjean.org\/#\/schema\/logo\/image\/\"},\"sameAs\":[\"https:\/\/www.facebook.com\/jeunesdesaintjean1?locale=fr_FR\",\"https:\/\/www.instagram.com\/jeunesdesaintjean\/\"]},{\"@type\":\"Person\",\"@id\":\"https:\/\/www.jeunesdesaintjean.org\/#\/schema\/person\/a4a869aa54b438384c671d21fb44e5f5\",\"name\":\"JJ\",\"image\":{\"@type\":\"ImageObject\",\"inLanguage\":\"fr-FR\",\"@id\":\"https:\/\/www.jeunesdesaintjean.org\/#\/schema\/person\/image\/\",\"url\":\"https:\/\/secure.gravatar.com\/avatar\/c13a524c2fdbf9f3d56ad0f7ddff7ab038f7f8c87f8bb6f7f1991fd1cb33abaa?s=96&d=mm&r=g\",\"contentUrl\":\"https:\/\/secure.gravatar.com\/avatar\/c13a524c2fdbf9f3d56ad0f7ddff7ab038f7f8c87f8bb6f7f1991fd1cb33abaa?s=96&d=mm&r=g\",\"caption\":\"JJ\"},\"description\":\"Les JJ ou \\\"Jeunes de Saint Jean\\\" sont une association de Jeunes pros entre 23 et 35 ans, catholiques, qui organisent des activit\u00e9s adapt\u00e9es \u00e0 cette tranche d'\u00e2ge, en France surtout, depuis plus de 30 ann\u00e9es d\u00e9j\u00e0. Cette association est accompagn\u00e9e par des Fr\u00e8res et des Soeurs de Saint-Jean.\",\"sameAs\":[\"http:\/\/www.jeunesdesaintjean.org\"],\"url\":\"https:\/\/www.jeunesdesaintjean.org\/index.php\/author\/jsj\/\"}]}<\/script>\n<!-- \/ Yoast SEO plugin. -->","yoast_head_json":{"title":"JJ Troussures week end 13-14 mai 2023 - Jeunes de Saint-Jean","robots":{"index":"index","follow":"follow","max-snippet":"max-snippet:-1","max-image-preview":"max-image-preview:large","max-video-preview":"max-video-preview:-1"},"canonical":"https:\/\/www.jeunesdesaintjean.org\/index.php\/jj-troussures-week-end-13-14-mai\/","og_locale":"fr_FR","og_type":"article","og_title":"JJ Troussures week end 13-14 mai 2023 - Jeunes de Saint-Jean","og_description":"Th\u00e8me : \u00a0les 13 et 14 mai 2023 Th\u00e8me :\u00a0\u00a0Le miracle de l&rsquo;amour : l&rsquo;histoire de Tobit. L&rsquo;histoire de Tobit nous r\u00e9v\u00e8le comment l&rsquo;amour gu\u00e9rit de l&rsquo;aveuglement et du d\u00e9sespoir. Un merveilleux conte biblique pour d\u00e9couvrir le pouvoir th\u00e9rapeutique de l&rsquo;amour! \ud83d\ude42 Pr\u00e9dicateur : P\u00e8re Thomas Joachim, th\u00e9ologien et Docteur en philosophie, ex-Prieur g\u00e9n\u00e9ral des [&hellip;]","og_url":"https:\/\/www.jeunesdesaintjean.org\/index.php\/jj-troussures-week-end-13-14-mai\/","og_site_name":"Jeunes de Saint-Jean","article_publisher":"https:\/\/www.facebook.com\/jeunesdesaintjean1?locale=fr_FR","article_published_time":"2023-03-03T20:24:42+00:00","article_modified_time":"2024-03-20T16:37:40+00:00","og_image":[{"width":1448,"height":2048,"url":"https:\/\/www.jeunesdesaintjean.org\/wp-content\/uploads\/2023\/03\/JJ-Troussures-mai-2023-1.jpg","type":"image\/jpeg"}],"author":"JJ","twitter_misc":{"\u00c9crit par":"JJ","Dur\u00e9e de lecture estim\u00e9e":"2 minutes"},"schema":{"@context":"https:\/\/schema.org","@graph":[{"@type":"Article","@id":"https:\/\/www.jeunesdesaintjean.org\/index.php\/jj-troussures-week-end-13-14-mai\/#article","isPartOf":{"@id":"https:\/\/www.jeunesdesaintjean.org\/index.php\/jj-troussures-week-end-13-14-mai\/"},"author":{"name":"JJ","@id":"https:\/\/www.jeunesdesaintjean.org\/#\/schema\/person\/a4a869aa54b438384c671d21fb44e5f5"},"headline":"JJ Troussures week end 13-14 mai 2023","datePublished":"2023-03-03T20:24:42+00:00","dateModified":"2024-03-20T16:37:40+00:00","mainEntityOfPage":{"@id":"https:\/\/www.jeunesdesaintjean.org\/index.php\/jj-troussures-week-end-13-14-mai\/"},"wordCount":308,"publisher":{"@id":"https:\/\/www.jeunesdesaintjean.org\/#organization"},"image":{"@id":"https:\/\/www.jeunesdesaintjean.org\/index.php\/jj-troussures-week-end-13-14-mai\/#primaryimage"},"thumbnailUrl":"https:\/\/www.jeunesdesaintjean.org\/wp-content\/uploads\/2023\/03\/JJ-Troussures-mai-2023-1.jpg","keywords":["Enseignement","Retraite"],"articleSection":["Retraite - Troussure"],"inLanguage":"fr-FR"},{"@type":"WebPage","@id":"https:\/\/www.jeunesdesaintjean.org\/index.php\/jj-troussures-week-end-13-14-mai\/","url":"https:\/\/www.jeunesdesaintjean.org\/index.php\/jj-troussures-week-end-13-14-mai\/","name":"JJ Troussures week end 13-14 mai 2023 - Jeunes de Saint-Jean","isPartOf":{"@id":"https:\/\/www.jeunesdesaintjean.org\/#website"},"primaryImageOfPage":{"@id":"https:\/\/www.jeunesdesaintjean.org\/index.php\/jj-troussures-week-end-13-14-mai\/#primaryimage"},"image":{"@id":"https:\/\/www.jeunesdesaintjean.org\/index.php\/jj-troussures-week-end-13-14-mai\/#primaryimage"},"thumbnailUrl":"https:\/\/www.jeunesdesaintjean.org\/wp-content\/uploads\/2023\/03\/JJ-Troussures-mai-2023-1.jpg","datePublished":"2023-03-03T20:24:42+00:00","dateModified":"2024-03-20T16:37:40+00:00","breadcrumb":{"@id":"https:\/\/www.jeunesdesaintjean.org\/index.php\/jj-troussures-week-end-13-14-mai\/#breadcrumb"},"inLanguage":"fr-FR","potentialAction":[{"@type":"ReadAction","target":["https:\/\/www.jeunesdesaintjean.org\/index.php\/jj-troussures-week-end-13-14-mai\/"]}]},{"@type":"ImageObject","inLanguage":"fr-FR","@id":"https:\/\/www.jeunesdesaintjean.org\/index.php\/jj-troussures-week-end-13-14-mai\/#primaryimage","url":"https:\/\/www.jeunesdesaintjean.org\/wp-content\/uploads\/2023\/03\/JJ-Troussures-mai-2023-1.jpg","contentUrl":"https:\/\/www.jeunesdesaintjean.org\/wp-content\/uploads\/2023\/03\/JJ-Troussures-mai-2023-1.jpg","width":1448,"height":2048},{"@type":"BreadcrumbList","@id":"https:\/\/www.jeunesdesaintjean.org\/index.php\/jj-troussures-week-end-13-14-mai\/#breadcrumb","itemListElement":[{"@type":"ListItem","position":1,"name":"Accueil","item":"https:\/\/www.jeunesdesaintjean.org\/"},{"@type":"ListItem","position":2,"name":"JJ Troussures week end 13-14 mai 2023"}]},{"@type":"WebSite","@id":"https:\/\/www.jeunesdesaintjean.org\/#website","url":"https:\/\/www.jeunesdesaintjean.org\/","name":"Jeunes de Saint-Jean","description":"S\u00e9jours &quot;Spi et Sport&quot; pour Jeunes professionnels catholiques !","publisher":{"@id":"https:\/\/www.jeunesdesaintjean.org\/#organization"},"alternateName":"Les JJ","potentialAction":[{"@type":"SearchAction","target":{"@type":"EntryPoint","urlTemplate":"https:\/\/www.jeunesdesaintjean.org\/?s={search_term_string}"},"query-input":{"@type":"PropertyValueSpecification","valueRequired":true,"valueName":"search_term_string"}}],"inLanguage":"fr-FR"},{"@type":"Organization","@id":"https:\/\/www.jeunesdesaintjean.org\/#organization","name":"Jeunes de Saint-Jean","url":"https:\/\/www.jeunesdesaintjean.org\/","logo":{"@type":"ImageObject","inLanguage":"fr-FR","@id":"https:\/\/www.jeunesdesaintjean.org\/#\/schema\/logo\/image\/","url":"https:\/\/www.jeunesdesaintjean.org\/wp-content\/uploads\/2024\/01\/Logo-rouge-sur-fond-transparent.png","contentUrl":"https:\/\/www.jeunesdesaintjean.org\/wp-content\/uploads\/2024\/01\/Logo-rouge-sur-fond-transparent.png","width":1600,"height":1600,"caption":"Jeunes de Saint-Jean"},"image":{"@id":"https:\/\/www.jeunesdesaintjean.org\/#\/schema\/logo\/image\/"},"sameAs":["https:\/\/www.facebook.com\/jeunesdesaintjean1?locale=fr_FR","https:\/\/www.instagram.com\/jeunesdesaintjean\/"]},{"@type":"Person","@id":"https:\/\/www.jeunesdesaintjean.org\/#\/schema\/person\/a4a869aa54b438384c671d21fb44e5f5","name":"JJ","image":{"@type":"ImageObject","inLanguage":"fr-FR","@id":"https:\/\/www.jeunesdesaintjean.org\/#\/schema\/person\/image\/","url":"https:\/\/secure.gravatar.com\/avatar\/c13a524c2fdbf9f3d56ad0f7ddff7ab038f7f8c87f8bb6f7f1991fd1cb33abaa?s=96&d=mm&r=g","contentUrl":"https:\/\/secure.gravatar.com\/avatar\/c13a524c2fdbf9f3d56ad0f7ddff7ab038f7f8c87f8bb6f7f1991fd1cb33abaa?s=96&d=mm&r=g","caption":"JJ"},"description":"Les JJ ou \"Jeunes de Saint Jean\" sont une association de Jeunes pros entre 23 et 35 ans, catholiques, qui organisent des activit\u00e9s adapt\u00e9es \u00e0 cette tranche d'\u00e2ge, en France surtout, depuis plus de 30 ann\u00e9es d\u00e9j\u00e0. Cette association est accompagn\u00e9e par des Fr\u00e8res et des Soeurs de Saint-Jean.","sameAs":["http:\/\/www.jeunesdesaintjean.org"],"url":"https:\/\/www.jeunesdesaintjean.org\/index.php\/author\/jsj\/"}]}},"jetpack_featured_media_url":"https:\/\/www.jeunesdesaintjean.org\/wp-content\/uploads\/2023\/03\/JJ-Troussures-mai-2023-1.jpg","jetpack_sharing_enabled":true,"jetpack_shortlink":"https:\/\/wp.me\/p7zN5T-T4","_links":{"self":[{"href":"https:\/\/www.jeunesdesaintjean.org\/index.php\/wp-json\/wp\/v2\/posts\/3414","targetHints":{"allow":["GET"]}}],"collection":[{"href":"https:\/\/www.jeunesdesaintjean.org\/index.php\/wp-json\/wp\/v2\/posts"}],"about":[{"href":"https:\/\/www.jeunesdesaintjean.org\/index.php\/wp-json\/wp\/v2\/types\/post"}],"author":[{"embeddable":true,"href":"https:\/\/www.jeunesdesaintjean.org\/index.php\/wp-json\/wp\/v2\/users\/1"}],"replies":[{"embeddable":true,"href":"https:\/\/www.jeunesdesaintjean.org\/index.php\/wp-json\/wp\/v2\/comments?post=3414"}],"version-history":[{"count":2,"href":"https:\/\/www.jeunesdesaintjean.org\/index.php\/wp-json\/wp\/v2\/posts\/3414\/revisions"}],"predecessor-version":[{"id":3748,"href":"https:\/\/www.jeunesdesaintjean.org\/index.php\/wp-json\/wp\/v2\/posts\/3414\/revisions\/3748"}],"wp:featuredmedia":[{"embeddable":true,"href":"https:\/\/www.jeunesdesaintjean.org\/index.php\/wp-json\/wp\/v2\/media\/3470"}],"wp:attachment":[{"href":"https:\/\/www.jeunesdesaintjean.org\/index.php\/wp-json\/wp\/v2\/media?parent=3414"}],"wp:term":[{"taxonomy":"category","embeddable":true,"href":"https:\/\/www.jeunesdesaintjean.org\/index.php\/wp-json\/wp\/v2\/categories?post=3414"},{"taxonomy":"post_tag","embeddable":true,"href":"https:\/\/www.jeunesdesaintjean.org\/index.php\/wp-json\/wp\/v2\/tags?post=3414"}],"curies":[{"name":"wp","href":"https:\/\/api.w.org\/{rel}","templated":true}]}}