{"id":3367,"date":"2022-11-23T21:11:44","date_gmt":"2022-11-23T19:11:44","guid":{"rendered":"https:\/\/www.jeunesdesaintjean.org\/?p=3367"},"modified":"2024-03-20T17:19:15","modified_gmt":"2024-03-20T15:19:15","slug":"jj-reveillon-2022-23","status":"publish","type":"post","link":"https:\/\/www.jeunesdesaintjean.org\/index.php\/jj-reveillon-2022-23\/","title":{"rendered":"JJ R\u00e9veillon 2022-23"},"content":{"rendered":"<h4 style=\"text-align: center;\"><span style=\"color: #ff0000;\"><strong>INSCRIPTIONS OUVERTES<\/strong><\/span><\/h4>\n<p style=\"text-align: left;\">\u00ab\u00a0Tu fais quoi le 31 ?\u00a0\u00bb\u00a0L&rsquo;\u00e9ternelle question qui revient tous les ans &#8230; \ud83e\udd73\u00a0Un petit r\u00e9veillon festif et diff\u00e9rent ?\u00a0Viens avec nous ! Tu vas adorer.<\/p>\n<p style=\"text-align: left;\"><strong><br \/>\nTh\u00e8me :\u00a0<\/strong> <span style=\"color: #ff0000;\">[bient\u00f4t pr\u00e9cis\u00e9]<\/span><\/p>\n<p><strong>Programme :<\/strong>\u00a0Randos \/ topos \/ Messes \/ ap\u00e9ros \/ soir\u00e9es, surtout le 31. Et si neige : ski \/ luge \/ raquettes \/ et concours de tirs de boules de neige&#8230;<\/p>\n<p><strong>Transports :<\/strong> des covoiturages seront propos\u00e9s apr\u00e8s inscription, mais sinon, le train fonctionne bien, il arrive m\u00eame dans Murat \u00e0 5&prime; du Prieur\u00e9 des fr\u00e8res !<\/p>\n<p><strong>Prix :<\/strong>\u00a0200 \u20ac<\/p>\n<p><strong>Renseignements :<\/strong>\u00a0<a href=\"mailto:jj.activites@gmail.com\" target=\"_blank\" rel=\"noopener noreferrer\">campsjj@gmail.com<\/a><\/p>\n<p><strong>Facebook<\/strong> : c&rsquo;est <a href=\"https:\/\/www.facebook.com\/215689881895704\/posts\/pfbid02ubctniivWbvQjsSawBX1xh1wBisNuyWg6brWzTf9ecBbe6xLnWPnzx8t2oB9JB7cl\/?sfnsn=scwspmo\" target=\"_blank\" rel=\"noopener\"><strong>ICI<\/strong><\/a><\/p>\n<p><strong>Lieu :\u00a0<\/strong><\/p>\n<p><iframe loading=\"lazy\" style=\"border: 0;\" src=\"https:\/\/www.google.com\/maps\/embed?pb=!1m18!1m12!1m3!1d269643.54423175036!2d2.7101110096339562!3d45.18789421334864!2m3!1f0!2f0!3f0!3m2!1i1024!2i768!4f13.1!3m3!1m2!1s0x47f7dcab3af4e17d%3A0x68dc4013059bec03!2s15300+Murat!5e0!3m2!1sfr!2sfr!4v1542135007755\" width=\"600\" height=\"450\" frameborder=\"0\" allowfullscreen=\"allowfullscreen\" data-mce-fragment=\"1\"><\/iframe><\/p>\n<p><strong><span style=\"color: #000000;\"><em>Inscription (paiement) : veuillez entrer votre date de naissance puis valider pour pouvoir vous inscrire.<\/em><\/span><\/strong><\/p>\n<div id=\"age-checker-block\" style=\"width:initial;height:initial\">\n\t\t<h3>Age minimum requis<\/h3>\n\t\t<div id=\"answerDoBMin\"><b>D\u00e9sol\u00e9 nous pensons que tu es un peu jeune pour ce<br \/>\ns\u00e9jour, n'h\u00e9sites pas \u00e0 nous contacter pour que nous puissions en discuter<\/b><\/div>\n\t\t<div id=\"answerDoBMax\"><b>D\u00e9sol\u00e9, ce<br \/>\ns\u00e9jour est r\u00e9serv\u00e9 \u00e0 des participants un peu plus jeune<\/b><\/div>\n\t\t<div id=\"inputDoB\">\n\t\t\t<form action=\".\/#\" id=\"formDoB\">\n\t\t\t\t<p>Merci d'indiquer votre date de naissance<\/p>\n\t\t\t\t<input type=\"date\" value=\"\" id=\"doBValue\" name=\"date_of_birth\" title=\"Votre date de naissance\" required>\n\t\t\t\t<button type=\"submit\">Valider<\/button>\n\t\t\t<\/form>\n\t\t<\/div>\n\t<\/div>\n<p><iframe id=\"haWidget\" style=\"width: 100%; height: 70px; border: none;\" src=\"https:\/\/www.helloasso.com\/associations\/jeunes-de-st-jean\/evenements\/sejour-jj-reveillon\/widget-bouton\"><\/iframe><\/p>\n","protected":false},"excerpt":{"rendered":"<p>INSCRIPTIONS OUVERTES \u00ab\u00a0Tu fais quoi le 31 ?\u00a0\u00bb\u00a0L&rsquo;\u00e9ternelle question qui revient tous les ans &#8230; \ud83e\udd73\u00a0Un petit r\u00e9veillon festif et diff\u00e9rent ?\u00a0Viens avec nous ! Tu vas adorer. Th\u00e8me :\u00a0 [bient\u00f4t pr\u00e9cis\u00e9] Programme :\u00a0Randos \/ topos \/ Messes \/ ap\u00e9ros \/ soir\u00e9es, surtout le 31. Et si neige : ski \/ luge \/ raquettes \/ [&hellip;]<\/p>\n","protected":false},"author":1,"featured_media":3368,"comment_status":"closed","ping_status":"open","sticky":false,"template":"","format":"standard","meta":{"_jetpack_newsletter_access":"","_jetpack_dont_email_post_to_subs":false,"_jetpack_newsletter_tier_id":0,"_jetpack_memberships_contains_paywalled_content":false,"two_page_speed":[],"_jetpack_memberships_contains_paid_content":false,"footnotes":""},"categories":[180],"tags":[],"class_list":["post-3367","post","type-post","status-publish","format-standard","has-post-thumbnail","hentry","category-reveillon"],"yoast_head":"<!-- This site is optimized with the Yoast SEO plugin v27.0 - https:\/\/yoast.com\/product\/yoast-seo-wordpress\/ -->\n<title>JJ R\u00e9veillon 2022-23 - Jeunes de Saint-Jean<\/title>\n<meta name=\"robots\" content=\"index, follow, max-snippet:-1, max-image-preview:large, max-video-preview:-1\" \/>\n<link rel=\"canonical\" href=\"https:\/\/www.jeunesdesaintjean.org\/index.php\/jj-reveillon-2022-23\/\" \/>\n<meta property=\"og:locale\" content=\"fr_FR\" \/>\n<meta property=\"og:type\" content=\"article\" \/>\n<meta property=\"og:title\" content=\"JJ R\u00e9veillon 2022-23 - Jeunes de Saint-Jean\" \/>\n<meta property=\"og:description\" content=\"INSCRIPTIONS OUVERTES \u00ab\u00a0Tu fais quoi le 31 ?\u00a0\u00bb\u00a0L&rsquo;\u00e9ternelle question qui revient tous les ans &#8230; \ud83e\udd73\u00a0Un petit r\u00e9veillon festif et diff\u00e9rent ?\u00a0Viens avec nous ! Tu vas adorer. Th\u00e8me :\u00a0 [bient\u00f4t pr\u00e9cis\u00e9] Programme :\u00a0Randos \/ topos \/ Messes \/ ap\u00e9ros \/ soir\u00e9es, surtout le 31. Et si neige : ski \/ luge \/ raquettes \/ [&hellip;]\" \/>\n<meta property=\"og:url\" content=\"https:\/\/www.jeunesdesaintjean.org\/index.php\/jj-reveillon-2022-23\/\" \/>\n<meta property=\"og:site_name\" content=\"Jeunes de Saint-Jean\" \/>\n<meta property=\"article:publisher\" content=\"https:\/\/www.facebook.com\/jeunesdesaintjean1?locale=fr_FR\" \/>\n<meta property=\"article:published_time\" content=\"2022-11-23T19:11:44+00:00\" \/>\n<meta property=\"article:modified_time\" content=\"2024-03-20T15:19:15+00:00\" \/>\n<meta property=\"og:image\" content=\"https:\/\/www.jeunesdesaintjean.org\/wp-content\/uploads\/2022\/11\/JJ-Reveillon-2022.jpg\" \/>\n\t<meta property=\"og:image:width\" content=\"1448\" \/>\n\t<meta property=\"og:image:height\" content=\"2048\" \/>\n\t<meta property=\"og:image:type\" content=\"image\/jpeg\" \/>\n<meta name=\"author\" content=\"JJ\" \/>\n<meta name=\"twitter:label1\" content=\"\u00c9crit par\" \/>\n\t<meta name=\"twitter:data1\" content=\"JJ\" \/>\n\t<meta name=\"twitter:label2\" content=\"Dur\u00e9e de lecture estim\u00e9e\" \/>\n\t<meta name=\"twitter:data2\" content=\"1 minute\" \/>\n<script type=\"application\/ld+json\" class=\"yoast-schema-graph\">{\"@context\":\"https:\/\/schema.org\",\"@graph\":[{\"@type\":\"Article\",\"@id\":\"https:\/\/www.jeunesdesaintjean.org\/index.php\/jj-reveillon-2022-23\/#article\",\"isPartOf\":{\"@id\":\"https:\/\/www.jeunesdesaintjean.org\/index.php\/jj-reveillon-2022-23\/\"},\"author\":{\"name\":\"JJ\",\"@id\":\"https:\/\/www.jeunesdesaintjean.org\/#\/schema\/person\/a4a869aa54b438384c671d21fb44e5f5\"},\"headline\":\"JJ R\u00e9veillon 2022-23\",\"datePublished\":\"2022-11-23T19:11:44+00:00\",\"dateModified\":\"2024-03-20T15:19:15+00:00\",\"mainEntityOfPage\":{\"@id\":\"https:\/\/www.jeunesdesaintjean.org\/index.php\/jj-reveillon-2022-23\/\"},\"wordCount\":160,\"publisher\":{\"@id\":\"https:\/\/www.jeunesdesaintjean.org\/#organization\"},\"image\":{\"@id\":\"https:\/\/www.jeunesdesaintjean.org\/index.php\/jj-reveillon-2022-23\/#primaryimage\"},\"thumbnailUrl\":\"https:\/\/www.jeunesdesaintjean.org\/wp-content\/uploads\/2022\/11\/JJ-Reveillon-2022.jpg\",\"articleSection\":[\"R\u00e9veillon\"],\"inLanguage\":\"fr-FR\"},{\"@type\":\"WebPage\",\"@id\":\"https:\/\/www.jeunesdesaintjean.org\/index.php\/jj-reveillon-2022-23\/\",\"url\":\"https:\/\/www.jeunesdesaintjean.org\/index.php\/jj-reveillon-2022-23\/\",\"name\":\"JJ R\u00e9veillon 2022-23 - Jeunes de Saint-Jean\",\"isPartOf\":{\"@id\":\"https:\/\/www.jeunesdesaintjean.org\/#website\"},\"primaryImageOfPage\":{\"@id\":\"https:\/\/www.jeunesdesaintjean.org\/index.php\/jj-reveillon-2022-23\/#primaryimage\"},\"image\":{\"@id\":\"https:\/\/www.jeunesdesaintjean.org\/index.php\/jj-reveillon-2022-23\/#primaryimage\"},\"thumbnailUrl\":\"https:\/\/www.jeunesdesaintjean.org\/wp-content\/uploads\/2022\/11\/JJ-Reveillon-2022.jpg\",\"datePublished\":\"2022-11-23T19:11:44+00:00\",\"dateModified\":\"2024-03-20T15:19:15+00:00\",\"breadcrumb\":{\"@id\":\"https:\/\/www.jeunesdesaintjean.org\/index.php\/jj-reveillon-2022-23\/#breadcrumb\"},\"inLanguage\":\"fr-FR\",\"potentialAction\":[{\"@type\":\"ReadAction\",\"target\":[\"https:\/\/www.jeunesdesaintjean.org\/index.php\/jj-reveillon-2022-23\/\"]}]},{\"@type\":\"ImageObject\",\"inLanguage\":\"fr-FR\",\"@id\":\"https:\/\/www.jeunesdesaintjean.org\/index.php\/jj-reveillon-2022-23\/#primaryimage\",\"url\":\"https:\/\/www.jeunesdesaintjean.org\/wp-content\/uploads\/2022\/11\/JJ-Reveillon-2022.jpg\",\"contentUrl\":\"https:\/\/www.jeunesdesaintjean.org\/wp-content\/uploads\/2022\/11\/JJ-Reveillon-2022.jpg\",\"width\":1448,\"height\":2048},{\"@type\":\"BreadcrumbList\",\"@id\":\"https:\/\/www.jeunesdesaintjean.org\/index.php\/jj-reveillon-2022-23\/#breadcrumb\",\"itemListElement\":[{\"@type\":\"ListItem\",\"position\":1,\"name\":\"Accueil\",\"item\":\"https:\/\/www.jeunesdesaintjean.org\/\"},{\"@type\":\"ListItem\",\"position\":2,\"name\":\"JJ R\u00e9veillon 2022-23\"}]},{\"@type\":\"WebSite\",\"@id\":\"https:\/\/www.jeunesdesaintjean.org\/#website\",\"url\":\"https:\/\/www.jeunesdesaintjean.org\/\",\"name\":\"Jeunes de Saint-Jean\",\"description\":\"S\u00e9jours &quot;Spi et Sport&quot; pour Jeunes professionnels catholiques !\",\"publisher\":{\"@id\":\"https:\/\/www.jeunesdesaintjean.org\/#organization\"},\"alternateName\":\"Les JJ\",\"potentialAction\":[{\"@type\":\"SearchAction\",\"target\":{\"@type\":\"EntryPoint\",\"urlTemplate\":\"https:\/\/www.jeunesdesaintjean.org\/?s={search_term_string}\"},\"query-input\":{\"@type\":\"PropertyValueSpecification\",\"valueRequired\":true,\"valueName\":\"search_term_string\"}}],\"inLanguage\":\"fr-FR\"},{\"@type\":\"Organization\",\"@id\":\"https:\/\/www.jeunesdesaintjean.org\/#organization\",\"name\":\"Jeunes de Saint-Jean\",\"url\":\"https:\/\/www.jeunesdesaintjean.org\/\",\"logo\":{\"@type\":\"ImageObject\",\"inLanguage\":\"fr-FR\",\"@id\":\"https:\/\/www.jeunesdesaintjean.org\/#\/schema\/logo\/image\/\",\"url\":\"https:\/\/www.jeunesdesaintjean.org\/wp-content\/uploads\/2024\/01\/Logo-rouge-sur-fond-transparent.png\",\"contentUrl\":\"https:\/\/www.jeunesdesaintjean.org\/wp-content\/uploads\/2024\/01\/Logo-rouge-sur-fond-transparent.png\",\"width\":1600,\"height\":1600,\"caption\":\"Jeunes de Saint-Jean\"},\"image\":{\"@id\":\"https:\/\/www.jeunesdesaintjean.org\/#\/schema\/logo\/image\/\"},\"sameAs\":[\"https:\/\/www.facebook.com\/jeunesdesaintjean1?locale=fr_FR\",\"https:\/\/www.instagram.com\/jeunesdesaintjean\/\"]},{\"@type\":\"Person\",\"@id\":\"https:\/\/www.jeunesdesaintjean.org\/#\/schema\/person\/a4a869aa54b438384c671d21fb44e5f5\",\"name\":\"JJ\",\"image\":{\"@type\":\"ImageObject\",\"inLanguage\":\"fr-FR\",\"@id\":\"https:\/\/www.jeunesdesaintjean.org\/#\/schema\/person\/image\/\",\"url\":\"https:\/\/secure.gravatar.com\/avatar\/c13a524c2fdbf9f3d56ad0f7ddff7ab038f7f8c87f8bb6f7f1991fd1cb33abaa?s=96&d=mm&r=g\",\"contentUrl\":\"https:\/\/secure.gravatar.com\/avatar\/c13a524c2fdbf9f3d56ad0f7ddff7ab038f7f8c87f8bb6f7f1991fd1cb33abaa?s=96&d=mm&r=g\",\"caption\":\"JJ\"},\"description\":\"Les JJ ou \\\"Jeunes de Saint Jean\\\" sont une association de Jeunes pros entre 23 et 35 ans, catholiques, qui organisent des activit\u00e9s adapt\u00e9es \u00e0 cette tranche d'\u00e2ge, en France surtout, depuis plus de 30 ann\u00e9es d\u00e9j\u00e0. Cette association est accompagn\u00e9e par des Fr\u00e8res et des Soeurs de Saint-Jean.\",\"sameAs\":[\"http:\/\/www.jeunesdesaintjean.org\"],\"url\":\"https:\/\/www.jeunesdesaintjean.org\/index.php\/author\/jsj\/\"}]}<\/script>\n<!-- \/ Yoast SEO plugin. -->","yoast_head_json":{"title":"JJ R\u00e9veillon 2022-23 - Jeunes de Saint-Jean","robots":{"index":"index","follow":"follow","max-snippet":"max-snippet:-1","max-image-preview":"max-image-preview:large","max-video-preview":"max-video-preview:-1"},"canonical":"https:\/\/www.jeunesdesaintjean.org\/index.php\/jj-reveillon-2022-23\/","og_locale":"fr_FR","og_type":"article","og_title":"JJ R\u00e9veillon 2022-23 - Jeunes de Saint-Jean","og_description":"INSCRIPTIONS OUVERTES \u00ab\u00a0Tu fais quoi le 31 ?\u00a0\u00bb\u00a0L&rsquo;\u00e9ternelle question qui revient tous les ans &#8230; \ud83e\udd73\u00a0Un petit r\u00e9veillon festif et diff\u00e9rent ?\u00a0Viens avec nous ! Tu vas adorer. Th\u00e8me :\u00a0 [bient\u00f4t pr\u00e9cis\u00e9] Programme :\u00a0Randos \/ topos \/ Messes \/ ap\u00e9ros \/ soir\u00e9es, surtout le 31. Et si neige : ski \/ luge \/ raquettes \/ [&hellip;]","og_url":"https:\/\/www.jeunesdesaintjean.org\/index.php\/jj-reveillon-2022-23\/","og_site_name":"Jeunes de Saint-Jean","article_publisher":"https:\/\/www.facebook.com\/jeunesdesaintjean1?locale=fr_FR","article_published_time":"2022-11-23T19:11:44+00:00","article_modified_time":"2024-03-20T15:19:15+00:00","og_image":[{"width":1448,"height":2048,"url":"https:\/\/www.jeunesdesaintjean.org\/wp-content\/uploads\/2022\/11\/JJ-Reveillon-2022.jpg","type":"image\/jpeg"}],"author":"JJ","twitter_misc":{"\u00c9crit par":"JJ","Dur\u00e9e de lecture estim\u00e9e":"1 minute"},"schema":{"@context":"https:\/\/schema.org","@graph":[{"@type":"Article","@id":"https:\/\/www.jeunesdesaintjean.org\/index.php\/jj-reveillon-2022-23\/#article","isPartOf":{"@id":"https:\/\/www.jeunesdesaintjean.org\/index.php\/jj-reveillon-2022-23\/"},"author":{"name":"JJ","@id":"https:\/\/www.jeunesdesaintjean.org\/#\/schema\/person\/a4a869aa54b438384c671d21fb44e5f5"},"headline":"JJ R\u00e9veillon 2022-23","datePublished":"2022-11-23T19:11:44+00:00","dateModified":"2024-03-20T15:19:15+00:00","mainEntityOfPage":{"@id":"https:\/\/www.jeunesdesaintjean.org\/index.php\/jj-reveillon-2022-23\/"},"wordCount":160,"publisher":{"@id":"https:\/\/www.jeunesdesaintjean.org\/#organization"},"image":{"@id":"https:\/\/www.jeunesdesaintjean.org\/index.php\/jj-reveillon-2022-23\/#primaryimage"},"thumbnailUrl":"https:\/\/www.jeunesdesaintjean.org\/wp-content\/uploads\/2022\/11\/JJ-Reveillon-2022.jpg","articleSection":["R\u00e9veillon"],"inLanguage":"fr-FR"},{"@type":"WebPage","@id":"https:\/\/www.jeunesdesaintjean.org\/index.php\/jj-reveillon-2022-23\/","url":"https:\/\/www.jeunesdesaintjean.org\/index.php\/jj-reveillon-2022-23\/","name":"JJ R\u00e9veillon 2022-23 - Jeunes de Saint-Jean","isPartOf":{"@id":"https:\/\/www.jeunesdesaintjean.org\/#website"},"primaryImageOfPage":{"@id":"https:\/\/www.jeunesdesaintjean.org\/index.php\/jj-reveillon-2022-23\/#primaryimage"},"image":{"@id":"https:\/\/www.jeunesdesaintjean.org\/index.php\/jj-reveillon-2022-23\/#primaryimage"},"thumbnailUrl":"https:\/\/www.jeunesdesaintjean.org\/wp-content\/uploads\/2022\/11\/JJ-Reveillon-2022.jpg","datePublished":"2022-11-23T19:11:44+00:00","dateModified":"2024-03-20T15:19:15+00:00","breadcrumb":{"@id":"https:\/\/www.jeunesdesaintjean.org\/index.php\/jj-reveillon-2022-23\/#breadcrumb"},"inLanguage":"fr-FR","potentialAction":[{"@type":"ReadAction","target":["https:\/\/www.jeunesdesaintjean.org\/index.php\/jj-reveillon-2022-23\/"]}]},{"@type":"ImageObject","inLanguage":"fr-FR","@id":"https:\/\/www.jeunesdesaintjean.org\/index.php\/jj-reveillon-2022-23\/#primaryimage","url":"https:\/\/www.jeunesdesaintjean.org\/wp-content\/uploads\/2022\/11\/JJ-Reveillon-2022.jpg","contentUrl":"https:\/\/www.jeunesdesaintjean.org\/wp-content\/uploads\/2022\/11\/JJ-Reveillon-2022.jpg","width":1448,"height":2048},{"@type":"BreadcrumbList","@id":"https:\/\/www.jeunesdesaintjean.org\/index.php\/jj-reveillon-2022-23\/#breadcrumb","itemListElement":[{"@type":"ListItem","position":1,"name":"Accueil","item":"https:\/\/www.jeunesdesaintjean.org\/"},{"@type":"ListItem","position":2,"name":"JJ R\u00e9veillon 2022-23"}]},{"@type":"WebSite","@id":"https:\/\/www.jeunesdesaintjean.org\/#website","url":"https:\/\/www.jeunesdesaintjean.org\/","name":"Jeunes de Saint-Jean","description":"S\u00e9jours &quot;Spi et Sport&quot; pour Jeunes professionnels catholiques !","publisher":{"@id":"https:\/\/www.jeunesdesaintjean.org\/#organization"},"alternateName":"Les JJ","potentialAction":[{"@type":"SearchAction","target":{"@type":"EntryPoint","urlTemplate":"https:\/\/www.jeunesdesaintjean.org\/?s={search_term_string}"},"query-input":{"@type":"PropertyValueSpecification","valueRequired":true,"valueName":"search_term_string"}}],"inLanguage":"fr-FR"},{"@type":"Organization","@id":"https:\/\/www.jeunesdesaintjean.org\/#organization","name":"Jeunes de Saint-Jean","url":"https:\/\/www.jeunesdesaintjean.org\/","logo":{"@type":"ImageObject","inLanguage":"fr-FR","@id":"https:\/\/www.jeunesdesaintjean.org\/#\/schema\/logo\/image\/","url":"https:\/\/www.jeunesdesaintjean.org\/wp-content\/uploads\/2024\/01\/Logo-rouge-sur-fond-transparent.png","contentUrl":"https:\/\/www.jeunesdesaintjean.org\/wp-content\/uploads\/2024\/01\/Logo-rouge-sur-fond-transparent.png","width":1600,"height":1600,"caption":"Jeunes de Saint-Jean"},"image":{"@id":"https:\/\/www.jeunesdesaintjean.org\/#\/schema\/logo\/image\/"},"sameAs":["https:\/\/www.facebook.com\/jeunesdesaintjean1?locale=fr_FR","https:\/\/www.instagram.com\/jeunesdesaintjean\/"]},{"@type":"Person","@id":"https:\/\/www.jeunesdesaintjean.org\/#\/schema\/person\/a4a869aa54b438384c671d21fb44e5f5","name":"JJ","image":{"@type":"ImageObject","inLanguage":"fr-FR","@id":"https:\/\/www.jeunesdesaintjean.org\/#\/schema\/person\/image\/","url":"https:\/\/secure.gravatar.com\/avatar\/c13a524c2fdbf9f3d56ad0f7ddff7ab038f7f8c87f8bb6f7f1991fd1cb33abaa?s=96&d=mm&r=g","contentUrl":"https:\/\/secure.gravatar.com\/avatar\/c13a524c2fdbf9f3d56ad0f7ddff7ab038f7f8c87f8bb6f7f1991fd1cb33abaa?s=96&d=mm&r=g","caption":"JJ"},"description":"Les JJ ou \"Jeunes de Saint Jean\" sont une association de Jeunes pros entre 23 et 35 ans, catholiques, qui organisent des activit\u00e9s adapt\u00e9es \u00e0 cette tranche d'\u00e2ge, en France surtout, depuis plus de 30 ann\u00e9es d\u00e9j\u00e0. Cette association est accompagn\u00e9e par des Fr\u00e8res et des Soeurs de Saint-Jean.","sameAs":["http:\/\/www.jeunesdesaintjean.org"],"url":"https:\/\/www.jeunesdesaintjean.org\/index.php\/author\/jsj\/"}]}},"jetpack_featured_media_url":"https:\/\/www.jeunesdesaintjean.org\/wp-content\/uploads\/2022\/11\/JJ-Reveillon-2022.jpg","jetpack_sharing_enabled":true,"jetpack_shortlink":"https:\/\/wp.me\/p7zN5T-Sj","_links":{"self":[{"href":"https:\/\/www.jeunesdesaintjean.org\/index.php\/wp-json\/wp\/v2\/posts\/3367","targetHints":{"allow":["GET"]}}],"collection":[{"href":"https:\/\/www.jeunesdesaintjean.org\/index.php\/wp-json\/wp\/v2\/posts"}],"about":[{"href":"https:\/\/www.jeunesdesaintjean.org\/index.php\/wp-json\/wp\/v2\/types\/post"}],"author":[{"embeddable":true,"href":"https:\/\/www.jeunesdesaintjean.org\/index.php\/wp-json\/wp\/v2\/users\/1"}],"replies":[{"embeddable":true,"href":"https:\/\/www.jeunesdesaintjean.org\/index.php\/wp-json\/wp\/v2\/comments?post=3367"}],"version-history":[{"count":4,"href":"https:\/\/www.jeunesdesaintjean.org\/index.php\/wp-json\/wp\/v2\/posts\/3367\/revisions"}],"predecessor-version":[{"id":3373,"href":"https:\/\/www.jeunesdesaintjean.org\/index.php\/wp-json\/wp\/v2\/posts\/3367\/revisions\/3373"}],"wp:featuredmedia":[{"embeddable":true,"href":"https:\/\/www.jeunesdesaintjean.org\/index.php\/wp-json\/wp\/v2\/media\/3368"}],"wp:attachment":[{"href":"https:\/\/www.jeunesdesaintjean.org\/index.php\/wp-json\/wp\/v2\/media?parent=3367"}],"wp:term":[{"taxonomy":"category","embeddable":true,"href":"https:\/\/www.jeunesdesaintjean.org\/index.php\/wp-json\/wp\/v2\/categories?post=3367"},{"taxonomy":"post_tag","embeddable":true,"href":"https:\/\/www.jeunesdesaintjean.org\/index.php\/wp-json\/wp\/v2\/tags?post=3367"}],"curies":[{"name":"wp","href":"https:\/\/api.w.org\/{rel}","templated":true}]}}