{"id":3291,"date":"2022-02-13T22:21:00","date_gmt":"2022-02-13T20:21:00","guid":{"rendered":"https:\/\/www.jeunesdesaintjean.org\/?p=3291"},"modified":"2024-03-20T18:40:32","modified_gmt":"2024-03-20T16:40:32","slug":"jj-sejour-kite-juin-2022","status":"publish","type":"post","link":"https:\/\/www.jeunesdesaintjean.org\/index.php\/jj-sejour-kite-juin-2022\/","title":{"rendered":"JJ s\u00e9jour Kite juin 2022"},"content":{"rendered":"<h5 style=\"text-align: left;\"><span style=\"color: #ff0000;\"><strong>IN<\/strong>SCRIPTIONS : c&rsquo;est maintenant !<\/span><\/h5>\n<p><strong>Dates :<\/strong>\u00a0du 18 au 25 juin 2022<\/p>\n<p><strong>Concept :\u00a0<\/strong>Venez d\u00e9couvrir ce sport incroyablement enthousiasmant, le Kite Surf, dans l&rsquo;un des spots de Kite les plus connus d&rsquo;Europe : la plage de l&rsquo;Almanarre \u00e0 Hy\u00e8res !<\/p>\n<p>Ce s\u00e9jour vous permettra de d\u00e9couvrir un sport accessible \u00e0 tous, mais aussi de prendre le grand air, et de vous ressourcer spirituellement (Messes, Laudes, adoration) et intellectuellement (topos quotidiens). Quelques\u00a0randonn\u00e9es au\u00a0c\u0153ur\u00a0de cette r\u00e9gion magnifique seront aussi au programme (Sainte Beaume et Presqu&rsquo;\u00eele de Giens).<\/p>\n<p dir=\"ltr\"><strong>Programme type<\/strong>\u00a0: lever 8h \/ pri\u00e8re du matin \/ petit d\u00e9j \/ d\u00e9part pour 3h30 de Kite-Surf + avec pique-niques + balade \u00e9ventuelle \/ Messe au bord de la mer ou \u00e0 la maison \/ topo \/ ap\u00e9ro \/ soir\u00e9e libre (discussions, jeux de soci\u00e9t\u00e9).<\/p>\n<p dir=\"ltr\"><strong>Logement :\u00a0<\/strong>nous serons 11 en tout, dans une maison lou\u00e9e (avec piscine).<\/p>\n<p dir=\"ltr\"><strong>Niveau<\/strong> : Ce s\u00e9jour sportif s&rsquo;adresse aux d\u00e9butants comme aux confirm\u00e9s.<\/p>\n<p><strong>Prix :<\/strong> 870 \u20ac<\/p>\n<p><strong>Facebook :\u00a0<\/strong>[&#8230;]\u00a0\u00e0 venir<\/p>\n<p><strong>Contact et renseignements :<\/strong> <a href=\"mailto:campsjjdesert@gmail.com\" target=\"_blank\" rel=\"noopener noreferrer\">kitesurfjj@gmail.com<\/a><\/p>\n<p><strong>Lieu :<\/strong><\/p>\n<p><iframe loading=\"lazy\" style=\"border: 0;\" tabindex=\"0\" src=\"https:\/\/www.google.com\/maps\/embed?pb=!1m18!1m12!1m3!1d186461.97632218452!2d6.160183772197092!3d43.09467078429638!2m3!1f0!2f0!3f0!3m2!1i1024!2i768!4f13.1!3m3!1m2!1s0x12c923dbfac7766b%3A0xc86a0a7a74757c10!2sR%C3%A9sidence%20les%20Horts%201%2C%2083400%20Hy%C3%A8res!5e0!3m2!1sfr!2sfr!4v1587397093281!5m2!1sfr!2sfr\" width=\"600\" height=\"450\" frameborder=\"0\" allowfullscreen=\"allowfullscreen\" aria-hidden=\"false\" data-mce-fragment=\"1\"><\/iframe><\/p>\n<p><strong><span style=\"color: #ff0000;\">INSCRIPTIONS (paiement) : veuillez entrer votre date de naissance puis valider pour pouvoir vous inscrire.\u00a0<\/span><\/strong><\/p>\n<p><span style=\"font-weight: 400;\"><div id=\"age-checker-block\" style=\"width:initial;height:initial\">\n\t\t<h3>Age minimum requis<\/h3>\n\t\t<div id=\"answerDoBMin\"><b>D\u00e9sol\u00e9, nous pensons que tu es un peu jeune pour ce s\u00e9jour, n'h\u00e9sites pas \u00e0 nous contacter pour que nous puissions en discuter<\/b><\/div>\n\t\t<div id=\"answerDoBMax\"><b>D\u00e9sol\u00e9, ce s\u00e9jour est r\u00e9serv\u00e9 \u00e0 des participants un peu plus jeune<\/b><\/div>\n\t\t<div id=\"inputDoB\">\n\t\t\t<form action=\".\/#\" id=\"formDoB\">\n\t\t\t\t<p>Merci d'indiquer votre date de naissance<\/p>\n\t\t\t\t<input type=\"date\" value=\"\" id=\"doBValue\" name=\"date_of_birth\" title=\"Votre date de naissance\" required>\n\t\t\t\t<button type=\"submit\">Valider<\/button>\n\t\t\t<\/form>\n\t\t<\/div>\n\t<\/div><\/span><\/p>\n<p><iframe id=\"haWidget\" style=\"width: 100%; height: 70px; border: none;\" src=\"https:\/\/www.helloasso.com\/associations\/jeunes-de-st-jean\/evenements\/kite-surf-juin-2022\/widget-bouton\"><\/iframe><\/p>\n","protected":false},"excerpt":{"rendered":"<p>INSCRIPTIONS : c&rsquo;est maintenant ! Dates :\u00a0du 18 au 25 juin 2022 Concept :\u00a0Venez d\u00e9couvrir ce sport incroyablement enthousiasmant, le Kite Surf, dans l&rsquo;un des spots de Kite les plus connus d&rsquo;Europe : la plage de l&rsquo;Almanarre \u00e0 Hy\u00e8res ! Ce s\u00e9jour vous permettra de d\u00e9couvrir un sport accessible \u00e0 tous, mais aussi de prendre [&hellip;]<\/p>\n","protected":false},"author":1,"featured_media":3339,"comment_status":"open","ping_status":"open","sticky":false,"template":"","format":"standard","meta":{"_jetpack_newsletter_access":"","_jetpack_dont_email_post_to_subs":false,"_jetpack_newsletter_tier_id":0,"_jetpack_memberships_contains_paywalled_content":false,"two_page_speed":[],"_jetpack_memberships_contains_paid_content":false,"footnotes":""},"categories":[182],"tags":[190],"class_list":["post-3291","post","type-post","status-publish","format-standard","has-post-thumbnail","hentry","category-kitesurf","tag-kitesurf"],"yoast_head":"<!-- This site is optimized with the Yoast SEO plugin v27.0 - https:\/\/yoast.com\/product\/yoast-seo-wordpress\/ -->\n<title>JJ s\u00e9jour Kite juin 2022 - Jeunes de Saint-Jean<\/title>\n<meta name=\"robots\" content=\"index, follow, max-snippet:-1, max-image-preview:large, max-video-preview:-1\" \/>\n<link rel=\"canonical\" href=\"https:\/\/www.jeunesdesaintjean.org\/index.php\/jj-sejour-kite-juin-2022\/\" \/>\n<meta property=\"og:locale\" content=\"fr_FR\" \/>\n<meta property=\"og:type\" content=\"article\" \/>\n<meta property=\"og:title\" content=\"JJ s\u00e9jour Kite juin 2022 - Jeunes de Saint-Jean\" \/>\n<meta property=\"og:description\" content=\"INSCRIPTIONS : c&rsquo;est maintenant ! Dates :\u00a0du 18 au 25 juin 2022 Concept :\u00a0Venez d\u00e9couvrir ce sport incroyablement enthousiasmant, le Kite Surf, dans l&rsquo;un des spots de Kite les plus connus d&rsquo;Europe : la plage de l&rsquo;Almanarre \u00e0 Hy\u00e8res ! Ce s\u00e9jour vous permettra de d\u00e9couvrir un sport accessible \u00e0 tous, mais aussi de prendre [&hellip;]\" \/>\n<meta property=\"og:url\" content=\"https:\/\/www.jeunesdesaintjean.org\/index.php\/jj-sejour-kite-juin-2022\/\" \/>\n<meta property=\"og:site_name\" content=\"Jeunes de Saint-Jean\" \/>\n<meta property=\"article:publisher\" content=\"https:\/\/www.facebook.com\/jeunesdesaintjean1?locale=fr_FR\" \/>\n<meta property=\"article:published_time\" content=\"2022-02-13T20:21:00+00:00\" \/>\n<meta property=\"article:modified_time\" content=\"2024-03-20T16:40:32+00:00\" \/>\n<meta property=\"og:image\" content=\"https:\/\/www.jeunesdesaintjean.org\/wp-content\/uploads\/2022\/02\/Kite-Surf-2022-juin-1.jpg\" \/>\n\t<meta property=\"og:image:width\" content=\"1200\" \/>\n\t<meta property=\"og:image:height\" content=\"1697\" \/>\n\t<meta property=\"og:image:type\" content=\"image\/jpeg\" \/>\n<meta name=\"author\" content=\"JJ\" \/>\n<meta name=\"twitter:label1\" content=\"\u00c9crit par\" \/>\n\t<meta name=\"twitter:data1\" content=\"JJ\" \/>\n\t<meta name=\"twitter:label2\" content=\"Dur\u00e9e de lecture estim\u00e9e\" \/>\n\t<meta name=\"twitter:data2\" content=\"2 minutes\" \/>\n<script type=\"application\/ld+json\" class=\"yoast-schema-graph\">{\"@context\":\"https:\/\/schema.org\",\"@graph\":[{\"@type\":\"Article\",\"@id\":\"https:\/\/www.jeunesdesaintjean.org\/index.php\/jj-sejour-kite-juin-2022\/#article\",\"isPartOf\":{\"@id\":\"https:\/\/www.jeunesdesaintjean.org\/index.php\/jj-sejour-kite-juin-2022\/\"},\"author\":{\"name\":\"JJ\",\"@id\":\"https:\/\/www.jeunesdesaintjean.org\/#\/schema\/person\/a4a869aa54b438384c671d21fb44e5f5\"},\"headline\":\"JJ s\u00e9jour Kite juin 2022\",\"datePublished\":\"2022-02-13T20:21:00+00:00\",\"dateModified\":\"2024-03-20T16:40:32+00:00\",\"mainEntityOfPage\":{\"@id\":\"https:\/\/www.jeunesdesaintjean.org\/index.php\/jj-sejour-kite-juin-2022\/\"},\"wordCount\":230,\"commentCount\":0,\"publisher\":{\"@id\":\"https:\/\/www.jeunesdesaintjean.org\/#organization\"},\"image\":{\"@id\":\"https:\/\/www.jeunesdesaintjean.org\/index.php\/jj-sejour-kite-juin-2022\/#primaryimage\"},\"thumbnailUrl\":\"https:\/\/www.jeunesdesaintjean.org\/wp-content\/uploads\/2022\/02\/Kite-Surf-2022-juin-1.jpg\",\"keywords\":[\"Kitesurf\"],\"articleSection\":[\"Kitesurf\"],\"inLanguage\":\"fr-FR\",\"potentialAction\":[{\"@type\":\"CommentAction\",\"name\":\"Comment\",\"target\":[\"https:\/\/www.jeunesdesaintjean.org\/index.php\/jj-sejour-kite-juin-2022\/#respond\"]}]},{\"@type\":\"WebPage\",\"@id\":\"https:\/\/www.jeunesdesaintjean.org\/index.php\/jj-sejour-kite-juin-2022\/\",\"url\":\"https:\/\/www.jeunesdesaintjean.org\/index.php\/jj-sejour-kite-juin-2022\/\",\"name\":\"JJ s\u00e9jour Kite juin 2022 - Jeunes de Saint-Jean\",\"isPartOf\":{\"@id\":\"https:\/\/www.jeunesdesaintjean.org\/#website\"},\"primaryImageOfPage\":{\"@id\":\"https:\/\/www.jeunesdesaintjean.org\/index.php\/jj-sejour-kite-juin-2022\/#primaryimage\"},\"image\":{\"@id\":\"https:\/\/www.jeunesdesaintjean.org\/index.php\/jj-sejour-kite-juin-2022\/#primaryimage\"},\"thumbnailUrl\":\"https:\/\/www.jeunesdesaintjean.org\/wp-content\/uploads\/2022\/02\/Kite-Surf-2022-juin-1.jpg\",\"datePublished\":\"2022-02-13T20:21:00+00:00\",\"dateModified\":\"2024-03-20T16:40:32+00:00\",\"breadcrumb\":{\"@id\":\"https:\/\/www.jeunesdesaintjean.org\/index.php\/jj-sejour-kite-juin-2022\/#breadcrumb\"},\"inLanguage\":\"fr-FR\",\"potentialAction\":[{\"@type\":\"ReadAction\",\"target\":[\"https:\/\/www.jeunesdesaintjean.org\/index.php\/jj-sejour-kite-juin-2022\/\"]}]},{\"@type\":\"ImageObject\",\"inLanguage\":\"fr-FR\",\"@id\":\"https:\/\/www.jeunesdesaintjean.org\/index.php\/jj-sejour-kite-juin-2022\/#primaryimage\",\"url\":\"https:\/\/www.jeunesdesaintjean.org\/wp-content\/uploads\/2022\/02\/Kite-Surf-2022-juin-1.jpg\",\"contentUrl\":\"https:\/\/www.jeunesdesaintjean.org\/wp-content\/uploads\/2022\/02\/Kite-Surf-2022-juin-1.jpg\",\"width\":1200,\"height\":1697},{\"@type\":\"BreadcrumbList\",\"@id\":\"https:\/\/www.jeunesdesaintjean.org\/index.php\/jj-sejour-kite-juin-2022\/#breadcrumb\",\"itemListElement\":[{\"@type\":\"ListItem\",\"position\":1,\"name\":\"Accueil\",\"item\":\"https:\/\/www.jeunesdesaintjean.org\/\"},{\"@type\":\"ListItem\",\"position\":2,\"name\":\"JJ s\u00e9jour Kite juin 2022\"}]},{\"@type\":\"WebSite\",\"@id\":\"https:\/\/www.jeunesdesaintjean.org\/#website\",\"url\":\"https:\/\/www.jeunesdesaintjean.org\/\",\"name\":\"Jeunes de Saint-Jean\",\"description\":\"S\u00e9jours &quot;Spi et Sport&quot; pour Jeunes professionnels catholiques !\",\"publisher\":{\"@id\":\"https:\/\/www.jeunesdesaintjean.org\/#organization\"},\"alternateName\":\"Les JJ\",\"potentialAction\":[{\"@type\":\"SearchAction\",\"target\":{\"@type\":\"EntryPoint\",\"urlTemplate\":\"https:\/\/www.jeunesdesaintjean.org\/?s={search_term_string}\"},\"query-input\":{\"@type\":\"PropertyValueSpecification\",\"valueRequired\":true,\"valueName\":\"search_term_string\"}}],\"inLanguage\":\"fr-FR\"},{\"@type\":\"Organization\",\"@id\":\"https:\/\/www.jeunesdesaintjean.org\/#organization\",\"name\":\"Jeunes de Saint-Jean\",\"url\":\"https:\/\/www.jeunesdesaintjean.org\/\",\"logo\":{\"@type\":\"ImageObject\",\"inLanguage\":\"fr-FR\",\"@id\":\"https:\/\/www.jeunesdesaintjean.org\/#\/schema\/logo\/image\/\",\"url\":\"https:\/\/www.jeunesdesaintjean.org\/wp-content\/uploads\/2024\/01\/Logo-rouge-sur-fond-transparent.png\",\"contentUrl\":\"https:\/\/www.jeunesdesaintjean.org\/wp-content\/uploads\/2024\/01\/Logo-rouge-sur-fond-transparent.png\",\"width\":1600,\"height\":1600,\"caption\":\"Jeunes de Saint-Jean\"},\"image\":{\"@id\":\"https:\/\/www.jeunesdesaintjean.org\/#\/schema\/logo\/image\/\"},\"sameAs\":[\"https:\/\/www.facebook.com\/jeunesdesaintjean1?locale=fr_FR\",\"https:\/\/www.instagram.com\/jeunesdesaintjean\/\"]},{\"@type\":\"Person\",\"@id\":\"https:\/\/www.jeunesdesaintjean.org\/#\/schema\/person\/a4a869aa54b438384c671d21fb44e5f5\",\"name\":\"JJ\",\"image\":{\"@type\":\"ImageObject\",\"inLanguage\":\"fr-FR\",\"@id\":\"https:\/\/www.jeunesdesaintjean.org\/#\/schema\/person\/image\/\",\"url\":\"https:\/\/secure.gravatar.com\/avatar\/c13a524c2fdbf9f3d56ad0f7ddff7ab038f7f8c87f8bb6f7f1991fd1cb33abaa?s=96&d=mm&r=g\",\"contentUrl\":\"https:\/\/secure.gravatar.com\/avatar\/c13a524c2fdbf9f3d56ad0f7ddff7ab038f7f8c87f8bb6f7f1991fd1cb33abaa?s=96&d=mm&r=g\",\"caption\":\"JJ\"},\"description\":\"Les JJ ou \\\"Jeunes de Saint Jean\\\" sont une association de Jeunes pros entre 23 et 35 ans, catholiques, qui organisent des activit\u00e9s adapt\u00e9es \u00e0 cette tranche d'\u00e2ge, en France surtout, depuis plus de 30 ann\u00e9es d\u00e9j\u00e0. Cette association est accompagn\u00e9e par des Fr\u00e8res et des Soeurs de Saint-Jean.\",\"sameAs\":[\"http:\/\/www.jeunesdesaintjean.org\"],\"url\":\"https:\/\/www.jeunesdesaintjean.org\/index.php\/author\/jsj\/\"}]}<\/script>\n<!-- \/ Yoast SEO plugin. -->","yoast_head_json":{"title":"JJ s\u00e9jour Kite juin 2022 - Jeunes de Saint-Jean","robots":{"index":"index","follow":"follow","max-snippet":"max-snippet:-1","max-image-preview":"max-image-preview:large","max-video-preview":"max-video-preview:-1"},"canonical":"https:\/\/www.jeunesdesaintjean.org\/index.php\/jj-sejour-kite-juin-2022\/","og_locale":"fr_FR","og_type":"article","og_title":"JJ s\u00e9jour Kite juin 2022 - Jeunes de Saint-Jean","og_description":"INSCRIPTIONS : c&rsquo;est maintenant ! Dates :\u00a0du 18 au 25 juin 2022 Concept :\u00a0Venez d\u00e9couvrir ce sport incroyablement enthousiasmant, le Kite Surf, dans l&rsquo;un des spots de Kite les plus connus d&rsquo;Europe : la plage de l&rsquo;Almanarre \u00e0 Hy\u00e8res ! Ce s\u00e9jour vous permettra de d\u00e9couvrir un sport accessible \u00e0 tous, mais aussi de prendre [&hellip;]","og_url":"https:\/\/www.jeunesdesaintjean.org\/index.php\/jj-sejour-kite-juin-2022\/","og_site_name":"Jeunes de Saint-Jean","article_publisher":"https:\/\/www.facebook.com\/jeunesdesaintjean1?locale=fr_FR","article_published_time":"2022-02-13T20:21:00+00:00","article_modified_time":"2024-03-20T16:40:32+00:00","og_image":[{"width":1200,"height":1697,"url":"https:\/\/www.jeunesdesaintjean.org\/wp-content\/uploads\/2022\/02\/Kite-Surf-2022-juin-1.jpg","type":"image\/jpeg"}],"author":"JJ","twitter_misc":{"\u00c9crit par":"JJ","Dur\u00e9e de lecture estim\u00e9e":"2 minutes"},"schema":{"@context":"https:\/\/schema.org","@graph":[{"@type":"Article","@id":"https:\/\/www.jeunesdesaintjean.org\/index.php\/jj-sejour-kite-juin-2022\/#article","isPartOf":{"@id":"https:\/\/www.jeunesdesaintjean.org\/index.php\/jj-sejour-kite-juin-2022\/"},"author":{"name":"JJ","@id":"https:\/\/www.jeunesdesaintjean.org\/#\/schema\/person\/a4a869aa54b438384c671d21fb44e5f5"},"headline":"JJ s\u00e9jour Kite juin 2022","datePublished":"2022-02-13T20:21:00+00:00","dateModified":"2024-03-20T16:40:32+00:00","mainEntityOfPage":{"@id":"https:\/\/www.jeunesdesaintjean.org\/index.php\/jj-sejour-kite-juin-2022\/"},"wordCount":230,"commentCount":0,"publisher":{"@id":"https:\/\/www.jeunesdesaintjean.org\/#organization"},"image":{"@id":"https:\/\/www.jeunesdesaintjean.org\/index.php\/jj-sejour-kite-juin-2022\/#primaryimage"},"thumbnailUrl":"https:\/\/www.jeunesdesaintjean.org\/wp-content\/uploads\/2022\/02\/Kite-Surf-2022-juin-1.jpg","keywords":["Kitesurf"],"articleSection":["Kitesurf"],"inLanguage":"fr-FR","potentialAction":[{"@type":"CommentAction","name":"Comment","target":["https:\/\/www.jeunesdesaintjean.org\/index.php\/jj-sejour-kite-juin-2022\/#respond"]}]},{"@type":"WebPage","@id":"https:\/\/www.jeunesdesaintjean.org\/index.php\/jj-sejour-kite-juin-2022\/","url":"https:\/\/www.jeunesdesaintjean.org\/index.php\/jj-sejour-kite-juin-2022\/","name":"JJ s\u00e9jour Kite juin 2022 - Jeunes de Saint-Jean","isPartOf":{"@id":"https:\/\/www.jeunesdesaintjean.org\/#website"},"primaryImageOfPage":{"@id":"https:\/\/www.jeunesdesaintjean.org\/index.php\/jj-sejour-kite-juin-2022\/#primaryimage"},"image":{"@id":"https:\/\/www.jeunesdesaintjean.org\/index.php\/jj-sejour-kite-juin-2022\/#primaryimage"},"thumbnailUrl":"https:\/\/www.jeunesdesaintjean.org\/wp-content\/uploads\/2022\/02\/Kite-Surf-2022-juin-1.jpg","datePublished":"2022-02-13T20:21:00+00:00","dateModified":"2024-03-20T16:40:32+00:00","breadcrumb":{"@id":"https:\/\/www.jeunesdesaintjean.org\/index.php\/jj-sejour-kite-juin-2022\/#breadcrumb"},"inLanguage":"fr-FR","potentialAction":[{"@type":"ReadAction","target":["https:\/\/www.jeunesdesaintjean.org\/index.php\/jj-sejour-kite-juin-2022\/"]}]},{"@type":"ImageObject","inLanguage":"fr-FR","@id":"https:\/\/www.jeunesdesaintjean.org\/index.php\/jj-sejour-kite-juin-2022\/#primaryimage","url":"https:\/\/www.jeunesdesaintjean.org\/wp-content\/uploads\/2022\/02\/Kite-Surf-2022-juin-1.jpg","contentUrl":"https:\/\/www.jeunesdesaintjean.org\/wp-content\/uploads\/2022\/02\/Kite-Surf-2022-juin-1.jpg","width":1200,"height":1697},{"@type":"BreadcrumbList","@id":"https:\/\/www.jeunesdesaintjean.org\/index.php\/jj-sejour-kite-juin-2022\/#breadcrumb","itemListElement":[{"@type":"ListItem","position":1,"name":"Accueil","item":"https:\/\/www.jeunesdesaintjean.org\/"},{"@type":"ListItem","position":2,"name":"JJ s\u00e9jour Kite juin 2022"}]},{"@type":"WebSite","@id":"https:\/\/www.jeunesdesaintjean.org\/#website","url":"https:\/\/www.jeunesdesaintjean.org\/","name":"Jeunes de Saint-Jean","description":"S\u00e9jours &quot;Spi et Sport&quot; pour Jeunes professionnels catholiques !","publisher":{"@id":"https:\/\/www.jeunesdesaintjean.org\/#organization"},"alternateName":"Les JJ","potentialAction":[{"@type":"SearchAction","target":{"@type":"EntryPoint","urlTemplate":"https:\/\/www.jeunesdesaintjean.org\/?s={search_term_string}"},"query-input":{"@type":"PropertyValueSpecification","valueRequired":true,"valueName":"search_term_string"}}],"inLanguage":"fr-FR"},{"@type":"Organization","@id":"https:\/\/www.jeunesdesaintjean.org\/#organization","name":"Jeunes de Saint-Jean","url":"https:\/\/www.jeunesdesaintjean.org\/","logo":{"@type":"ImageObject","inLanguage":"fr-FR","@id":"https:\/\/www.jeunesdesaintjean.org\/#\/schema\/logo\/image\/","url":"https:\/\/www.jeunesdesaintjean.org\/wp-content\/uploads\/2024\/01\/Logo-rouge-sur-fond-transparent.png","contentUrl":"https:\/\/www.jeunesdesaintjean.org\/wp-content\/uploads\/2024\/01\/Logo-rouge-sur-fond-transparent.png","width":1600,"height":1600,"caption":"Jeunes de Saint-Jean"},"image":{"@id":"https:\/\/www.jeunesdesaintjean.org\/#\/schema\/logo\/image\/"},"sameAs":["https:\/\/www.facebook.com\/jeunesdesaintjean1?locale=fr_FR","https:\/\/www.instagram.com\/jeunesdesaintjean\/"]},{"@type":"Person","@id":"https:\/\/www.jeunesdesaintjean.org\/#\/schema\/person\/a4a869aa54b438384c671d21fb44e5f5","name":"JJ","image":{"@type":"ImageObject","inLanguage":"fr-FR","@id":"https:\/\/www.jeunesdesaintjean.org\/#\/schema\/person\/image\/","url":"https:\/\/secure.gravatar.com\/avatar\/c13a524c2fdbf9f3d56ad0f7ddff7ab038f7f8c87f8bb6f7f1991fd1cb33abaa?s=96&d=mm&r=g","contentUrl":"https:\/\/secure.gravatar.com\/avatar\/c13a524c2fdbf9f3d56ad0f7ddff7ab038f7f8c87f8bb6f7f1991fd1cb33abaa?s=96&d=mm&r=g","caption":"JJ"},"description":"Les JJ ou \"Jeunes de Saint Jean\" sont une association de Jeunes pros entre 23 et 35 ans, catholiques, qui organisent des activit\u00e9s adapt\u00e9es \u00e0 cette tranche d'\u00e2ge, en France surtout, depuis plus de 30 ann\u00e9es d\u00e9j\u00e0. Cette association est accompagn\u00e9e par des Fr\u00e8res et des Soeurs de Saint-Jean.","sameAs":["http:\/\/www.jeunesdesaintjean.org"],"url":"https:\/\/www.jeunesdesaintjean.org\/index.php\/author\/jsj\/"}]}},"jetpack_featured_media_url":"https:\/\/www.jeunesdesaintjean.org\/wp-content\/uploads\/2022\/02\/Kite-Surf-2022-juin-1.jpg","jetpack_sharing_enabled":true,"jetpack_shortlink":"https:\/\/wp.me\/p7zN5T-R5","_links":{"self":[{"href":"https:\/\/www.jeunesdesaintjean.org\/index.php\/wp-json\/wp\/v2\/posts\/3291","targetHints":{"allow":["GET"]}}],"collection":[{"href":"https:\/\/www.jeunesdesaintjean.org\/index.php\/wp-json\/wp\/v2\/posts"}],"about":[{"href":"https:\/\/www.jeunesdesaintjean.org\/index.php\/wp-json\/wp\/v2\/types\/post"}],"author":[{"embeddable":true,"href":"https:\/\/www.jeunesdesaintjean.org\/index.php\/wp-json\/wp\/v2\/users\/1"}],"replies":[{"embeddable":true,"href":"https:\/\/www.jeunesdesaintjean.org\/index.php\/wp-json\/wp\/v2\/comments?post=3291"}],"version-history":[{"count":6,"href":"https:\/\/www.jeunesdesaintjean.org\/index.php\/wp-json\/wp\/v2\/posts\/3291\/revisions"}],"predecessor-version":[{"id":3329,"href":"https:\/\/www.jeunesdesaintjean.org\/index.php\/wp-json\/wp\/v2\/posts\/3291\/revisions\/3329"}],"wp:featuredmedia":[{"embeddable":true,"href":"https:\/\/www.jeunesdesaintjean.org\/index.php\/wp-json\/wp\/v2\/media\/3339"}],"wp:attachment":[{"href":"https:\/\/www.jeunesdesaintjean.org\/index.php\/wp-json\/wp\/v2\/media?parent=3291"}],"wp:term":[{"taxonomy":"category","embeddable":true,"href":"https:\/\/www.jeunesdesaintjean.org\/index.php\/wp-json\/wp\/v2\/categories?post=3291"},{"taxonomy":"post_tag","embeddable":true,"href":"https:\/\/www.jeunesdesaintjean.org\/index.php\/wp-json\/wp\/v2\/tags?post=3291"}],"curies":[{"name":"wp","href":"https:\/\/api.w.org\/{rel}","templated":true}]}}