{"id":2802,"date":"2018-11-13T20:53:12","date_gmt":"2018-11-13T18:53:12","guid":{"rendered":"https:\/\/www.jeunesdesaintjean.org\/?p=2802"},"modified":"2024-03-24T22:18:17","modified_gmt":"2024-03-24T20:18:17","slug":"jj-we-reveillon","status":"publish","type":"post","link":"https:\/\/www.jeunesdesaintjean.org\/index.php\/jj-we-reveillon\/","title":{"rendered":"JJ WE R\u00e9veillon 18-19"},"content":{"rendered":"<h4 style=\"text-align: center;\"><span style=\"color: #ff0000;\"><strong>INSCRIPTIONS OUVERTES EN BAS DE PAGE<\/strong><\/span><\/h4>\n<p>&nbsp;<\/p>\n<p>Tu fais quoi le 31 ?<\/p>\n<p style=\"text-align: center;\">L&rsquo;\u00e9ternelle question qui revient tous les ans &#8230;.<\/p>\n<p style=\"text-align: center;\">Alors les JJs te pr\u00e9parent un r\u00e9veillon festif, fraternel et diff\u00e9rent&#8230; !<\/p>\n<p>Venez vous allez ADORER !!!<\/p>\n<p><strong><br \/>\nTh\u00e8me :\u00a0<\/strong> Les Bisounours au pays de la Bible<\/p>\n<p><strong>Programme :<\/strong>\u00a0Rando \/ ski \/ luge \/ raquettes \/ topos \/ messes \/ soir\u00e9e du 31<\/p>\n<p><strong>Transports :<\/strong> des covoiturages seront organis\u00e9s apr\u00e8s inscription<\/p>\n<p><strong>Prix :<\/strong>\u00a0208 \u20ac (hors activit\u00e9s payantes)<\/p>\n<p><strong>Lieu :<\/strong><\/p>\n<p><iframe loading=\"lazy\" style=\"border: 0;\" src=\"https:\/\/www.google.com\/maps\/embed?pb=!1m18!1m12!1m3!1d269643.54423175036!2d2.7101110096339562!3d45.18789421334864!2m3!1f0!2f0!3f0!3m2!1i1024!2i768!4f13.1!3m3!1m2!1s0x47f7dcab3af4e17d%3A0x68dc4013059bec03!2s15300+Murat!5e0!3m2!1sfr!2sfr!4v1542135007755\" width=\"600\" height=\"450\" frameborder=\"0\" allowfullscreen=\"allowfullscreen\"><\/iframe><br \/>\n<strong>Renseignements :<\/strong>\u00a0<a href=\"mailto:jj.activites@gmail.com\" target=\"_blank\" rel=\"noopener noreferrer\">jj.activites@gmail.com<\/a><br \/>\n<strong>Facebook :<\/strong>\u00a0<span style=\"color: #ff6600;\"><a href=\"https:\/\/www.facebook.com\/events\/1174585842666396\/\" target=\"_blank\" rel=\"noopener\">ICI<\/a><\/span><br \/>\n<a class=\"js-scrollTo\" href=\"#popup\"><img decoding=\"async\" class=\"wp-image-2053 aligncenter\" src=\"https:\/\/www.jeunesdesaintjean.org\/wp-content\/uploads\/2018\/01\/JJ-barre-de\u0301tat-v9.png\" alt=\"bouton-jj-je-minscris\" \/><\/a><\/p>\n<div id=\"age-checker-block\" style=\"width:initial;height:initial\">\n\t\t<h3>Age minimum requis<\/h3>\n\t\t<div id=\"answerDoBMin\"><b>D\u00e9sol\u00e9 nous pensons que tu es un peu jeune pour ce s\u00e9jour, n'h\u00e9sites pas \u00e0 nous contacter pour que nous puissions en discuter<\/b><\/div>\n\t\t<div id=\"answerDoBMax\"><b>D\u00e9sol\u00e9, ce s\u00e9jour est r\u00e9serv\u00e9 \u00e0 des participants un peu plus jeunes, n'h\u00e9sites pas \u00e0 nous contacter pour que nous puissions en discuter<\/b><\/div>\n\t\t<div id=\"inputDoB\">\n\t\t\t<form action=\".\/#\" id=\"formDoB\">\n\t\t\t\t<p>Merci d'indiquer votre date de naissance<\/p>\n\t\t\t\t<input type=\"date\" value=\"\" id=\"doBValue\" name=\"date_of_birth\" title=\"Votre date de naissance\" required>\n\t\t\t\t<button type=\"submit\">Valider<\/button>\n\t\t\t<\/form>\n\t\t<\/div>\n\t<\/div>\n<p>&nbsp;<\/p>\n<table style=\"height: 457px;\" width=\"605\">\n<tbody>\n<tr>\n<td width=\"1%\"><\/td>\n<td width=\"99%\"><iframe id=\"haWidget\" style=\"width: 100%; height: 750px; border: none;\" src=\"https:\/\/www.helloasso.com\/associations\/jeunes-de-st-jean\/evenements\/billetterie-we-reveillon\/widget\" scrolling=\"auto\"><\/iframe><\/p>\n<div style=\"width: 100%; text-align: center;\">Propuls\u00e9 par <a href=\"https:\/\/www.helloasso.com\" rel=\"nofollow\">HelloAsso<\/a><\/div>\n<p>&nbsp;<\/td>\n<\/tr>\n<\/tbody>\n<\/table>\n<p>&nbsp;<\/p>\n","protected":false},"excerpt":{"rendered":"<p>INSCRIPTIONS OUVERTES EN BAS DE PAGE &nbsp; Tu fais quoi le 31 ? L&rsquo;\u00e9ternelle question qui revient tous les ans &#8230;. Alors les JJs te pr\u00e9parent un r\u00e9veillon festif, fraternel et diff\u00e9rent&#8230; ! Venez vous allez ADORER !!! Th\u00e8me :\u00a0 Les Bisounours au pays de la Bible Programme :\u00a0Rando \/ ski \/ luge \/ raquettes [&hellip;]<\/p>\n","protected":false},"author":1,"featured_media":2814,"comment_status":"open","ping_status":"open","sticky":false,"template":"","format":"standard","meta":{"_jetpack_newsletter_access":"","_jetpack_dont_email_post_to_subs":false,"_jetpack_newsletter_tier_id":0,"_jetpack_memberships_contains_paywalled_content":false,"two_page_speed":[],"_jetpack_memberships_contains_paid_content":false,"footnotes":""},"categories":[180],"tags":[],"class_list":["post-2802","post","type-post","status-publish","format-standard","has-post-thumbnail","hentry","category-reveillon"],"yoast_head":"<!-- This site is optimized with the Yoast SEO plugin v27.0 - https:\/\/yoast.com\/product\/yoast-seo-wordpress\/ -->\n<title>JJ WE R\u00e9veillon 18-19 - Jeunes de Saint-Jean<\/title>\n<meta name=\"robots\" content=\"index, follow, max-snippet:-1, max-image-preview:large, max-video-preview:-1\" \/>\n<link rel=\"canonical\" href=\"https:\/\/www.jeunesdesaintjean.org\/index.php\/jj-we-reveillon\/\" \/>\n<meta property=\"og:locale\" content=\"fr_FR\" \/>\n<meta property=\"og:type\" content=\"article\" \/>\n<meta property=\"og:title\" content=\"JJ WE R\u00e9veillon 18-19 - Jeunes de Saint-Jean\" \/>\n<meta property=\"og:description\" content=\"INSCRIPTIONS OUVERTES EN BAS DE PAGE &nbsp; Tu fais quoi le 31 ? L&rsquo;\u00e9ternelle question qui revient tous les ans &#8230;. Alors les JJs te pr\u00e9parent un r\u00e9veillon festif, fraternel et diff\u00e9rent&#8230; ! Venez vous allez ADORER !!! Th\u00e8me :\u00a0 Les Bisounours au pays de la Bible Programme :\u00a0Rando \/ ski \/ luge \/ raquettes [&hellip;]\" \/>\n<meta property=\"og:url\" content=\"https:\/\/www.jeunesdesaintjean.org\/index.php\/jj-we-reveillon\/\" \/>\n<meta property=\"og:site_name\" content=\"Jeunes de Saint-Jean\" \/>\n<meta property=\"article:publisher\" content=\"https:\/\/www.facebook.com\/jeunesdesaintjean1?locale=fr_FR\" \/>\n<meta property=\"article:published_time\" content=\"2018-11-13T18:53:12+00:00\" \/>\n<meta property=\"article:modified_time\" content=\"2024-03-24T20:18:17+00:00\" \/>\n<meta property=\"og:image\" content=\"https:\/\/www.jeunesdesaintjean.org\/wp-content\/uploads\/2018\/11\/WE-R\u00e9veillon-2018.jpg\" \/>\n\t<meta property=\"og:image:width\" content=\"1448\" \/>\n\t<meta property=\"og:image:height\" content=\"2048\" \/>\n\t<meta property=\"og:image:type\" content=\"image\/jpeg\" \/>\n<meta name=\"author\" content=\"JJ\" \/>\n<meta name=\"twitter:label1\" content=\"\u00c9crit par\" \/>\n\t<meta name=\"twitter:data1\" content=\"JJ\" \/>\n\t<meta name=\"twitter:label2\" content=\"Dur\u00e9e de lecture estim\u00e9e\" \/>\n\t<meta name=\"twitter:data2\" content=\"1 minute\" \/>\n<script type=\"application\/ld+json\" class=\"yoast-schema-graph\">{\"@context\":\"https:\/\/schema.org\",\"@graph\":[{\"@type\":\"Article\",\"@id\":\"https:\/\/www.jeunesdesaintjean.org\/index.php\/jj-we-reveillon\/#article\",\"isPartOf\":{\"@id\":\"https:\/\/www.jeunesdesaintjean.org\/index.php\/jj-we-reveillon\/\"},\"author\":{\"name\":\"JJ\",\"@id\":\"https:\/\/www.jeunesdesaintjean.org\/#\/schema\/person\/a4a869aa54b438384c671d21fb44e5f5\"},\"headline\":\"JJ WE R\u00e9veillon 18-19\",\"datePublished\":\"2018-11-13T18:53:12+00:00\",\"dateModified\":\"2024-03-24T20:18:17+00:00\",\"mainEntityOfPage\":{\"@id\":\"https:\/\/www.jeunesdesaintjean.org\/index.php\/jj-we-reveillon\/\"},\"wordCount\":148,\"commentCount\":0,\"publisher\":{\"@id\":\"https:\/\/www.jeunesdesaintjean.org\/#organization\"},\"image\":{\"@id\":\"https:\/\/www.jeunesdesaintjean.org\/index.php\/jj-we-reveillon\/#primaryimage\"},\"thumbnailUrl\":\"https:\/\/www.jeunesdesaintjean.org\/wp-content\/uploads\/2018\/11\/WE-R\u00e9veillon-2018.jpg\",\"articleSection\":[\"R\u00e9veillon\"],\"inLanguage\":\"fr-FR\",\"potentialAction\":[{\"@type\":\"CommentAction\",\"name\":\"Comment\",\"target\":[\"https:\/\/www.jeunesdesaintjean.org\/index.php\/jj-we-reveillon\/#respond\"]}]},{\"@type\":\"WebPage\",\"@id\":\"https:\/\/www.jeunesdesaintjean.org\/index.php\/jj-we-reveillon\/\",\"url\":\"https:\/\/www.jeunesdesaintjean.org\/index.php\/jj-we-reveillon\/\",\"name\":\"JJ WE R\u00e9veillon 18-19 - Jeunes de Saint-Jean\",\"isPartOf\":{\"@id\":\"https:\/\/www.jeunesdesaintjean.org\/#website\"},\"primaryImageOfPage\":{\"@id\":\"https:\/\/www.jeunesdesaintjean.org\/index.php\/jj-we-reveillon\/#primaryimage\"},\"image\":{\"@id\":\"https:\/\/www.jeunesdesaintjean.org\/index.php\/jj-we-reveillon\/#primaryimage\"},\"thumbnailUrl\":\"https:\/\/www.jeunesdesaintjean.org\/wp-content\/uploads\/2018\/11\/WE-R\u00e9veillon-2018.jpg\",\"datePublished\":\"2018-11-13T18:53:12+00:00\",\"dateModified\":\"2024-03-24T20:18:17+00:00\",\"breadcrumb\":{\"@id\":\"https:\/\/www.jeunesdesaintjean.org\/index.php\/jj-we-reveillon\/#breadcrumb\"},\"inLanguage\":\"fr-FR\",\"potentialAction\":[{\"@type\":\"ReadAction\",\"target\":[\"https:\/\/www.jeunesdesaintjean.org\/index.php\/jj-we-reveillon\/\"]}]},{\"@type\":\"ImageObject\",\"inLanguage\":\"fr-FR\",\"@id\":\"https:\/\/www.jeunesdesaintjean.org\/index.php\/jj-we-reveillon\/#primaryimage\",\"url\":\"https:\/\/www.jeunesdesaintjean.org\/wp-content\/uploads\/2018\/11\/WE-R\u00e9veillon-2018.jpg\",\"contentUrl\":\"https:\/\/www.jeunesdesaintjean.org\/wp-content\/uploads\/2018\/11\/WE-R\u00e9veillon-2018.jpg\",\"width\":1448,\"height\":2048},{\"@type\":\"BreadcrumbList\",\"@id\":\"https:\/\/www.jeunesdesaintjean.org\/index.php\/jj-we-reveillon\/#breadcrumb\",\"itemListElement\":[{\"@type\":\"ListItem\",\"position\":1,\"name\":\"Accueil\",\"item\":\"https:\/\/www.jeunesdesaintjean.org\/\"},{\"@type\":\"ListItem\",\"position\":2,\"name\":\"JJ WE R\u00e9veillon 18-19\"}]},{\"@type\":\"WebSite\",\"@id\":\"https:\/\/www.jeunesdesaintjean.org\/#website\",\"url\":\"https:\/\/www.jeunesdesaintjean.org\/\",\"name\":\"Jeunes de Saint-Jean\",\"description\":\"S\u00e9jours &quot;Spi et Sport&quot; pour Jeunes professionnels catholiques !\",\"publisher\":{\"@id\":\"https:\/\/www.jeunesdesaintjean.org\/#organization\"},\"alternateName\":\"Les JJ\",\"potentialAction\":[{\"@type\":\"SearchAction\",\"target\":{\"@type\":\"EntryPoint\",\"urlTemplate\":\"https:\/\/www.jeunesdesaintjean.org\/?s={search_term_string}\"},\"query-input\":{\"@type\":\"PropertyValueSpecification\",\"valueRequired\":true,\"valueName\":\"search_term_string\"}}],\"inLanguage\":\"fr-FR\"},{\"@type\":\"Organization\",\"@id\":\"https:\/\/www.jeunesdesaintjean.org\/#organization\",\"name\":\"Jeunes de Saint-Jean\",\"url\":\"https:\/\/www.jeunesdesaintjean.org\/\",\"logo\":{\"@type\":\"ImageObject\",\"inLanguage\":\"fr-FR\",\"@id\":\"https:\/\/www.jeunesdesaintjean.org\/#\/schema\/logo\/image\/\",\"url\":\"https:\/\/www.jeunesdesaintjean.org\/wp-content\/uploads\/2024\/01\/Logo-rouge-sur-fond-transparent.png\",\"contentUrl\":\"https:\/\/www.jeunesdesaintjean.org\/wp-content\/uploads\/2024\/01\/Logo-rouge-sur-fond-transparent.png\",\"width\":1600,\"height\":1600,\"caption\":\"Jeunes de Saint-Jean\"},\"image\":{\"@id\":\"https:\/\/www.jeunesdesaintjean.org\/#\/schema\/logo\/image\/\"},\"sameAs\":[\"https:\/\/www.facebook.com\/jeunesdesaintjean1?locale=fr_FR\",\"https:\/\/www.instagram.com\/jeunesdesaintjean\/\"]},{\"@type\":\"Person\",\"@id\":\"https:\/\/www.jeunesdesaintjean.org\/#\/schema\/person\/a4a869aa54b438384c671d21fb44e5f5\",\"name\":\"JJ\",\"image\":{\"@type\":\"ImageObject\",\"inLanguage\":\"fr-FR\",\"@id\":\"https:\/\/www.jeunesdesaintjean.org\/#\/schema\/person\/image\/\",\"url\":\"https:\/\/secure.gravatar.com\/avatar\/c13a524c2fdbf9f3d56ad0f7ddff7ab038f7f8c87f8bb6f7f1991fd1cb33abaa?s=96&d=mm&r=g\",\"contentUrl\":\"https:\/\/secure.gravatar.com\/avatar\/c13a524c2fdbf9f3d56ad0f7ddff7ab038f7f8c87f8bb6f7f1991fd1cb33abaa?s=96&d=mm&r=g\",\"caption\":\"JJ\"},\"description\":\"Les JJ ou \\\"Jeunes de Saint Jean\\\" sont une association de Jeunes pros entre 23 et 35 ans, catholiques, qui organisent des activit\u00e9s adapt\u00e9es \u00e0 cette tranche d'\u00e2ge, en France surtout, depuis plus de 30 ann\u00e9es d\u00e9j\u00e0. Cette association est accompagn\u00e9e par des Fr\u00e8res et des Soeurs de Saint-Jean.\",\"sameAs\":[\"http:\/\/www.jeunesdesaintjean.org\"],\"url\":\"https:\/\/www.jeunesdesaintjean.org\/index.php\/author\/jsj\/\"}]}<\/script>\n<!-- \/ Yoast SEO plugin. -->","yoast_head_json":{"title":"JJ WE R\u00e9veillon 18-19 - Jeunes de Saint-Jean","robots":{"index":"index","follow":"follow","max-snippet":"max-snippet:-1","max-image-preview":"max-image-preview:large","max-video-preview":"max-video-preview:-1"},"canonical":"https:\/\/www.jeunesdesaintjean.org\/index.php\/jj-we-reveillon\/","og_locale":"fr_FR","og_type":"article","og_title":"JJ WE R\u00e9veillon 18-19 - Jeunes de Saint-Jean","og_description":"INSCRIPTIONS OUVERTES EN BAS DE PAGE &nbsp; Tu fais quoi le 31 ? L&rsquo;\u00e9ternelle question qui revient tous les ans &#8230;. Alors les JJs te pr\u00e9parent un r\u00e9veillon festif, fraternel et diff\u00e9rent&#8230; ! Venez vous allez ADORER !!! Th\u00e8me :\u00a0 Les Bisounours au pays de la Bible Programme :\u00a0Rando \/ ski \/ luge \/ raquettes [&hellip;]","og_url":"https:\/\/www.jeunesdesaintjean.org\/index.php\/jj-we-reveillon\/","og_site_name":"Jeunes de Saint-Jean","article_publisher":"https:\/\/www.facebook.com\/jeunesdesaintjean1?locale=fr_FR","article_published_time":"2018-11-13T18:53:12+00:00","article_modified_time":"2024-03-24T20:18:17+00:00","og_image":[{"width":1448,"height":2048,"url":"https:\/\/www.jeunesdesaintjean.org\/wp-content\/uploads\/2018\/11\/WE-R\u00e9veillon-2018.jpg","type":"image\/jpeg"}],"author":"JJ","twitter_misc":{"\u00c9crit par":"JJ","Dur\u00e9e de lecture estim\u00e9e":"1 minute"},"schema":{"@context":"https:\/\/schema.org","@graph":[{"@type":"Article","@id":"https:\/\/www.jeunesdesaintjean.org\/index.php\/jj-we-reveillon\/#article","isPartOf":{"@id":"https:\/\/www.jeunesdesaintjean.org\/index.php\/jj-we-reveillon\/"},"author":{"name":"JJ","@id":"https:\/\/www.jeunesdesaintjean.org\/#\/schema\/person\/a4a869aa54b438384c671d21fb44e5f5"},"headline":"JJ WE R\u00e9veillon 18-19","datePublished":"2018-11-13T18:53:12+00:00","dateModified":"2024-03-24T20:18:17+00:00","mainEntityOfPage":{"@id":"https:\/\/www.jeunesdesaintjean.org\/index.php\/jj-we-reveillon\/"},"wordCount":148,"commentCount":0,"publisher":{"@id":"https:\/\/www.jeunesdesaintjean.org\/#organization"},"image":{"@id":"https:\/\/www.jeunesdesaintjean.org\/index.php\/jj-we-reveillon\/#primaryimage"},"thumbnailUrl":"https:\/\/www.jeunesdesaintjean.org\/wp-content\/uploads\/2018\/11\/WE-R\u00e9veillon-2018.jpg","articleSection":["R\u00e9veillon"],"inLanguage":"fr-FR","potentialAction":[{"@type":"CommentAction","name":"Comment","target":["https:\/\/www.jeunesdesaintjean.org\/index.php\/jj-we-reveillon\/#respond"]}]},{"@type":"WebPage","@id":"https:\/\/www.jeunesdesaintjean.org\/index.php\/jj-we-reveillon\/","url":"https:\/\/www.jeunesdesaintjean.org\/index.php\/jj-we-reveillon\/","name":"JJ WE R\u00e9veillon 18-19 - Jeunes de Saint-Jean","isPartOf":{"@id":"https:\/\/www.jeunesdesaintjean.org\/#website"},"primaryImageOfPage":{"@id":"https:\/\/www.jeunesdesaintjean.org\/index.php\/jj-we-reveillon\/#primaryimage"},"image":{"@id":"https:\/\/www.jeunesdesaintjean.org\/index.php\/jj-we-reveillon\/#primaryimage"},"thumbnailUrl":"https:\/\/www.jeunesdesaintjean.org\/wp-content\/uploads\/2018\/11\/WE-R\u00e9veillon-2018.jpg","datePublished":"2018-11-13T18:53:12+00:00","dateModified":"2024-03-24T20:18:17+00:00","breadcrumb":{"@id":"https:\/\/www.jeunesdesaintjean.org\/index.php\/jj-we-reveillon\/#breadcrumb"},"inLanguage":"fr-FR","potentialAction":[{"@type":"ReadAction","target":["https:\/\/www.jeunesdesaintjean.org\/index.php\/jj-we-reveillon\/"]}]},{"@type":"ImageObject","inLanguage":"fr-FR","@id":"https:\/\/www.jeunesdesaintjean.org\/index.php\/jj-we-reveillon\/#primaryimage","url":"https:\/\/www.jeunesdesaintjean.org\/wp-content\/uploads\/2018\/11\/WE-R\u00e9veillon-2018.jpg","contentUrl":"https:\/\/www.jeunesdesaintjean.org\/wp-content\/uploads\/2018\/11\/WE-R\u00e9veillon-2018.jpg","width":1448,"height":2048},{"@type":"BreadcrumbList","@id":"https:\/\/www.jeunesdesaintjean.org\/index.php\/jj-we-reveillon\/#breadcrumb","itemListElement":[{"@type":"ListItem","position":1,"name":"Accueil","item":"https:\/\/www.jeunesdesaintjean.org\/"},{"@type":"ListItem","position":2,"name":"JJ WE R\u00e9veillon 18-19"}]},{"@type":"WebSite","@id":"https:\/\/www.jeunesdesaintjean.org\/#website","url":"https:\/\/www.jeunesdesaintjean.org\/","name":"Jeunes de Saint-Jean","description":"S\u00e9jours &quot;Spi et Sport&quot; pour Jeunes professionnels catholiques !","publisher":{"@id":"https:\/\/www.jeunesdesaintjean.org\/#organization"},"alternateName":"Les JJ","potentialAction":[{"@type":"SearchAction","target":{"@type":"EntryPoint","urlTemplate":"https:\/\/www.jeunesdesaintjean.org\/?s={search_term_string}"},"query-input":{"@type":"PropertyValueSpecification","valueRequired":true,"valueName":"search_term_string"}}],"inLanguage":"fr-FR"},{"@type":"Organization","@id":"https:\/\/www.jeunesdesaintjean.org\/#organization","name":"Jeunes de Saint-Jean","url":"https:\/\/www.jeunesdesaintjean.org\/","logo":{"@type":"ImageObject","inLanguage":"fr-FR","@id":"https:\/\/www.jeunesdesaintjean.org\/#\/schema\/logo\/image\/","url":"https:\/\/www.jeunesdesaintjean.org\/wp-content\/uploads\/2024\/01\/Logo-rouge-sur-fond-transparent.png","contentUrl":"https:\/\/www.jeunesdesaintjean.org\/wp-content\/uploads\/2024\/01\/Logo-rouge-sur-fond-transparent.png","width":1600,"height":1600,"caption":"Jeunes de Saint-Jean"},"image":{"@id":"https:\/\/www.jeunesdesaintjean.org\/#\/schema\/logo\/image\/"},"sameAs":["https:\/\/www.facebook.com\/jeunesdesaintjean1?locale=fr_FR","https:\/\/www.instagram.com\/jeunesdesaintjean\/"]},{"@type":"Person","@id":"https:\/\/www.jeunesdesaintjean.org\/#\/schema\/person\/a4a869aa54b438384c671d21fb44e5f5","name":"JJ","image":{"@type":"ImageObject","inLanguage":"fr-FR","@id":"https:\/\/www.jeunesdesaintjean.org\/#\/schema\/person\/image\/","url":"https:\/\/secure.gravatar.com\/avatar\/c13a524c2fdbf9f3d56ad0f7ddff7ab038f7f8c87f8bb6f7f1991fd1cb33abaa?s=96&d=mm&r=g","contentUrl":"https:\/\/secure.gravatar.com\/avatar\/c13a524c2fdbf9f3d56ad0f7ddff7ab038f7f8c87f8bb6f7f1991fd1cb33abaa?s=96&d=mm&r=g","caption":"JJ"},"description":"Les JJ ou \"Jeunes de Saint Jean\" sont une association de Jeunes pros entre 23 et 35 ans, catholiques, qui organisent des activit\u00e9s adapt\u00e9es \u00e0 cette tranche d'\u00e2ge, en France surtout, depuis plus de 30 ann\u00e9es d\u00e9j\u00e0. Cette association est accompagn\u00e9e par des Fr\u00e8res et des Soeurs de Saint-Jean.","sameAs":["http:\/\/www.jeunesdesaintjean.org"],"url":"https:\/\/www.jeunesdesaintjean.org\/index.php\/author\/jsj\/"}]}},"jetpack_featured_media_url":"https:\/\/www.jeunesdesaintjean.org\/wp-content\/uploads\/2018\/11\/WE-R\u00e9veillon-2018.jpg","jetpack_sharing_enabled":true,"jetpack_shortlink":"https:\/\/wp.me\/p7zN5T-Jc","_links":{"self":[{"href":"https:\/\/www.jeunesdesaintjean.org\/index.php\/wp-json\/wp\/v2\/posts\/2802","targetHints":{"allow":["GET"]}}],"collection":[{"href":"https:\/\/www.jeunesdesaintjean.org\/index.php\/wp-json\/wp\/v2\/posts"}],"about":[{"href":"https:\/\/www.jeunesdesaintjean.org\/index.php\/wp-json\/wp\/v2\/types\/post"}],"author":[{"embeddable":true,"href":"https:\/\/www.jeunesdesaintjean.org\/index.php\/wp-json\/wp\/v2\/users\/1"}],"replies":[{"embeddable":true,"href":"https:\/\/www.jeunesdesaintjean.org\/index.php\/wp-json\/wp\/v2\/comments?post=2802"}],"version-history":[{"count":14,"href":"https:\/\/www.jeunesdesaintjean.org\/index.php\/wp-json\/wp\/v2\/posts\/2802\/revisions"}],"predecessor-version":[{"id":3832,"href":"https:\/\/www.jeunesdesaintjean.org\/index.php\/wp-json\/wp\/v2\/posts\/2802\/revisions\/3832"}],"wp:featuredmedia":[{"embeddable":true,"href":"https:\/\/www.jeunesdesaintjean.org\/index.php\/wp-json\/wp\/v2\/media\/2814"}],"wp:attachment":[{"href":"https:\/\/www.jeunesdesaintjean.org\/index.php\/wp-json\/wp\/v2\/media?parent=2802"}],"wp:term":[{"taxonomy":"category","embeddable":true,"href":"https:\/\/www.jeunesdesaintjean.org\/index.php\/wp-json\/wp\/v2\/categories?post=2802"},{"taxonomy":"post_tag","embeddable":true,"href":"https:\/\/www.jeunesdesaintjean.org\/index.php\/wp-json\/wp\/v2\/tags?post=2802"}],"curies":[{"name":"wp","href":"https:\/\/api.w.org\/{rel}","templated":true}]}}