{"id":2702,"date":"2018-03-29T19:01:01","date_gmt":"2018-03-29T17:01:01","guid":{"rendered":"https:\/\/www.jeunesdesaintjean.org\/?p=2702"},"modified":"2024-03-20T17:39:43","modified_gmt":"2024-03-20T15:39:43","slug":"jj-sejour-montagne","status":"publish","type":"post","link":"https:\/\/www.jeunesdesaintjean.org\/index.php\/jj-sejour-montagne\/","title":{"rendered":"JJ S\u00e9jour Montagne 2018"},"content":{"rendered":"<p><strong>Th\u00e8me :<\/strong>\u00a0Je veux une vie grande et r\u00e9ussie ! Est-ce de l&rsquo;orgueil ?<br \/>\n<iframe loading=\"lazy\" style=\"border: none; overflow: hidden;\" src=\"https:\/\/www.facebook.com\/plugins\/video.php?href=https%3A%2F%2Fwww.facebook.com%2F215689881895704%2Fvideos%2F2362503847102307%2F&amp;width=500&amp;show_text=false&amp;height=280&amp;appId\" width=\"500\" height=\"280\" frameborder=\"0\" scrolling=\"no\" allowfullscreen=\"allowfullscreen\"><\/iframe><br \/>\n<strong>Concept :\u00a0<\/strong>Un s\u00e9jour pour randonner en moyenne montagne face au\u00a0Mont Blanc, dont\u00a02 journ\u00e9es \u201cOFF\u201d avec\u00a0activit\u00e9s libres et parfois payantes (non inclus dans le prix du s\u00e9jour),\u00a0par petits groupes.<br \/>\nAu choix : \u00a0VTT, via ferrata, rafting, bapt\u00eame de parapente, mont\u00e9e\u00a0\u00e0 l\u2019Aiguille du Midi, mais aussi, baignade, karting\u2026 MAIS SURTOUT :\u00a0<strong>possibilit\u00e9 d\u2019une ascension \u00e0 3500m d\u2019altitude<\/strong> dans la cha\u00eene du\u00a0Mont-Blanc avec\u00a0<a href=\"http:\/\/www.patrickgabarrou.com\/site\/\" target=\"_blank\" rel=\"noopener noreferrer\">Patrick Gabarrou<\/a>,\u00a0grand alpiniste de renomm\u00e9e mondiale, pour un groupe de 6 jeunes, avec une nuit en refuge (\u00e9quipement fourni).<\/p>\n<p>Le niveau sportif doit \u00eatre \u201ccorrect sans +\u201d pour suivre les randonn\u00e9es. Mais pour l\u2019option sommet avec P Gabarrou, il faut avoir d\u00e9j\u00e0 fait de la moyenne ou haute montagne et \u00eatre en bonne sant\u00e9 physique.<\/p>\n<p>Ce s\u00e9jour Montagne, qui r\u00e9unit habituellement entre 30 et 40 jeunes pros, est <strong>le plus ancien et le plus demand\u00e9<\/strong> de nos s\u00e9jours depuis 15 ans. Il offre un ressourcement spirituel et humain de grande qualit\u00e9. Messes, louanges, adorations et topos sont propos\u00e9s chaque jour.\u00a0<a href=\"http:\/\/www.patrickgabarrou.com\/site\/\" target=\"_blank\" rel=\"noopener noreferrer\"><strong>Patrick Gabarrou<\/strong><\/a>, viendra nous pr\u00e9senter sa passion de la haute montagne lors d\u2019une soir\u00e9e.<\/p>\n<p><strong>Lieu :<\/strong>\u00a0 Combloux (Haute-Savoie), dans un magnifique chalet face au Mont-blanc!<\/p>\n<p><iframe loading=\"lazy\" style=\"border: 0;\" src=\"https:\/\/www.google.com\/maps\/embed?pb=!1m18!1m12!1m3!1d88869.45250997349!2d6.566131750254466!3d45.88790515570286!2m3!1f0!2f0!3f0!3m2!1i1024!2i768!4f13.1!3m3!1m2!1s0x478bfd6eac4a62b5%3A0x408ab2ae4baa1d0!2s74920+Combloux!5e0!3m2!1sfr!2sfr!4v1522342516267\" width=\"600\" height=\"450\" frameborder=\"0\" allowfullscreen=\"allowfullscreen\"><\/iframe><\/p>\n<p><u><\/u><strong>Prix\u00a0:<\/strong> 315 \u20ac<\/p>\n<p><a class=\"js-scrollTo\" href=\"#popup\"><img decoding=\"async\" class=\"wp-image-2053 aligncenter\" src=\"https:\/\/www.jeunesdesaintjean.org\/wp-content\/uploads\/2018\/01\/JJ-barre-de\u0301tat-v9.png\" alt=\"bouton-jj-je-minscris\" \/><\/a><\/p>\n<div id=\"age-checker-block\" style=\"width:initial;height:initial\">\n\t\t<h3>Age minimum requis<\/h3>\n\t\t<div id=\"answerDoBMin\"><b>D\u00e9sol\u00e9 nous pensons que tu es un peu jeune pour ce s\u00e9jour, n'h\u00e9sites pas \u00e0 nous contacter pour que nous puissions en discuter<\/b><\/div>\n\t\t<div id=\"answerDoBMax\"><b>D\u00e9sol\u00e9, ce s\u00e9jour est r\u00e9serv\u00e9 \u00e0 des participants un peu plus jeune<\/b><\/div>\n\t\t<div id=\"inputDoB\">\n\t\t\t<form action=\".\/#\" id=\"formDoB\">\n\t\t\t\t<p>Merci d'indiquer votre date de naissance<\/p>\n\t\t\t\t<input type=\"date\" value=\"\" id=\"doBValue\" name=\"date_of_birth\" title=\"Votre date de naissance\" required>\n\t\t\t\t<button type=\"submit\">Valider<\/button>\n\t\t\t<\/form>\n\t\t<\/div>\n\t<\/div>\n<table style=\"height: 800px;\">\n<tbody>\n<tr>\n<td width=\"1%\"><\/td>\n<td width=\"99%\"><iframe loading=\"lazy\" id=\"haWidget\" style=\"width: 100%; height: 750px; border: none;\" src=\"https:\/\/www.helloasso.com\/associations\/jeunes-de-st-jean\/evenements\/sejour-jj-montagne-1\/widget\" width=\"300\" height=\"150\"><\/iframe><\/td>\n<\/tr>\n<\/tbody>\n<\/table>\n<p><strong>Ev\u00e8nement Facebook :\u00a0<\/strong><a href=\"https:\/\/www.facebook.com\/events\/187980361988728\/\">ICI<\/a><\/p>\n<p><strong>FAQ :<\/strong> <a href=\"https:\/\/www.jeunesdesaintjean.org\/wp-content\/uploads\/2018\/05\/FAQCombloux2018.pdf\">ICI<\/a><\/p>\n<p>&nbsp;<\/p>\n","protected":false},"excerpt":{"rendered":"<p>Th\u00e8me :\u00a0Je veux une vie grande et r\u00e9ussie ! Est-ce de l&rsquo;orgueil ? Concept :\u00a0Un s\u00e9jour pour randonner en moyenne montagne face au\u00a0Mont Blanc, dont\u00a02 journ\u00e9es \u201cOFF\u201d avec\u00a0activit\u00e9s libres et parfois payantes (non inclus dans le prix du s\u00e9jour),\u00a0par petits groupes. Au choix : \u00a0VTT, via ferrata, rafting, bapt\u00eame de parapente, mont\u00e9e\u00a0\u00e0 l\u2019Aiguille du Midi, [&hellip;]<\/p>\n","protected":false},"author":1,"featured_media":2714,"comment_status":"open","ping_status":"open","sticky":false,"template":"","format":"standard","meta":{"_jetpack_newsletter_access":"","_jetpack_dont_email_post_to_subs":false,"_jetpack_newsletter_tier_id":0,"_jetpack_memberships_contains_paywalled_content":false,"two_page_speed":[],"_jetpack_memberships_contains_paid_content":false,"footnotes":""},"categories":[17],"tags":[195],"class_list":["post-2702","post","type-post","status-publish","format-standard","has-post-thumbnail","hentry","category-rando-montagne","tag-randonnee"],"yoast_head":"<!-- This site is optimized with the Yoast SEO plugin v27.0 - https:\/\/yoast.com\/product\/yoast-seo-wordpress\/ -->\n<title>JJ S\u00e9jour Montagne 2018 - Jeunes de Saint-Jean<\/title>\n<meta name=\"robots\" content=\"index, follow, max-snippet:-1, max-image-preview:large, max-video-preview:-1\" \/>\n<link rel=\"canonical\" href=\"https:\/\/www.jeunesdesaintjean.org\/index.php\/jj-sejour-montagne\/\" \/>\n<meta property=\"og:locale\" content=\"fr_FR\" \/>\n<meta property=\"og:type\" content=\"article\" \/>\n<meta property=\"og:title\" content=\"JJ S\u00e9jour Montagne 2018 - Jeunes de Saint-Jean\" \/>\n<meta property=\"og:description\" content=\"Th\u00e8me :\u00a0Je veux une vie grande et r\u00e9ussie ! Est-ce de l&rsquo;orgueil ? Concept :\u00a0Un s\u00e9jour pour randonner en moyenne montagne face au\u00a0Mont Blanc, dont\u00a02 journ\u00e9es \u201cOFF\u201d avec\u00a0activit\u00e9s libres et parfois payantes (non inclus dans le prix du s\u00e9jour),\u00a0par petits groupes. Au choix : \u00a0VTT, via ferrata, rafting, bapt\u00eame de parapente, mont\u00e9e\u00a0\u00e0 l\u2019Aiguille du Midi, [&hellip;]\" \/>\n<meta property=\"og:url\" content=\"https:\/\/www.jeunesdesaintjean.org\/index.php\/jj-sejour-montagne\/\" \/>\n<meta property=\"og:site_name\" content=\"Jeunes de Saint-Jean\" \/>\n<meta property=\"article:publisher\" content=\"https:\/\/www.facebook.com\/jeunesdesaintjean1?locale=fr_FR\" \/>\n<meta property=\"article:published_time\" content=\"2018-03-29T17:01:01+00:00\" \/>\n<meta property=\"article:modified_time\" content=\"2024-03-20T15:39:43+00:00\" \/>\n<meta property=\"og:image\" content=\"https:\/\/www.jeunesdesaintjean.org\/wp-content\/uploads\/2018\/04\/JJ-Se\u0301jour-Montagne-2018.jpg\" \/>\n\t<meta property=\"og:image:width\" content=\"1200\" \/>\n\t<meta property=\"og:image:height\" content=\"1697\" \/>\n\t<meta property=\"og:image:type\" content=\"image\/jpeg\" \/>\n<meta name=\"author\" content=\"JJ\" \/>\n<meta name=\"twitter:label1\" content=\"\u00c9crit par\" \/>\n\t<meta name=\"twitter:data1\" content=\"JJ\" \/>\n\t<meta name=\"twitter:label2\" content=\"Dur\u00e9e de lecture estim\u00e9e\" \/>\n\t<meta name=\"twitter:data2\" content=\"1 minute\" \/>\n<script type=\"application\/ld+json\" class=\"yoast-schema-graph\">{\"@context\":\"https:\/\/schema.org\",\"@graph\":[{\"@type\":\"Article\",\"@id\":\"https:\/\/www.jeunesdesaintjean.org\/index.php\/jj-sejour-montagne\/#article\",\"isPartOf\":{\"@id\":\"https:\/\/www.jeunesdesaintjean.org\/index.php\/jj-sejour-montagne\/\"},\"author\":{\"name\":\"JJ\",\"@id\":\"https:\/\/www.jeunesdesaintjean.org\/#\/schema\/person\/a4a869aa54b438384c671d21fb44e5f5\"},\"headline\":\"JJ S\u00e9jour Montagne 2018\",\"datePublished\":\"2018-03-29T17:01:01+00:00\",\"dateModified\":\"2024-03-20T15:39:43+00:00\",\"mainEntityOfPage\":{\"@id\":\"https:\/\/www.jeunesdesaintjean.org\/index.php\/jj-sejour-montagne\/\"},\"wordCount\":275,\"commentCount\":0,\"publisher\":{\"@id\":\"https:\/\/www.jeunesdesaintjean.org\/#organization\"},\"image\":{\"@id\":\"https:\/\/www.jeunesdesaintjean.org\/index.php\/jj-sejour-montagne\/#primaryimage\"},\"thumbnailUrl\":\"https:\/\/www.jeunesdesaintjean.org\/wp-content\/uploads\/2018\/04\/JJ-Se\u0301jour-Montagne-2018.jpg\",\"keywords\":[\"Randonn\u00e9e\"],\"articleSection\":[\"Rando montagne\"],\"inLanguage\":\"fr-FR\",\"potentialAction\":[{\"@type\":\"CommentAction\",\"name\":\"Comment\",\"target\":[\"https:\/\/www.jeunesdesaintjean.org\/index.php\/jj-sejour-montagne\/#respond\"]}]},{\"@type\":\"WebPage\",\"@id\":\"https:\/\/www.jeunesdesaintjean.org\/index.php\/jj-sejour-montagne\/\",\"url\":\"https:\/\/www.jeunesdesaintjean.org\/index.php\/jj-sejour-montagne\/\",\"name\":\"JJ S\u00e9jour Montagne 2018 - Jeunes de Saint-Jean\",\"isPartOf\":{\"@id\":\"https:\/\/www.jeunesdesaintjean.org\/#website\"},\"primaryImageOfPage\":{\"@id\":\"https:\/\/www.jeunesdesaintjean.org\/index.php\/jj-sejour-montagne\/#primaryimage\"},\"image\":{\"@id\":\"https:\/\/www.jeunesdesaintjean.org\/index.php\/jj-sejour-montagne\/#primaryimage\"},\"thumbnailUrl\":\"https:\/\/www.jeunesdesaintjean.org\/wp-content\/uploads\/2018\/04\/JJ-Se\u0301jour-Montagne-2018.jpg\",\"datePublished\":\"2018-03-29T17:01:01+00:00\",\"dateModified\":\"2024-03-20T15:39:43+00:00\",\"breadcrumb\":{\"@id\":\"https:\/\/www.jeunesdesaintjean.org\/index.php\/jj-sejour-montagne\/#breadcrumb\"},\"inLanguage\":\"fr-FR\",\"potentialAction\":[{\"@type\":\"ReadAction\",\"target\":[\"https:\/\/www.jeunesdesaintjean.org\/index.php\/jj-sejour-montagne\/\"]}]},{\"@type\":\"ImageObject\",\"inLanguage\":\"fr-FR\",\"@id\":\"https:\/\/www.jeunesdesaintjean.org\/index.php\/jj-sejour-montagne\/#primaryimage\",\"url\":\"https:\/\/www.jeunesdesaintjean.org\/wp-content\/uploads\/2018\/04\/JJ-Se\u0301jour-Montagne-2018.jpg\",\"contentUrl\":\"https:\/\/www.jeunesdesaintjean.org\/wp-content\/uploads\/2018\/04\/JJ-Se\u0301jour-Montagne-2018.jpg\",\"width\":1200,\"height\":1697},{\"@type\":\"BreadcrumbList\",\"@id\":\"https:\/\/www.jeunesdesaintjean.org\/index.php\/jj-sejour-montagne\/#breadcrumb\",\"itemListElement\":[{\"@type\":\"ListItem\",\"position\":1,\"name\":\"Accueil\",\"item\":\"https:\/\/www.jeunesdesaintjean.org\/\"},{\"@type\":\"ListItem\",\"position\":2,\"name\":\"JJ S\u00e9jour Montagne 2018\"}]},{\"@type\":\"WebSite\",\"@id\":\"https:\/\/www.jeunesdesaintjean.org\/#website\",\"url\":\"https:\/\/www.jeunesdesaintjean.org\/\",\"name\":\"Jeunes de Saint-Jean\",\"description\":\"S\u00e9jours &quot;Spi et Sport&quot; pour Jeunes professionnels catholiques !\",\"publisher\":{\"@id\":\"https:\/\/www.jeunesdesaintjean.org\/#organization\"},\"alternateName\":\"Les JJ\",\"potentialAction\":[{\"@type\":\"SearchAction\",\"target\":{\"@type\":\"EntryPoint\",\"urlTemplate\":\"https:\/\/www.jeunesdesaintjean.org\/?s={search_term_string}\"},\"query-input\":{\"@type\":\"PropertyValueSpecification\",\"valueRequired\":true,\"valueName\":\"search_term_string\"}}],\"inLanguage\":\"fr-FR\"},{\"@type\":\"Organization\",\"@id\":\"https:\/\/www.jeunesdesaintjean.org\/#organization\",\"name\":\"Jeunes de Saint-Jean\",\"url\":\"https:\/\/www.jeunesdesaintjean.org\/\",\"logo\":{\"@type\":\"ImageObject\",\"inLanguage\":\"fr-FR\",\"@id\":\"https:\/\/www.jeunesdesaintjean.org\/#\/schema\/logo\/image\/\",\"url\":\"https:\/\/www.jeunesdesaintjean.org\/wp-content\/uploads\/2024\/01\/Logo-rouge-sur-fond-transparent.png\",\"contentUrl\":\"https:\/\/www.jeunesdesaintjean.org\/wp-content\/uploads\/2024\/01\/Logo-rouge-sur-fond-transparent.png\",\"width\":1600,\"height\":1600,\"caption\":\"Jeunes de Saint-Jean\"},\"image\":{\"@id\":\"https:\/\/www.jeunesdesaintjean.org\/#\/schema\/logo\/image\/\"},\"sameAs\":[\"https:\/\/www.facebook.com\/jeunesdesaintjean1?locale=fr_FR\",\"https:\/\/www.instagram.com\/jeunesdesaintjean\/\"]},{\"@type\":\"Person\",\"@id\":\"https:\/\/www.jeunesdesaintjean.org\/#\/schema\/person\/a4a869aa54b438384c671d21fb44e5f5\",\"name\":\"JJ\",\"image\":{\"@type\":\"ImageObject\",\"inLanguage\":\"fr-FR\",\"@id\":\"https:\/\/www.jeunesdesaintjean.org\/#\/schema\/person\/image\/\",\"url\":\"https:\/\/secure.gravatar.com\/avatar\/c13a524c2fdbf9f3d56ad0f7ddff7ab038f7f8c87f8bb6f7f1991fd1cb33abaa?s=96&d=mm&r=g\",\"contentUrl\":\"https:\/\/secure.gravatar.com\/avatar\/c13a524c2fdbf9f3d56ad0f7ddff7ab038f7f8c87f8bb6f7f1991fd1cb33abaa?s=96&d=mm&r=g\",\"caption\":\"JJ\"},\"description\":\"Les JJ ou \\\"Jeunes de Saint Jean\\\" sont une association de Jeunes pros entre 23 et 35 ans, catholiques, qui organisent des activit\u00e9s adapt\u00e9es \u00e0 cette tranche d'\u00e2ge, en France surtout, depuis plus de 30 ann\u00e9es d\u00e9j\u00e0. Cette association est accompagn\u00e9e par des Fr\u00e8res et des Soeurs de Saint-Jean.\",\"sameAs\":[\"http:\/\/www.jeunesdesaintjean.org\"],\"url\":\"https:\/\/www.jeunesdesaintjean.org\/index.php\/author\/jsj\/\"}]}<\/script>\n<!-- \/ Yoast SEO plugin. -->","yoast_head_json":{"title":"JJ S\u00e9jour Montagne 2018 - Jeunes de Saint-Jean","robots":{"index":"index","follow":"follow","max-snippet":"max-snippet:-1","max-image-preview":"max-image-preview:large","max-video-preview":"max-video-preview:-1"},"canonical":"https:\/\/www.jeunesdesaintjean.org\/index.php\/jj-sejour-montagne\/","og_locale":"fr_FR","og_type":"article","og_title":"JJ S\u00e9jour Montagne 2018 - Jeunes de Saint-Jean","og_description":"Th\u00e8me :\u00a0Je veux une vie grande et r\u00e9ussie ! Est-ce de l&rsquo;orgueil ? Concept :\u00a0Un s\u00e9jour pour randonner en moyenne montagne face au\u00a0Mont Blanc, dont\u00a02 journ\u00e9es \u201cOFF\u201d avec\u00a0activit\u00e9s libres et parfois payantes (non inclus dans le prix du s\u00e9jour),\u00a0par petits groupes. Au choix : \u00a0VTT, via ferrata, rafting, bapt\u00eame de parapente, mont\u00e9e\u00a0\u00e0 l\u2019Aiguille du Midi, [&hellip;]","og_url":"https:\/\/www.jeunesdesaintjean.org\/index.php\/jj-sejour-montagne\/","og_site_name":"Jeunes de Saint-Jean","article_publisher":"https:\/\/www.facebook.com\/jeunesdesaintjean1?locale=fr_FR","article_published_time":"2018-03-29T17:01:01+00:00","article_modified_time":"2024-03-20T15:39:43+00:00","og_image":[{"width":1200,"height":1697,"url":"https:\/\/www.jeunesdesaintjean.org\/wp-content\/uploads\/2018\/04\/JJ-Se\u0301jour-Montagne-2018.jpg","type":"image\/jpeg"}],"author":"JJ","twitter_misc":{"\u00c9crit par":"JJ","Dur\u00e9e de lecture estim\u00e9e":"1 minute"},"schema":{"@context":"https:\/\/schema.org","@graph":[{"@type":"Article","@id":"https:\/\/www.jeunesdesaintjean.org\/index.php\/jj-sejour-montagne\/#article","isPartOf":{"@id":"https:\/\/www.jeunesdesaintjean.org\/index.php\/jj-sejour-montagne\/"},"author":{"name":"JJ","@id":"https:\/\/www.jeunesdesaintjean.org\/#\/schema\/person\/a4a869aa54b438384c671d21fb44e5f5"},"headline":"JJ S\u00e9jour Montagne 2018","datePublished":"2018-03-29T17:01:01+00:00","dateModified":"2024-03-20T15:39:43+00:00","mainEntityOfPage":{"@id":"https:\/\/www.jeunesdesaintjean.org\/index.php\/jj-sejour-montagne\/"},"wordCount":275,"commentCount":0,"publisher":{"@id":"https:\/\/www.jeunesdesaintjean.org\/#organization"},"image":{"@id":"https:\/\/www.jeunesdesaintjean.org\/index.php\/jj-sejour-montagne\/#primaryimage"},"thumbnailUrl":"https:\/\/www.jeunesdesaintjean.org\/wp-content\/uploads\/2018\/04\/JJ-Se\u0301jour-Montagne-2018.jpg","keywords":["Randonn\u00e9e"],"articleSection":["Rando montagne"],"inLanguage":"fr-FR","potentialAction":[{"@type":"CommentAction","name":"Comment","target":["https:\/\/www.jeunesdesaintjean.org\/index.php\/jj-sejour-montagne\/#respond"]}]},{"@type":"WebPage","@id":"https:\/\/www.jeunesdesaintjean.org\/index.php\/jj-sejour-montagne\/","url":"https:\/\/www.jeunesdesaintjean.org\/index.php\/jj-sejour-montagne\/","name":"JJ S\u00e9jour Montagne 2018 - Jeunes de Saint-Jean","isPartOf":{"@id":"https:\/\/www.jeunesdesaintjean.org\/#website"},"primaryImageOfPage":{"@id":"https:\/\/www.jeunesdesaintjean.org\/index.php\/jj-sejour-montagne\/#primaryimage"},"image":{"@id":"https:\/\/www.jeunesdesaintjean.org\/index.php\/jj-sejour-montagne\/#primaryimage"},"thumbnailUrl":"https:\/\/www.jeunesdesaintjean.org\/wp-content\/uploads\/2018\/04\/JJ-Se\u0301jour-Montagne-2018.jpg","datePublished":"2018-03-29T17:01:01+00:00","dateModified":"2024-03-20T15:39:43+00:00","breadcrumb":{"@id":"https:\/\/www.jeunesdesaintjean.org\/index.php\/jj-sejour-montagne\/#breadcrumb"},"inLanguage":"fr-FR","potentialAction":[{"@type":"ReadAction","target":["https:\/\/www.jeunesdesaintjean.org\/index.php\/jj-sejour-montagne\/"]}]},{"@type":"ImageObject","inLanguage":"fr-FR","@id":"https:\/\/www.jeunesdesaintjean.org\/index.php\/jj-sejour-montagne\/#primaryimage","url":"https:\/\/www.jeunesdesaintjean.org\/wp-content\/uploads\/2018\/04\/JJ-Se\u0301jour-Montagne-2018.jpg","contentUrl":"https:\/\/www.jeunesdesaintjean.org\/wp-content\/uploads\/2018\/04\/JJ-Se\u0301jour-Montagne-2018.jpg","width":1200,"height":1697},{"@type":"BreadcrumbList","@id":"https:\/\/www.jeunesdesaintjean.org\/index.php\/jj-sejour-montagne\/#breadcrumb","itemListElement":[{"@type":"ListItem","position":1,"name":"Accueil","item":"https:\/\/www.jeunesdesaintjean.org\/"},{"@type":"ListItem","position":2,"name":"JJ S\u00e9jour Montagne 2018"}]},{"@type":"WebSite","@id":"https:\/\/www.jeunesdesaintjean.org\/#website","url":"https:\/\/www.jeunesdesaintjean.org\/","name":"Jeunes de Saint-Jean","description":"S\u00e9jours &quot;Spi et Sport&quot; pour Jeunes professionnels catholiques !","publisher":{"@id":"https:\/\/www.jeunesdesaintjean.org\/#organization"},"alternateName":"Les JJ","potentialAction":[{"@type":"SearchAction","target":{"@type":"EntryPoint","urlTemplate":"https:\/\/www.jeunesdesaintjean.org\/?s={search_term_string}"},"query-input":{"@type":"PropertyValueSpecification","valueRequired":true,"valueName":"search_term_string"}}],"inLanguage":"fr-FR"},{"@type":"Organization","@id":"https:\/\/www.jeunesdesaintjean.org\/#organization","name":"Jeunes de Saint-Jean","url":"https:\/\/www.jeunesdesaintjean.org\/","logo":{"@type":"ImageObject","inLanguage":"fr-FR","@id":"https:\/\/www.jeunesdesaintjean.org\/#\/schema\/logo\/image\/","url":"https:\/\/www.jeunesdesaintjean.org\/wp-content\/uploads\/2024\/01\/Logo-rouge-sur-fond-transparent.png","contentUrl":"https:\/\/www.jeunesdesaintjean.org\/wp-content\/uploads\/2024\/01\/Logo-rouge-sur-fond-transparent.png","width":1600,"height":1600,"caption":"Jeunes de Saint-Jean"},"image":{"@id":"https:\/\/www.jeunesdesaintjean.org\/#\/schema\/logo\/image\/"},"sameAs":["https:\/\/www.facebook.com\/jeunesdesaintjean1?locale=fr_FR","https:\/\/www.instagram.com\/jeunesdesaintjean\/"]},{"@type":"Person","@id":"https:\/\/www.jeunesdesaintjean.org\/#\/schema\/person\/a4a869aa54b438384c671d21fb44e5f5","name":"JJ","image":{"@type":"ImageObject","inLanguage":"fr-FR","@id":"https:\/\/www.jeunesdesaintjean.org\/#\/schema\/person\/image\/","url":"https:\/\/secure.gravatar.com\/avatar\/c13a524c2fdbf9f3d56ad0f7ddff7ab038f7f8c87f8bb6f7f1991fd1cb33abaa?s=96&d=mm&r=g","contentUrl":"https:\/\/secure.gravatar.com\/avatar\/c13a524c2fdbf9f3d56ad0f7ddff7ab038f7f8c87f8bb6f7f1991fd1cb33abaa?s=96&d=mm&r=g","caption":"JJ"},"description":"Les JJ ou \"Jeunes de Saint Jean\" sont une association de Jeunes pros entre 23 et 35 ans, catholiques, qui organisent des activit\u00e9s adapt\u00e9es \u00e0 cette tranche d'\u00e2ge, en France surtout, depuis plus de 30 ann\u00e9es d\u00e9j\u00e0. Cette association est accompagn\u00e9e par des Fr\u00e8res et des Soeurs de Saint-Jean.","sameAs":["http:\/\/www.jeunesdesaintjean.org"],"url":"https:\/\/www.jeunesdesaintjean.org\/index.php\/author\/jsj\/"}]}},"jetpack_featured_media_url":"https:\/\/www.jeunesdesaintjean.org\/wp-content\/uploads\/2018\/04\/JJ-Se\u0301jour-Montagne-2018.jpg","jetpack_sharing_enabled":true,"jetpack_shortlink":"https:\/\/wp.me\/p7zN5T-HA","_links":{"self":[{"href":"https:\/\/www.jeunesdesaintjean.org\/index.php\/wp-json\/wp\/v2\/posts\/2702","targetHints":{"allow":["GET"]}}],"collection":[{"href":"https:\/\/www.jeunesdesaintjean.org\/index.php\/wp-json\/wp\/v2\/posts"}],"about":[{"href":"https:\/\/www.jeunesdesaintjean.org\/index.php\/wp-json\/wp\/v2\/types\/post"}],"author":[{"embeddable":true,"href":"https:\/\/www.jeunesdesaintjean.org\/index.php\/wp-json\/wp\/v2\/users\/1"}],"replies":[{"embeddable":true,"href":"https:\/\/www.jeunesdesaintjean.org\/index.php\/wp-json\/wp\/v2\/comments?post=2702"}],"version-history":[{"count":9,"href":"https:\/\/www.jeunesdesaintjean.org\/index.php\/wp-json\/wp\/v2\/posts\/2702\/revisions"}],"predecessor-version":[{"id":3760,"href":"https:\/\/www.jeunesdesaintjean.org\/index.php\/wp-json\/wp\/v2\/posts\/2702\/revisions\/3760"}],"wp:featuredmedia":[{"embeddable":true,"href":"https:\/\/www.jeunesdesaintjean.org\/index.php\/wp-json\/wp\/v2\/media\/2714"}],"wp:attachment":[{"href":"https:\/\/www.jeunesdesaintjean.org\/index.php\/wp-json\/wp\/v2\/media?parent=2702"}],"wp:term":[{"taxonomy":"category","embeddable":true,"href":"https:\/\/www.jeunesdesaintjean.org\/index.php\/wp-json\/wp\/v2\/categories?post=2702"},{"taxonomy":"post_tag","embeddable":true,"href":"https:\/\/www.jeunesdesaintjean.org\/index.php\/wp-json\/wp\/v2\/tags?post=2702"}],"curies":[{"name":"wp","href":"https:\/\/api.w.org\/{rel}","templated":true}]}}