{"id":2208,"date":"2017-03-18T14:48:31","date_gmt":"2017-03-18T14:48:31","guid":{"rendered":"http:\/\/www.jeunesdesaintjean.org\/?p=2208"},"modified":"2024-03-20T17:29:14","modified_gmt":"2024-03-20T15:29:14","slug":"jj-pele-lituanie","status":"publish","type":"post","link":"https:\/\/www.jeunesdesaintjean.org\/index.php\/jj-pele-lituanie\/","title":{"rendered":"JJ P\u00e9l\u00e9 Lituanie"},"content":{"rendered":"<p><span style=\"text-decoration: underline;\">Quoi<\/span>\u00a0: Du tourisme\u00a0: deux jours pleins \u00e0 Vilnius (mus\u00e9e du KGB, vieille ville, quartier Uzupis&#8230;), une journ\u00e9e \u00e0 Senieji Trakai (balade, barque, mar\u00e9cages&#8230;), une journ\u00e9e dans\u00a0l&rsquo;ouest du pays \u00e0 la fameuse \u00ab\u00a0colline aux Croix\u00a0\u00bb, un jour \u00e0 Nida (le \u00ab\u00a0St Tropez\u00a0\u00bb lituanien&#8230;) ; et enfin, route vers l&rsquo;est, du cot\u00e9 de Pabrade.<br \/>\nDes temps spirituels\u00a0: sur le th\u00e8me de \u00ab\u00a0Est-ce la v\u00e9rit\u00e9 qui me rend libre ?\u00bb, les Messes, les offices, l&rsquo;adoration.<\/p>\n<p><span style=\"text-decoration: underline;\">Le concept<\/span>\u00a0:\u00a0D\u00e9couvrir un pays magnifique, trop peu connu&#8230;<\/p>\n<p><span style=\"text-decoration: underline;\">Accompagnateur<\/span>\u00a0: Soeur Marie-Emilie,\u00a0s\u0153ur apostolique de Saint-Jean, et un Pr\u00eatre lituanien.<\/p>\n<p><span style=\"text-decoration: underline;\">Pour s&rsquo;y rendre<\/span>\u00a0: en avion par vos propres moyens.<\/p>\n<p><u>Prix<\/u>\u00a0: <strong>490\u20ac<\/strong>, en 2 fois si besoin, ne pas h\u00e9siter \u00e0 nous contacter !<\/p>\n<table style=\"height: 222px;\" width=\"800px\">\n<tbody>\n<tr>\n<td width=\"30%\"><a href=\"https:\/\/www.jeunesdesaintjean.org\/wp-content\/uploads\/2016\/09\/Bouton-JJ-Je-minscris.png\" rel=\"lightbox[2208]\"><img loading=\"lazy\" decoding=\"async\" class=\"wp-image-2053 aligncenter\" src=\"https:\/\/www.jeunesdesaintjean.org\/wp-content\/uploads\/2016\/09\/Bouton-JJ-Je-minscris-252x250.png\" alt=\"bouton-jj-je-minscris\" width=\"177\" height=\"175\" \/><\/a><\/td>\n<td style=\"text-align: center;\" width=\"70%\"><a class=\"weezevent-widget-integration\" title=\"Logiciel billetterie en ligne\" href=\"https:\/\/www.weezevent.com\/\/?c=sys_widget\" target=\"_blank\" rel=\"noopener noreferrer\" data-src=\"https:\/\/www.weezevent.com\/widget_billeterie.php?id_evenement=247520&amp;lg_billetterie=1&amp;code=66570&amp;resize=1&amp;width_auto=1&amp;color_primary=00AEEF\" data-width=\"650\" data-height=\"300\" data-id=\"247520\" data-resize=\"0\" data-width_auto=\"0\" data-noscroll=\"0\" data-nopb=\"0\">Billetterie Weezevent<\/a><script type=\"text\/javascript\" src=\"https:\/\/www.weezevent.com\/js\/widget\/min\/widget.min.js\"><\/script><\/td>\n<\/tr>\n<\/tbody>\n<\/table>\n<p><a href=\"https:\/\/www.jeunesdesaintjean.org\/wp-content\/uploads\/2017\/03\/Foire-aux-questions-Lituanie.docx\" target=\"_blank\" rel=\"noopener noreferrer\">FAQ<\/a><\/p>\n<p><span style=\"text-decoration: underline;\">Infos<\/span>\u00a0:\u00a0<a href=\"mailto:sejourjjlituanie@gmail.com\" target=\"_blank\" rel=\"noopener noreferrer\">sejourjjlituanie@gmail.com<\/a><\/p>\n","protected":false},"excerpt":{"rendered":"<p>Quoi\u00a0: Du tourisme\u00a0: deux jours pleins \u00e0 Vilnius (mus\u00e9e du KGB, vieille ville, quartier Uzupis&#8230;), une journ\u00e9e \u00e0 Senieji Trakai (balade, barque, mar\u00e9cages&#8230;), une journ\u00e9e dans\u00a0l&rsquo;ouest du pays \u00e0 la fameuse \u00ab\u00a0colline aux Croix\u00a0\u00bb, un jour \u00e0 Nida (le \u00ab\u00a0St Tropez\u00a0\u00bb lituanien&#8230;) ; et enfin, route vers l&rsquo;est, du cot\u00e9 de Pabrade. Des temps spirituels\u00a0: [&hellip;]<\/p>\n","protected":false},"author":1,"featured_media":2250,"comment_status":"open","ping_status":"open","sticky":false,"template":"","format":"standard","meta":{"_jetpack_newsletter_access":"","_jetpack_dont_email_post_to_subs":true,"_jetpack_newsletter_tier_id":0,"_jetpack_memberships_contains_paywalled_content":false,"two_page_speed":[],"_jetpack_memberships_contains_paid_content":false,"footnotes":""},"categories":[15],"tags":[194],"class_list":["post-2208","post","type-post","status-publish","format-standard","has-post-thumbnail","hentry","category-hors-frontieres","tag-pelerinage"],"yoast_head":"<!-- This site is optimized with the Yoast SEO plugin v27.0 - https:\/\/yoast.com\/product\/yoast-seo-wordpress\/ -->\n<title>JJ P\u00e9l\u00e9 Lituanie - Jeunes de Saint-Jean<\/title>\n<meta name=\"robots\" content=\"index, follow, max-snippet:-1, max-image-preview:large, max-video-preview:-1\" \/>\n<link rel=\"canonical\" href=\"https:\/\/www.jeunesdesaintjean.org\/index.php\/jj-pele-lituanie\/\" \/>\n<meta property=\"og:locale\" content=\"fr_FR\" \/>\n<meta property=\"og:type\" content=\"article\" \/>\n<meta property=\"og:title\" content=\"JJ P\u00e9l\u00e9 Lituanie - Jeunes de Saint-Jean\" \/>\n<meta property=\"og:description\" content=\"Quoi\u00a0: Du tourisme\u00a0: deux jours pleins \u00e0 Vilnius (mus\u00e9e du KGB, vieille ville, quartier Uzupis&#8230;), une journ\u00e9e \u00e0 Senieji Trakai (balade, barque, mar\u00e9cages&#8230;), une journ\u00e9e dans\u00a0l&rsquo;ouest du pays \u00e0 la fameuse \u00ab\u00a0colline aux Croix\u00a0\u00bb, un jour \u00e0 Nida (le \u00ab\u00a0St Tropez\u00a0\u00bb lituanien&#8230;) ; et enfin, route vers l&rsquo;est, du cot\u00e9 de Pabrade. Des temps spirituels\u00a0: [&hellip;]\" \/>\n<meta property=\"og:url\" content=\"https:\/\/www.jeunesdesaintjean.org\/index.php\/jj-pele-lituanie\/\" \/>\n<meta property=\"og:site_name\" content=\"Jeunes de Saint-Jean\" \/>\n<meta property=\"article:publisher\" content=\"https:\/\/www.facebook.com\/jeunesdesaintjean1?locale=fr_FR\" \/>\n<meta property=\"article:published_time\" content=\"2017-03-18T14:48:31+00:00\" \/>\n<meta property=\"article:modified_time\" content=\"2024-03-20T15:29:14+00:00\" \/>\n<meta property=\"og:image\" content=\"https:\/\/www.jeunesdesaintjean.org\/wp-content\/uploads\/2017\/03\/Lituanie-2017-2.jpg\" \/>\n\t<meta property=\"og:image:width\" content=\"1654\" \/>\n\t<meta property=\"og:image:height\" content=\"2339\" \/>\n\t<meta property=\"og:image:type\" content=\"image\/jpeg\" \/>\n<meta name=\"author\" content=\"JJ\" \/>\n<meta name=\"twitter:label1\" content=\"\u00c9crit par\" \/>\n\t<meta name=\"twitter:data1\" content=\"JJ\" \/>\n\t<meta name=\"twitter:label2\" content=\"Dur\u00e9e de lecture estim\u00e9e\" \/>\n\t<meta name=\"twitter:data2\" content=\"1 minute\" \/>\n<script type=\"application\/ld+json\" class=\"yoast-schema-graph\">{\"@context\":\"https:\/\/schema.org\",\"@graph\":[{\"@type\":\"Article\",\"@id\":\"https:\/\/www.jeunesdesaintjean.org\/index.php\/jj-pele-lituanie\/#article\",\"isPartOf\":{\"@id\":\"https:\/\/www.jeunesdesaintjean.org\/index.php\/jj-pele-lituanie\/\"},\"author\":{\"name\":\"JJ\",\"@id\":\"https:\/\/www.jeunesdesaintjean.org\/#\/schema\/person\/a4a869aa54b438384c671d21fb44e5f5\"},\"headline\":\"JJ P\u00e9l\u00e9 Lituanie\",\"datePublished\":\"2017-03-18T14:48:31+00:00\",\"dateModified\":\"2024-03-20T15:29:14+00:00\",\"mainEntityOfPage\":{\"@id\":\"https:\/\/www.jeunesdesaintjean.org\/index.php\/jj-pele-lituanie\/\"},\"wordCount\":127,\"commentCount\":0,\"publisher\":{\"@id\":\"https:\/\/www.jeunesdesaintjean.org\/#organization\"},\"image\":{\"@id\":\"https:\/\/www.jeunesdesaintjean.org\/index.php\/jj-pele-lituanie\/#primaryimage\"},\"thumbnailUrl\":\"https:\/\/www.jeunesdesaintjean.org\/wp-content\/uploads\/2017\/03\/Lituanie-2017-2.jpg\",\"keywords\":[\"P\u00e8lerinage\"],\"articleSection\":[\"Hors fronti\u00e8res\"],\"inLanguage\":\"fr-FR\",\"potentialAction\":[{\"@type\":\"CommentAction\",\"name\":\"Comment\",\"target\":[\"https:\/\/www.jeunesdesaintjean.org\/index.php\/jj-pele-lituanie\/#respond\"]}]},{\"@type\":\"WebPage\",\"@id\":\"https:\/\/www.jeunesdesaintjean.org\/index.php\/jj-pele-lituanie\/\",\"url\":\"https:\/\/www.jeunesdesaintjean.org\/index.php\/jj-pele-lituanie\/\",\"name\":\"JJ P\u00e9l\u00e9 Lituanie - Jeunes de Saint-Jean\",\"isPartOf\":{\"@id\":\"https:\/\/www.jeunesdesaintjean.org\/#website\"},\"primaryImageOfPage\":{\"@id\":\"https:\/\/www.jeunesdesaintjean.org\/index.php\/jj-pele-lituanie\/#primaryimage\"},\"image\":{\"@id\":\"https:\/\/www.jeunesdesaintjean.org\/index.php\/jj-pele-lituanie\/#primaryimage\"},\"thumbnailUrl\":\"https:\/\/www.jeunesdesaintjean.org\/wp-content\/uploads\/2017\/03\/Lituanie-2017-2.jpg\",\"datePublished\":\"2017-03-18T14:48:31+00:00\",\"dateModified\":\"2024-03-20T15:29:14+00:00\",\"breadcrumb\":{\"@id\":\"https:\/\/www.jeunesdesaintjean.org\/index.php\/jj-pele-lituanie\/#breadcrumb\"},\"inLanguage\":\"fr-FR\",\"potentialAction\":[{\"@type\":\"ReadAction\",\"target\":[\"https:\/\/www.jeunesdesaintjean.org\/index.php\/jj-pele-lituanie\/\"]}]},{\"@type\":\"ImageObject\",\"inLanguage\":\"fr-FR\",\"@id\":\"https:\/\/www.jeunesdesaintjean.org\/index.php\/jj-pele-lituanie\/#primaryimage\",\"url\":\"https:\/\/www.jeunesdesaintjean.org\/wp-content\/uploads\/2017\/03\/Lituanie-2017-2.jpg\",\"contentUrl\":\"https:\/\/www.jeunesdesaintjean.org\/wp-content\/uploads\/2017\/03\/Lituanie-2017-2.jpg\",\"width\":1654,\"height\":2339},{\"@type\":\"BreadcrumbList\",\"@id\":\"https:\/\/www.jeunesdesaintjean.org\/index.php\/jj-pele-lituanie\/#breadcrumb\",\"itemListElement\":[{\"@type\":\"ListItem\",\"position\":1,\"name\":\"Accueil\",\"item\":\"https:\/\/www.jeunesdesaintjean.org\/\"},{\"@type\":\"ListItem\",\"position\":2,\"name\":\"JJ P\u00e9l\u00e9 Lituanie\"}]},{\"@type\":\"WebSite\",\"@id\":\"https:\/\/www.jeunesdesaintjean.org\/#website\",\"url\":\"https:\/\/www.jeunesdesaintjean.org\/\",\"name\":\"Jeunes de Saint-Jean\",\"description\":\"S\u00e9jours &quot;Spi et Sport&quot; pour Jeunes professionnels catholiques !\",\"publisher\":{\"@id\":\"https:\/\/www.jeunesdesaintjean.org\/#organization\"},\"alternateName\":\"Les JJ\",\"potentialAction\":[{\"@type\":\"SearchAction\",\"target\":{\"@type\":\"EntryPoint\",\"urlTemplate\":\"https:\/\/www.jeunesdesaintjean.org\/?s={search_term_string}\"},\"query-input\":{\"@type\":\"PropertyValueSpecification\",\"valueRequired\":true,\"valueName\":\"search_term_string\"}}],\"inLanguage\":\"fr-FR\"},{\"@type\":\"Organization\",\"@id\":\"https:\/\/www.jeunesdesaintjean.org\/#organization\",\"name\":\"Jeunes de Saint-Jean\",\"url\":\"https:\/\/www.jeunesdesaintjean.org\/\",\"logo\":{\"@type\":\"ImageObject\",\"inLanguage\":\"fr-FR\",\"@id\":\"https:\/\/www.jeunesdesaintjean.org\/#\/schema\/logo\/image\/\",\"url\":\"https:\/\/www.jeunesdesaintjean.org\/wp-content\/uploads\/2024\/01\/Logo-rouge-sur-fond-transparent.png\",\"contentUrl\":\"https:\/\/www.jeunesdesaintjean.org\/wp-content\/uploads\/2024\/01\/Logo-rouge-sur-fond-transparent.png\",\"width\":1600,\"height\":1600,\"caption\":\"Jeunes de Saint-Jean\"},\"image\":{\"@id\":\"https:\/\/www.jeunesdesaintjean.org\/#\/schema\/logo\/image\/\"},\"sameAs\":[\"https:\/\/www.facebook.com\/jeunesdesaintjean1?locale=fr_FR\",\"https:\/\/www.instagram.com\/jeunesdesaintjean\/\"]},{\"@type\":\"Person\",\"@id\":\"https:\/\/www.jeunesdesaintjean.org\/#\/schema\/person\/a4a869aa54b438384c671d21fb44e5f5\",\"name\":\"JJ\",\"image\":{\"@type\":\"ImageObject\",\"inLanguage\":\"fr-FR\",\"@id\":\"https:\/\/www.jeunesdesaintjean.org\/#\/schema\/person\/image\/\",\"url\":\"https:\/\/secure.gravatar.com\/avatar\/c13a524c2fdbf9f3d56ad0f7ddff7ab038f7f8c87f8bb6f7f1991fd1cb33abaa?s=96&d=mm&r=g\",\"contentUrl\":\"https:\/\/secure.gravatar.com\/avatar\/c13a524c2fdbf9f3d56ad0f7ddff7ab038f7f8c87f8bb6f7f1991fd1cb33abaa?s=96&d=mm&r=g\",\"caption\":\"JJ\"},\"description\":\"Les JJ ou \\\"Jeunes de Saint Jean\\\" sont une association de Jeunes pros entre 23 et 35 ans, catholiques, qui organisent des activit\u00e9s adapt\u00e9es \u00e0 cette tranche d'\u00e2ge, en France surtout, depuis plus de 30 ann\u00e9es d\u00e9j\u00e0. Cette association est accompagn\u00e9e par des Fr\u00e8res et des Soeurs de Saint-Jean.\",\"sameAs\":[\"http:\/\/www.jeunesdesaintjean.org\"],\"url\":\"https:\/\/www.jeunesdesaintjean.org\/index.php\/author\/jsj\/\"}]}<\/script>\n<!-- \/ Yoast SEO plugin. -->","yoast_head_json":{"title":"JJ P\u00e9l\u00e9 Lituanie - Jeunes de Saint-Jean","robots":{"index":"index","follow":"follow","max-snippet":"max-snippet:-1","max-image-preview":"max-image-preview:large","max-video-preview":"max-video-preview:-1"},"canonical":"https:\/\/www.jeunesdesaintjean.org\/index.php\/jj-pele-lituanie\/","og_locale":"fr_FR","og_type":"article","og_title":"JJ P\u00e9l\u00e9 Lituanie - Jeunes de Saint-Jean","og_description":"Quoi\u00a0: Du tourisme\u00a0: deux jours pleins \u00e0 Vilnius (mus\u00e9e du KGB, vieille ville, quartier Uzupis&#8230;), une journ\u00e9e \u00e0 Senieji Trakai (balade, barque, mar\u00e9cages&#8230;), une journ\u00e9e dans\u00a0l&rsquo;ouest du pays \u00e0 la fameuse \u00ab\u00a0colline aux Croix\u00a0\u00bb, un jour \u00e0 Nida (le \u00ab\u00a0St Tropez\u00a0\u00bb lituanien&#8230;) ; et enfin, route vers l&rsquo;est, du cot\u00e9 de Pabrade. Des temps spirituels\u00a0: [&hellip;]","og_url":"https:\/\/www.jeunesdesaintjean.org\/index.php\/jj-pele-lituanie\/","og_site_name":"Jeunes de Saint-Jean","article_publisher":"https:\/\/www.facebook.com\/jeunesdesaintjean1?locale=fr_FR","article_published_time":"2017-03-18T14:48:31+00:00","article_modified_time":"2024-03-20T15:29:14+00:00","og_image":[{"width":1654,"height":2339,"url":"https:\/\/www.jeunesdesaintjean.org\/wp-content\/uploads\/2017\/03\/Lituanie-2017-2.jpg","type":"image\/jpeg"}],"author":"JJ","twitter_misc":{"\u00c9crit par":"JJ","Dur\u00e9e de lecture estim\u00e9e":"1 minute"},"schema":{"@context":"https:\/\/schema.org","@graph":[{"@type":"Article","@id":"https:\/\/www.jeunesdesaintjean.org\/index.php\/jj-pele-lituanie\/#article","isPartOf":{"@id":"https:\/\/www.jeunesdesaintjean.org\/index.php\/jj-pele-lituanie\/"},"author":{"name":"JJ","@id":"https:\/\/www.jeunesdesaintjean.org\/#\/schema\/person\/a4a869aa54b438384c671d21fb44e5f5"},"headline":"JJ P\u00e9l\u00e9 Lituanie","datePublished":"2017-03-18T14:48:31+00:00","dateModified":"2024-03-20T15:29:14+00:00","mainEntityOfPage":{"@id":"https:\/\/www.jeunesdesaintjean.org\/index.php\/jj-pele-lituanie\/"},"wordCount":127,"commentCount":0,"publisher":{"@id":"https:\/\/www.jeunesdesaintjean.org\/#organization"},"image":{"@id":"https:\/\/www.jeunesdesaintjean.org\/index.php\/jj-pele-lituanie\/#primaryimage"},"thumbnailUrl":"https:\/\/www.jeunesdesaintjean.org\/wp-content\/uploads\/2017\/03\/Lituanie-2017-2.jpg","keywords":["P\u00e8lerinage"],"articleSection":["Hors fronti\u00e8res"],"inLanguage":"fr-FR","potentialAction":[{"@type":"CommentAction","name":"Comment","target":["https:\/\/www.jeunesdesaintjean.org\/index.php\/jj-pele-lituanie\/#respond"]}]},{"@type":"WebPage","@id":"https:\/\/www.jeunesdesaintjean.org\/index.php\/jj-pele-lituanie\/","url":"https:\/\/www.jeunesdesaintjean.org\/index.php\/jj-pele-lituanie\/","name":"JJ P\u00e9l\u00e9 Lituanie - Jeunes de Saint-Jean","isPartOf":{"@id":"https:\/\/www.jeunesdesaintjean.org\/#website"},"primaryImageOfPage":{"@id":"https:\/\/www.jeunesdesaintjean.org\/index.php\/jj-pele-lituanie\/#primaryimage"},"image":{"@id":"https:\/\/www.jeunesdesaintjean.org\/index.php\/jj-pele-lituanie\/#primaryimage"},"thumbnailUrl":"https:\/\/www.jeunesdesaintjean.org\/wp-content\/uploads\/2017\/03\/Lituanie-2017-2.jpg","datePublished":"2017-03-18T14:48:31+00:00","dateModified":"2024-03-20T15:29:14+00:00","breadcrumb":{"@id":"https:\/\/www.jeunesdesaintjean.org\/index.php\/jj-pele-lituanie\/#breadcrumb"},"inLanguage":"fr-FR","potentialAction":[{"@type":"ReadAction","target":["https:\/\/www.jeunesdesaintjean.org\/index.php\/jj-pele-lituanie\/"]}]},{"@type":"ImageObject","inLanguage":"fr-FR","@id":"https:\/\/www.jeunesdesaintjean.org\/index.php\/jj-pele-lituanie\/#primaryimage","url":"https:\/\/www.jeunesdesaintjean.org\/wp-content\/uploads\/2017\/03\/Lituanie-2017-2.jpg","contentUrl":"https:\/\/www.jeunesdesaintjean.org\/wp-content\/uploads\/2017\/03\/Lituanie-2017-2.jpg","width":1654,"height":2339},{"@type":"BreadcrumbList","@id":"https:\/\/www.jeunesdesaintjean.org\/index.php\/jj-pele-lituanie\/#breadcrumb","itemListElement":[{"@type":"ListItem","position":1,"name":"Accueil","item":"https:\/\/www.jeunesdesaintjean.org\/"},{"@type":"ListItem","position":2,"name":"JJ P\u00e9l\u00e9 Lituanie"}]},{"@type":"WebSite","@id":"https:\/\/www.jeunesdesaintjean.org\/#website","url":"https:\/\/www.jeunesdesaintjean.org\/","name":"Jeunes de Saint-Jean","description":"S\u00e9jours &quot;Spi et Sport&quot; pour Jeunes professionnels catholiques !","publisher":{"@id":"https:\/\/www.jeunesdesaintjean.org\/#organization"},"alternateName":"Les JJ","potentialAction":[{"@type":"SearchAction","target":{"@type":"EntryPoint","urlTemplate":"https:\/\/www.jeunesdesaintjean.org\/?s={search_term_string}"},"query-input":{"@type":"PropertyValueSpecification","valueRequired":true,"valueName":"search_term_string"}}],"inLanguage":"fr-FR"},{"@type":"Organization","@id":"https:\/\/www.jeunesdesaintjean.org\/#organization","name":"Jeunes de Saint-Jean","url":"https:\/\/www.jeunesdesaintjean.org\/","logo":{"@type":"ImageObject","inLanguage":"fr-FR","@id":"https:\/\/www.jeunesdesaintjean.org\/#\/schema\/logo\/image\/","url":"https:\/\/www.jeunesdesaintjean.org\/wp-content\/uploads\/2024\/01\/Logo-rouge-sur-fond-transparent.png","contentUrl":"https:\/\/www.jeunesdesaintjean.org\/wp-content\/uploads\/2024\/01\/Logo-rouge-sur-fond-transparent.png","width":1600,"height":1600,"caption":"Jeunes de Saint-Jean"},"image":{"@id":"https:\/\/www.jeunesdesaintjean.org\/#\/schema\/logo\/image\/"},"sameAs":["https:\/\/www.facebook.com\/jeunesdesaintjean1?locale=fr_FR","https:\/\/www.instagram.com\/jeunesdesaintjean\/"]},{"@type":"Person","@id":"https:\/\/www.jeunesdesaintjean.org\/#\/schema\/person\/a4a869aa54b438384c671d21fb44e5f5","name":"JJ","image":{"@type":"ImageObject","inLanguage":"fr-FR","@id":"https:\/\/www.jeunesdesaintjean.org\/#\/schema\/person\/image\/","url":"https:\/\/secure.gravatar.com\/avatar\/c13a524c2fdbf9f3d56ad0f7ddff7ab038f7f8c87f8bb6f7f1991fd1cb33abaa?s=96&d=mm&r=g","contentUrl":"https:\/\/secure.gravatar.com\/avatar\/c13a524c2fdbf9f3d56ad0f7ddff7ab038f7f8c87f8bb6f7f1991fd1cb33abaa?s=96&d=mm&r=g","caption":"JJ"},"description":"Les JJ ou \"Jeunes de Saint Jean\" sont une association de Jeunes pros entre 23 et 35 ans, catholiques, qui organisent des activit\u00e9s adapt\u00e9es \u00e0 cette tranche d'\u00e2ge, en France surtout, depuis plus de 30 ann\u00e9es d\u00e9j\u00e0. Cette association est accompagn\u00e9e par des Fr\u00e8res et des Soeurs de Saint-Jean.","sameAs":["http:\/\/www.jeunesdesaintjean.org"],"url":"https:\/\/www.jeunesdesaintjean.org\/index.php\/author\/jsj\/"}]}},"jetpack_featured_media_url":"https:\/\/www.jeunesdesaintjean.org\/wp-content\/uploads\/2017\/03\/Lituanie-2017-2.jpg","jetpack_sharing_enabled":true,"jetpack_shortlink":"https:\/\/wp.me\/p7zN5T-zC","_links":{"self":[{"href":"https:\/\/www.jeunesdesaintjean.org\/index.php\/wp-json\/wp\/v2\/posts\/2208","targetHints":{"allow":["GET"]}}],"collection":[{"href":"https:\/\/www.jeunesdesaintjean.org\/index.php\/wp-json\/wp\/v2\/posts"}],"about":[{"href":"https:\/\/www.jeunesdesaintjean.org\/index.php\/wp-json\/wp\/v2\/types\/post"}],"author":[{"embeddable":true,"href":"https:\/\/www.jeunesdesaintjean.org\/index.php\/wp-json\/wp\/v2\/users\/1"}],"replies":[{"embeddable":true,"href":"https:\/\/www.jeunesdesaintjean.org\/index.php\/wp-json\/wp\/v2\/comments?post=2208"}],"version-history":[{"count":23,"href":"https:\/\/www.jeunesdesaintjean.org\/index.php\/wp-json\/wp\/v2\/posts\/2208\/revisions"}],"predecessor-version":[{"id":2227,"href":"https:\/\/www.jeunesdesaintjean.org\/index.php\/wp-json\/wp\/v2\/posts\/2208\/revisions\/2227"}],"wp:featuredmedia":[{"embeddable":true,"href":"https:\/\/www.jeunesdesaintjean.org\/index.php\/wp-json\/wp\/v2\/media\/2250"}],"wp:attachment":[{"href":"https:\/\/www.jeunesdesaintjean.org\/index.php\/wp-json\/wp\/v2\/media?parent=2208"}],"wp:term":[{"taxonomy":"category","embeddable":true,"href":"https:\/\/www.jeunesdesaintjean.org\/index.php\/wp-json\/wp\/v2\/categories?post=2208"},{"taxonomy":"post_tag","embeddable":true,"href":"https:\/\/www.jeunesdesaintjean.org\/index.php\/wp-json\/wp\/v2\/tags?post=2208"}],"curies":[{"name":"wp","href":"https:\/\/api.w.org\/{rel}","templated":true}]}}