{"id":1758,"date":"2016-04-21T18:27:43","date_gmt":"2016-04-21T18:27:43","guid":{"rendered":"http:\/\/www.jeunesdesaintjean.org\/?p=1758"},"modified":"2024-03-20T17:41:08","modified_gmt":"2024-03-20T15:41:08","slug":"sejour-pele-st-jacques","status":"publish","type":"post","link":"https:\/\/www.jeunesdesaintjean.org\/index.php\/sejour-pele-st-jacques\/","title":{"rendered":"S\u00e9jour P\u00e9l\u00e9 St Jacques 2016"},"content":{"rendered":"<p>&nbsp;<\/p>\n<p><span style=\"text-decoration: underline;\">O\u00f9 ?<\/span> : Figeac &#8211; Rocamadour\u00a0&#8211; Agen<\/p>\n<p><span style=\"text-decoration: underline;\">Quand ?<\/span> : du 16 au 27 ao\u00fbt 2016<\/p>\n<p><span style=\"text-decoration: underline;\">Le concept<\/span> : Marcher sur le chemin vers Saint-Jacques-de-Compostelle, sur un tron\u00e7on fran\u00e7ais riche en histoire et en spiritualit\u00e9, traversant Figeac et Rocamadour, parmi les plus beaux villages de France.<\/p>\n<p><span style=\"text-decoration: underline;\">Accompagnateur<\/span> : Fr\u00e8re Renaud-Marie de la Communaut\u00e9 Saint Jean (Vicaire g\u00e9n\u00e9ral), et une s\u0153ur apostolique de Saint Jean.<\/p>\n<p><span style=\"text-decoration: underline;\">Programme type d&rsquo;une journ\u00e9e<\/span>\u00a0: entre 18\u00a0et 25 km de marche avec petit sac \u00e0 dos, une ou deux pauses lectio\/topo, Eucharistie &amp; adoration, veill\u00e9es festives, de longs moments pour \u00e9changer entre nous, ou avec le\u00a0fr\u00e8re et\u00a0la s\u0153ur.<\/p>\n<p><span style=\"text-decoration: underline;\">Infos<\/span> : <a href=\"mailto:campsjj@gmail.com\" target=\"_blank\" rel=\"noopener\">campsjj@gmail.com <\/a><\/p>\n<p>&nbsp;<\/p>\n<div id='gallery-1' class='gallery galleryid-1758 gallery-columns-2 gallery-size-medium'><figure class='gallery-item'>\n\t\t\t<div class='gallery-icon portrait'>\n\t\t\t\t<a href='https:\/\/www.jeunesdesaintjean.org\/wp-content\/uploads\/2016\/04\/Capture-d\u2019\u00e9cran-2016-11-03-\u00e0-08.00.28.jpg' rel=\"lightbox[1758]\"><img loading=\"lazy\" decoding=\"async\" width=\"188\" height=\"250\" src=\"https:\/\/www.jeunesdesaintjean.org\/wp-content\/uploads\/2016\/04\/Capture-d\u2019\u00e9cran-2016-11-03-\u00e0-08.00.28-188x250.jpg\" class=\"attachment-medium size-medium\" alt=\"\" srcset=\"https:\/\/www.jeunesdesaintjean.org\/wp-content\/uploads\/2016\/04\/Capture-d\u2019\u00e9cran-2016-11-03-\u00e0-08.00.28-188x250.jpg 188w, https:\/\/www.jeunesdesaintjean.org\/wp-content\/uploads\/2016\/04\/Capture-d\u2019\u00e9cran-2016-11-03-\u00e0-08.00.28-75x100.jpg 75w, https:\/\/www.jeunesdesaintjean.org\/wp-content\/uploads\/2016\/04\/Capture-d\u2019\u00e9cran-2016-11-03-\u00e0-08.00.28-225x300.jpg 225w, https:\/\/www.jeunesdesaintjean.org\/wp-content\/uploads\/2016\/04\/Capture-d\u2019\u00e9cran-2016-11-03-\u00e0-08.00.28-300x400.jpg 300w, https:\/\/www.jeunesdesaintjean.org\/wp-content\/uploads\/2016\/04\/Capture-d\u2019\u00e9cran-2016-11-03-\u00e0-08.00.28-424x565.jpg 424w, https:\/\/www.jeunesdesaintjean.org\/wp-content\/uploads\/2016\/04\/Capture-d\u2019\u00e9cran-2016-11-03-\u00e0-08.00.28.jpg 508w\" sizes=\"auto, (max-width: 188px) 100vw, 188px\" \/><\/a>\n\t\t\t<\/div><\/figure><figure class='gallery-item'>\n\t\t\t<div class='gallery-icon landscape'>\n\t\t\t\t<a href='https:\/\/www.jeunesdesaintjean.org\/wp-content\/uploads\/2016\/04\/Capture-d\u2019\u00e9cran-2016-10-10-\u00e0-21.28.47.jpg' rel=\"lightbox[1758]\"><img loading=\"lazy\" decoding=\"async\" width=\"400\" height=\"213\" src=\"https:\/\/www.jeunesdesaintjean.org\/wp-content\/uploads\/2016\/04\/Capture-d\u2019\u00e9cran-2016-10-10-\u00e0-21.28.47-400x213.jpg\" class=\"attachment-medium size-medium\" alt=\"\" srcset=\"https:\/\/www.jeunesdesaintjean.org\/wp-content\/uploads\/2016\/04\/Capture-d\u2019\u00e9cran-2016-10-10-\u00e0-21.28.47-400x213.jpg 400w, https:\/\/www.jeunesdesaintjean.org\/wp-content\/uploads\/2016\/04\/Capture-d\u2019\u00e9cran-2016-10-10-\u00e0-21.28.47-100x53.jpg 100w, https:\/\/www.jeunesdesaintjean.org\/wp-content\/uploads\/2016\/04\/Capture-d\u2019\u00e9cran-2016-10-10-\u00e0-21.28.47-600x320.jpg 600w, https:\/\/www.jeunesdesaintjean.org\/wp-content\/uploads\/2016\/04\/Capture-d\u2019\u00e9cran-2016-10-10-\u00e0-21.28.47-563x300.jpg 563w, https:\/\/www.jeunesdesaintjean.org\/wp-content\/uploads\/2016\/04\/Capture-d\u2019\u00e9cran-2016-10-10-\u00e0-21.28.47-300x160.jpg 300w, https:\/\/www.jeunesdesaintjean.org\/wp-content\/uploads\/2016\/04\/Capture-d\u2019\u00e9cran-2016-10-10-\u00e0-21.28.47-424x226.jpg 424w, https:\/\/www.jeunesdesaintjean.org\/wp-content\/uploads\/2016\/04\/Capture-d\u2019\u00e9cran-2016-10-10-\u00e0-21.28.47.jpg 994w\" sizes=\"auto, (max-width: 400px) 100vw, 400px\" \/><\/a>\n\t\t\t<\/div><\/figure><figure class='gallery-item'>\n\t\t\t<div class='gallery-icon portrait'>\n\t\t\t\t<a href='https:\/\/www.jeunesdesaintjean.org\/wp-content\/uploads\/2016\/04\/Capture-d\u2019\u00e9cran-2016-10-10-\u00e0-21.27.13.jpg' rel=\"lightbox[1758]\"><img loading=\"lazy\" decoding=\"async\" width=\"245\" height=\"250\" src=\"https:\/\/www.jeunesdesaintjean.org\/wp-content\/uploads\/2016\/04\/Capture-d\u2019\u00e9cran-2016-10-10-\u00e0-21.27.13-245x250.jpg\" class=\"attachment-medium size-medium\" alt=\"\" srcset=\"https:\/\/www.jeunesdesaintjean.org\/wp-content\/uploads\/2016\/04\/Capture-d\u2019\u00e9cran-2016-10-10-\u00e0-21.27.13-245x250.jpg 245w, https:\/\/www.jeunesdesaintjean.org\/wp-content\/uploads\/2016\/04\/Capture-d\u2019\u00e9cran-2016-10-10-\u00e0-21.27.13-98x100.jpg 98w, https:\/\/www.jeunesdesaintjean.org\/wp-content\/uploads\/2016\/04\/Capture-d\u2019\u00e9cran-2016-10-10-\u00e0-21.27.13-600x611.jpg 600w, https:\/\/www.jeunesdesaintjean.org\/wp-content\/uploads\/2016\/04\/Capture-d\u2019\u00e9cran-2016-10-10-\u00e0-21.27.13-294x300.jpg 294w, https:\/\/www.jeunesdesaintjean.org\/wp-content\/uploads\/2016\/04\/Capture-d\u2019\u00e9cran-2016-10-10-\u00e0-21.27.13-300x306.jpg 300w, https:\/\/www.jeunesdesaintjean.org\/wp-content\/uploads\/2016\/04\/Capture-d\u2019\u00e9cran-2016-10-10-\u00e0-21.27.13-424x432.jpg 424w, https:\/\/www.jeunesdesaintjean.org\/wp-content\/uploads\/2016\/04\/Capture-d\u2019\u00e9cran-2016-10-10-\u00e0-21.27.13.jpg 687w\" sizes=\"auto, (max-width: 245px) 100vw, 245px\" \/><\/a>\n\t\t\t<\/div><\/figure><figure class='gallery-item'>\n\t\t\t<div class='gallery-icon portrait'>\n\t\t\t\t<a href='https:\/\/www.jeunesdesaintjean.org\/wp-content\/uploads\/2016\/04\/Capture-d\u2019\u00e9cran-2016-11-03-\u00e0-08.00.20.jpg' rel=\"lightbox[1758]\"><img loading=\"lazy\" decoding=\"async\" width=\"188\" height=\"250\" src=\"https:\/\/www.jeunesdesaintjean.org\/wp-content\/uploads\/2016\/04\/Capture-d\u2019\u00e9cran-2016-11-03-\u00e0-08.00.20-188x250.jpg\" class=\"attachment-medium size-medium\" alt=\"\" srcset=\"https:\/\/www.jeunesdesaintjean.org\/wp-content\/uploads\/2016\/04\/Capture-d\u2019\u00e9cran-2016-11-03-\u00e0-08.00.20-188x250.jpg 188w, https:\/\/www.jeunesdesaintjean.org\/wp-content\/uploads\/2016\/04\/Capture-d\u2019\u00e9cran-2016-11-03-\u00e0-08.00.20-75x100.jpg 75w, https:\/\/www.jeunesdesaintjean.org\/wp-content\/uploads\/2016\/04\/Capture-d\u2019\u00e9cran-2016-11-03-\u00e0-08.00.20-225x300.jpg 225w, https:\/\/www.jeunesdesaintjean.org\/wp-content\/uploads\/2016\/04\/Capture-d\u2019\u00e9cran-2016-11-03-\u00e0-08.00.20-300x400.jpg 300w, https:\/\/www.jeunesdesaintjean.org\/wp-content\/uploads\/2016\/04\/Capture-d\u2019\u00e9cran-2016-11-03-\u00e0-08.00.20-424x565.jpg 424w, https:\/\/www.jeunesdesaintjean.org\/wp-content\/uploads\/2016\/04\/Capture-d\u2019\u00e9cran-2016-11-03-\u00e0-08.00.20.jpg 509w\" sizes=\"auto, (max-width: 188px) 100vw, 188px\" \/><\/a>\n\t\t\t<\/div><\/figure><figure class='gallery-item'>\n\t\t\t<div class='gallery-icon portrait'>\n\t\t\t\t<a href='https:\/\/www.jeunesdesaintjean.org\/wp-content\/uploads\/2016\/04\/Capture-d\u2019\u00e9cran-2016-10-10-\u00e0-21.27.47.jpg' rel=\"lightbox[1758]\"><img loading=\"lazy\" decoding=\"async\" width=\"162\" height=\"250\" src=\"https:\/\/www.jeunesdesaintjean.org\/wp-content\/uploads\/2016\/04\/Capture-d\u2019\u00e9cran-2016-10-10-\u00e0-21.27.47-162x250.jpg\" class=\"attachment-medium size-medium\" alt=\"\" srcset=\"https:\/\/www.jeunesdesaintjean.org\/wp-content\/uploads\/2016\/04\/Capture-d\u2019\u00e9cran-2016-10-10-\u00e0-21.27.47-162x250.jpg 162w, https:\/\/www.jeunesdesaintjean.org\/wp-content\/uploads\/2016\/04\/Capture-d\u2019\u00e9cran-2016-10-10-\u00e0-21.27.47-65x100.jpg 65w, https:\/\/www.jeunesdesaintjean.org\/wp-content\/uploads\/2016\/04\/Capture-d\u2019\u00e9cran-2016-10-10-\u00e0-21.27.47-194x300.jpg 194w, https:\/\/www.jeunesdesaintjean.org\/wp-content\/uploads\/2016\/04\/Capture-d\u2019\u00e9cran-2016-10-10-\u00e0-21.27.47-275x424.jpg 275w, https:\/\/www.jeunesdesaintjean.org\/wp-content\/uploads\/2016\/04\/Capture-d\u2019\u00e9cran-2016-10-10-\u00e0-21.27.47-389x600.jpg 389w, https:\/\/www.jeunesdesaintjean.org\/wp-content\/uploads\/2016\/04\/Capture-d\u2019\u00e9cran-2016-10-10-\u00e0-21.27.47.jpg 455w\" sizes=\"auto, (max-width: 162px) 100vw, 162px\" \/><\/a>\n\t\t\t<\/div><\/figure><figure class='gallery-item'>\n\t\t\t<div class='gallery-icon landscape'>\n\t\t\t\t<a href='https:\/\/www.jeunesdesaintjean.org\/wp-content\/uploads\/2016\/04\/Capture-d\u2019\u00e9cran-2016-10-10-\u00e0-21.29.17.jpg' rel=\"lightbox[1758]\"><img loading=\"lazy\" decoding=\"async\" width=\"400\" height=\"210\" src=\"https:\/\/www.jeunesdesaintjean.org\/wp-content\/uploads\/2016\/04\/Capture-d\u2019\u00e9cran-2016-10-10-\u00e0-21.29.17-400x210.jpg\" class=\"attachment-medium size-medium\" alt=\"\" srcset=\"https:\/\/www.jeunesdesaintjean.org\/wp-content\/uploads\/2016\/04\/Capture-d\u2019\u00e9cran-2016-10-10-\u00e0-21.29.17-400x210.jpg 400w, https:\/\/www.jeunesdesaintjean.org\/wp-content\/uploads\/2016\/04\/Capture-d\u2019\u00e9cran-2016-10-10-\u00e0-21.29.17-100x53.jpg 100w, https:\/\/www.jeunesdesaintjean.org\/wp-content\/uploads\/2016\/04\/Capture-d\u2019\u00e9cran-2016-10-10-\u00e0-21.29.17-600x315.jpg 600w, https:\/\/www.jeunesdesaintjean.org\/wp-content\/uploads\/2016\/04\/Capture-d\u2019\u00e9cran-2016-10-10-\u00e0-21.29.17-571x300.jpg 571w, https:\/\/www.jeunesdesaintjean.org\/wp-content\/uploads\/2016\/04\/Capture-d\u2019\u00e9cran-2016-10-10-\u00e0-21.29.17-300x158.jpg 300w, https:\/\/www.jeunesdesaintjean.org\/wp-content\/uploads\/2016\/04\/Capture-d\u2019\u00e9cran-2016-10-10-\u00e0-21.29.17-424x223.jpg 424w, https:\/\/www.jeunesdesaintjean.org\/wp-content\/uploads\/2016\/04\/Capture-d\u2019\u00e9cran-2016-10-10-\u00e0-21.29.17.jpg 893w\" sizes=\"auto, (max-width: 400px) 100vw, 400px\" \/><\/a>\n\t\t\t<\/div><\/figure><figure class='gallery-item'>\n\t\t\t<div class='gallery-icon portrait'>\n\t\t\t\t<a href='https:\/\/www.jeunesdesaintjean.org\/wp-content\/uploads\/2016\/04\/Capture-d\u2019\u00e9cran-2016-10-10-\u00e0-21.27.31.jpg' rel=\"lightbox[1758]\"><img loading=\"lazy\" decoding=\"async\" width=\"166\" height=\"250\" src=\"https:\/\/www.jeunesdesaintjean.org\/wp-content\/uploads\/2016\/04\/Capture-d\u2019\u00e9cran-2016-10-10-\u00e0-21.27.31-166x250.jpg\" class=\"attachment-medium size-medium\" alt=\"\" srcset=\"https:\/\/www.jeunesdesaintjean.org\/wp-content\/uploads\/2016\/04\/Capture-d\u2019\u00e9cran-2016-10-10-\u00e0-21.27.31-166x250.jpg 166w, https:\/\/www.jeunesdesaintjean.org\/wp-content\/uploads\/2016\/04\/Capture-d\u2019\u00e9cran-2016-10-10-\u00e0-21.27.31-67x100.jpg 67w, https:\/\/www.jeunesdesaintjean.org\/wp-content\/uploads\/2016\/04\/Capture-d\u2019\u00e9cran-2016-10-10-\u00e0-21.27.31-200x300.jpg 200w, https:\/\/www.jeunesdesaintjean.org\/wp-content\/uploads\/2016\/04\/Capture-d\u2019\u00e9cran-2016-10-10-\u00e0-21.27.31-282x424.jpg 282w, https:\/\/www.jeunesdesaintjean.org\/wp-content\/uploads\/2016\/04\/Capture-d\u2019\u00e9cran-2016-10-10-\u00e0-21.27.31-399x600.jpg 399w, https:\/\/www.jeunesdesaintjean.org\/wp-content\/uploads\/2016\/04\/Capture-d\u2019\u00e9cran-2016-10-10-\u00e0-21.27.31.jpg 470w\" sizes=\"auto, (max-width: 166px) 100vw, 166px\" \/><\/a>\n\t\t\t<\/div><\/figure><figure class='gallery-item'>\n\t\t\t<div class='gallery-icon landscape'>\n\t\t\t\t<a href='https:\/\/www.jeunesdesaintjean.org\/wp-content\/uploads\/2016\/04\/Capture-d\u2019\u00e9cran-2016-11-03-\u00e0-08.01.02.jpg' rel=\"lightbox[1758]\"><img loading=\"lazy\" decoding=\"async\" width=\"336\" height=\"250\" src=\"https:\/\/www.jeunesdesaintjean.org\/wp-content\/uploads\/2016\/04\/Capture-d\u2019\u00e9cran-2016-11-03-\u00e0-08.01.02-336x250.jpg\" class=\"attachment-medium size-medium\" alt=\"\" srcset=\"https:\/\/www.jeunesdesaintjean.org\/wp-content\/uploads\/2016\/04\/Capture-d\u2019\u00e9cran-2016-11-03-\u00e0-08.01.02-336x250.jpg 336w, https:\/\/www.jeunesdesaintjean.org\/wp-content\/uploads\/2016\/04\/Capture-d\u2019\u00e9cran-2016-11-03-\u00e0-08.01.02-100x74.jpg 100w, https:\/\/www.jeunesdesaintjean.org\/wp-content\/uploads\/2016\/04\/Capture-d\u2019\u00e9cran-2016-11-03-\u00e0-08.01.02-600x447.jpg 600w, https:\/\/www.jeunesdesaintjean.org\/wp-content\/uploads\/2016\/04\/Capture-d\u2019\u00e9cran-2016-11-03-\u00e0-08.01.02-403x300.jpg 403w, https:\/\/www.jeunesdesaintjean.org\/wp-content\/uploads\/2016\/04\/Capture-d\u2019\u00e9cran-2016-11-03-\u00e0-08.01.02-300x223.jpg 300w, https:\/\/www.jeunesdesaintjean.org\/wp-content\/uploads\/2016\/04\/Capture-d\u2019\u00e9cran-2016-11-03-\u00e0-08.01.02-424x316.jpg 424w, https:\/\/www.jeunesdesaintjean.org\/wp-content\/uploads\/2016\/04\/Capture-d\u2019\u00e9cran-2016-11-03-\u00e0-08.01.02.jpg 898w\" sizes=\"auto, (max-width: 336px) 100vw, 336px\" \/><\/a>\n\t\t\t<\/div><\/figure><figure class='gallery-item'>\n\t\t\t<div class='gallery-icon landscape'>\n\t\t\t\t<a href='https:\/\/www.jeunesdesaintjean.org\/wp-content\/uploads\/2016\/04\/Capture-d\u2019\u00e9cran-2016-11-03-\u00e0-08.00.56.jpg' rel=\"lightbox[1758]\"><img loading=\"lazy\" decoding=\"async\" width=\"335\" height=\"250\" src=\"https:\/\/www.jeunesdesaintjean.org\/wp-content\/uploads\/2016\/04\/Capture-d\u2019\u00e9cran-2016-11-03-\u00e0-08.00.56-335x250.jpg\" class=\"attachment-medium size-medium\" alt=\"\" srcset=\"https:\/\/www.jeunesdesaintjean.org\/wp-content\/uploads\/2016\/04\/Capture-d\u2019\u00e9cran-2016-11-03-\u00e0-08.00.56-335x250.jpg 335w, https:\/\/www.jeunesdesaintjean.org\/wp-content\/uploads\/2016\/04\/Capture-d\u2019\u00e9cran-2016-11-03-\u00e0-08.00.56-100x75.jpg 100w, https:\/\/www.jeunesdesaintjean.org\/wp-content\/uploads\/2016\/04\/Capture-d\u2019\u00e9cran-2016-11-03-\u00e0-08.00.56-600x448.jpg 600w, https:\/\/www.jeunesdesaintjean.org\/wp-content\/uploads\/2016\/04\/Capture-d\u2019\u00e9cran-2016-11-03-\u00e0-08.00.56-402x300.jpg 402w, https:\/\/www.jeunesdesaintjean.org\/wp-content\/uploads\/2016\/04\/Capture-d\u2019\u00e9cran-2016-11-03-\u00e0-08.00.56-300x224.jpg 300w, https:\/\/www.jeunesdesaintjean.org\/wp-content\/uploads\/2016\/04\/Capture-d\u2019\u00e9cran-2016-11-03-\u00e0-08.00.56-424x317.jpg 424w, https:\/\/www.jeunesdesaintjean.org\/wp-content\/uploads\/2016\/04\/Capture-d\u2019\u00e9cran-2016-11-03-\u00e0-08.00.56.jpg 904w\" sizes=\"auto, (max-width: 335px) 100vw, 335px\" \/><\/a>\n\t\t\t<\/div><\/figure><figure class='gallery-item'>\n\t\t\t<div class='gallery-icon portrait'>\n\t\t\t\t<a href='https:\/\/www.jeunesdesaintjean.org\/wp-content\/uploads\/2016\/04\/Capture-d\u2019\u00e9cran-2016-11-03-\u00e0-08.00.05.jpg' rel=\"lightbox[1758]\"><img loading=\"lazy\" decoding=\"async\" width=\"188\" height=\"250\" src=\"https:\/\/www.jeunesdesaintjean.org\/wp-content\/uploads\/2016\/04\/Capture-d\u2019\u00e9cran-2016-11-03-\u00e0-08.00.05-188x250.jpg\" class=\"attachment-medium size-medium\" alt=\"\" srcset=\"https:\/\/www.jeunesdesaintjean.org\/wp-content\/uploads\/2016\/04\/Capture-d\u2019\u00e9cran-2016-11-03-\u00e0-08.00.05-188x250.jpg 188w, https:\/\/www.jeunesdesaintjean.org\/wp-content\/uploads\/2016\/04\/Capture-d\u2019\u00e9cran-2016-11-03-\u00e0-08.00.05-75x100.jpg 75w, https:\/\/www.jeunesdesaintjean.org\/wp-content\/uploads\/2016\/04\/Capture-d\u2019\u00e9cran-2016-11-03-\u00e0-08.00.05-225x300.jpg 225w, https:\/\/www.jeunesdesaintjean.org\/wp-content\/uploads\/2016\/04\/Capture-d\u2019\u00e9cran-2016-11-03-\u00e0-08.00.05-300x399.jpg 300w, https:\/\/www.jeunesdesaintjean.org\/wp-content\/uploads\/2016\/04\/Capture-d\u2019\u00e9cran-2016-11-03-\u00e0-08.00.05-424x565.jpg 424w, https:\/\/www.jeunesdesaintjean.org\/wp-content\/uploads\/2016\/04\/Capture-d\u2019\u00e9cran-2016-11-03-\u00e0-08.00.05.jpg 510w\" sizes=\"auto, (max-width: 188px) 100vw, 188px\" \/><\/a>\n\t\t\t<\/div><\/figure><figure class='gallery-item'>\n\t\t\t<div class='gallery-icon landscape'>\n\t\t\t\t<a href='https:\/\/www.jeunesdesaintjean.org\/wp-content\/uploads\/2016\/04\/Capture-d\u2019\u00e9cran-2016-11-03-\u00e0-08.01.08.jpg' rel=\"lightbox[1758]\"><img loading=\"lazy\" decoding=\"async\" width=\"333\" height=\"250\" src=\"https:\/\/www.jeunesdesaintjean.org\/wp-content\/uploads\/2016\/04\/Capture-d\u2019\u00e9cran-2016-11-03-\u00e0-08.01.08-333x250.jpg\" class=\"attachment-medium size-medium\" alt=\"\" srcset=\"https:\/\/www.jeunesdesaintjean.org\/wp-content\/uploads\/2016\/04\/Capture-d\u2019\u00e9cran-2016-11-03-\u00e0-08.01.08-333x250.jpg 333w, https:\/\/www.jeunesdesaintjean.org\/wp-content\/uploads\/2016\/04\/Capture-d\u2019\u00e9cran-2016-11-03-\u00e0-08.01.08-100x75.jpg 100w, https:\/\/www.jeunesdesaintjean.org\/wp-content\/uploads\/2016\/04\/Capture-d\u2019\u00e9cran-2016-11-03-\u00e0-08.01.08-600x451.jpg 600w, https:\/\/www.jeunesdesaintjean.org\/wp-content\/uploads\/2016\/04\/Capture-d\u2019\u00e9cran-2016-11-03-\u00e0-08.01.08-399x300.jpg 399w, https:\/\/www.jeunesdesaintjean.org\/wp-content\/uploads\/2016\/04\/Capture-d\u2019\u00e9cran-2016-11-03-\u00e0-08.01.08-300x225.jpg 300w, https:\/\/www.jeunesdesaintjean.org\/wp-content\/uploads\/2016\/04\/Capture-d\u2019\u00e9cran-2016-11-03-\u00e0-08.01.08-424x318.jpg 424w, https:\/\/www.jeunesdesaintjean.org\/wp-content\/uploads\/2016\/04\/Capture-d\u2019\u00e9cran-2016-11-03-\u00e0-08.01.08.jpg 900w\" sizes=\"auto, (max-width: 333px) 100vw, 333px\" \/><\/a>\n\t\t\t<\/div><\/figure><figure class='gallery-item'>\n\t\t\t<div class='gallery-icon landscape'>\n\t\t\t\t<a href='https:\/\/www.jeunesdesaintjean.org\/wp-content\/uploads\/2016\/04\/Capture-d\u2019\u00e9cran-2016-10-10-\u00e0-21.28.24.jpg' rel=\"lightbox[1758]\"><img loading=\"lazy\" decoding=\"async\" width=\"386\" height=\"250\" src=\"https:\/\/www.jeunesdesaintjean.org\/wp-content\/uploads\/2016\/04\/Capture-d\u2019\u00e9cran-2016-10-10-\u00e0-21.28.24-386x250.jpg\" class=\"attachment-medium size-medium\" alt=\"\" srcset=\"https:\/\/www.jeunesdesaintjean.org\/wp-content\/uploads\/2016\/04\/Capture-d\u2019\u00e9cran-2016-10-10-\u00e0-21.28.24-386x250.jpg 386w, https:\/\/www.jeunesdesaintjean.org\/wp-content\/uploads\/2016\/04\/Capture-d\u2019\u00e9cran-2016-10-10-\u00e0-21.28.24-100x65.jpg 100w, https:\/\/www.jeunesdesaintjean.org\/wp-content\/uploads\/2016\/04\/Capture-d\u2019\u00e9cran-2016-10-10-\u00e0-21.28.24-1024x663.jpg 1024w, https:\/\/www.jeunesdesaintjean.org\/wp-content\/uploads\/2016\/04\/Capture-d\u2019\u00e9cran-2016-10-10-\u00e0-21.28.24-600x389.jpg 600w, https:\/\/www.jeunesdesaintjean.org\/wp-content\/uploads\/2016\/04\/Capture-d\u2019\u00e9cran-2016-10-10-\u00e0-21.28.24-463x300.jpg 463w, https:\/\/www.jeunesdesaintjean.org\/wp-content\/uploads\/2016\/04\/Capture-d\u2019\u00e9cran-2016-10-10-\u00e0-21.28.24-300x194.jpg 300w, https:\/\/www.jeunesdesaintjean.org\/wp-content\/uploads\/2016\/04\/Capture-d\u2019\u00e9cran-2016-10-10-\u00e0-21.28.24-424x275.jpg 424w, https:\/\/www.jeunesdesaintjean.org\/wp-content\/uploads\/2016\/04\/Capture-d\u2019\u00e9cran-2016-10-10-\u00e0-21.28.24.jpg 1047w\" sizes=\"auto, (max-width: 386px) 100vw, 386px\" \/><\/a>\n\t\t\t<\/div><\/figure><figure class='gallery-item'>\n\t\t\t<div class='gallery-icon portrait'>\n\t\t\t\t<a href='https:\/\/www.jeunesdesaintjean.org\/wp-content\/uploads\/2016\/04\/Capture-d\u2019\u00e9cran-2016-10-10-\u00e0-21.27.54.jpg' rel=\"lightbox[1758]\"><img loading=\"lazy\" decoding=\"async\" width=\"162\" height=\"250\" src=\"https:\/\/www.jeunesdesaintjean.org\/wp-content\/uploads\/2016\/04\/Capture-d\u2019\u00e9cran-2016-10-10-\u00e0-21.27.54-162x250.jpg\" class=\"attachment-medium size-medium\" alt=\"\" srcset=\"https:\/\/www.jeunesdesaintjean.org\/wp-content\/uploads\/2016\/04\/Capture-d\u2019\u00e9cran-2016-10-10-\u00e0-21.27.54-162x250.jpg 162w, https:\/\/www.jeunesdesaintjean.org\/wp-content\/uploads\/2016\/04\/Capture-d\u2019\u00e9cran-2016-10-10-\u00e0-21.27.54-65x100.jpg 65w, https:\/\/www.jeunesdesaintjean.org\/wp-content\/uploads\/2016\/04\/Capture-d\u2019\u00e9cran-2016-10-10-\u00e0-21.27.54-194x300.jpg 194w, https:\/\/www.jeunesdesaintjean.org\/wp-content\/uploads\/2016\/04\/Capture-d\u2019\u00e9cran-2016-10-10-\u00e0-21.27.54-274x424.jpg 274w, https:\/\/www.jeunesdesaintjean.org\/wp-content\/uploads\/2016\/04\/Capture-d\u2019\u00e9cran-2016-10-10-\u00e0-21.27.54-388x600.jpg 388w, https:\/\/www.jeunesdesaintjean.org\/wp-content\/uploads\/2016\/04\/Capture-d\u2019\u00e9cran-2016-10-10-\u00e0-21.27.54.jpg 448w\" sizes=\"auto, (max-width: 162px) 100vw, 162px\" \/><\/a>\n\t\t\t<\/div><\/figure><figure class='gallery-item'>\n\t\t\t<div class='gallery-icon landscape'>\n\t\t\t\t<a href='https:\/\/www.jeunesdesaintjean.org\/wp-content\/uploads\/2016\/04\/Capture-d\u2019\u00e9cran-2016-11-03-\u00e0-08.01.22.jpg' rel=\"lightbox[1758]\"><img loading=\"lazy\" decoding=\"async\" width=\"335\" height=\"250\" src=\"https:\/\/www.jeunesdesaintjean.org\/wp-content\/uploads\/2016\/04\/Capture-d\u2019\u00e9cran-2016-11-03-\u00e0-08.01.22-335x250.jpg\" class=\"attachment-medium size-medium\" alt=\"\" srcset=\"https:\/\/www.jeunesdesaintjean.org\/wp-content\/uploads\/2016\/04\/Capture-d\u2019\u00e9cran-2016-11-03-\u00e0-08.01.22-335x250.jpg 335w, https:\/\/www.jeunesdesaintjean.org\/wp-content\/uploads\/2016\/04\/Capture-d\u2019\u00e9cran-2016-11-03-\u00e0-08.01.22-100x75.jpg 100w, https:\/\/www.jeunesdesaintjean.org\/wp-content\/uploads\/2016\/04\/Capture-d\u2019\u00e9cran-2016-11-03-\u00e0-08.01.22-600x448.jpg 600w, https:\/\/www.jeunesdesaintjean.org\/wp-content\/uploads\/2016\/04\/Capture-d\u2019\u00e9cran-2016-11-03-\u00e0-08.01.22-402x300.jpg 402w, https:\/\/www.jeunesdesaintjean.org\/wp-content\/uploads\/2016\/04\/Capture-d\u2019\u00e9cran-2016-11-03-\u00e0-08.01.22-300x224.jpg 300w, https:\/\/www.jeunesdesaintjean.org\/wp-content\/uploads\/2016\/04\/Capture-d\u2019\u00e9cran-2016-11-03-\u00e0-08.01.22-424x316.jpg 424w, https:\/\/www.jeunesdesaintjean.org\/wp-content\/uploads\/2016\/04\/Capture-d\u2019\u00e9cran-2016-11-03-\u00e0-08.01.22.jpg 901w\" sizes=\"auto, (max-width: 335px) 100vw, 335px\" \/><\/a>\n\t\t\t<\/div><\/figure><figure class='gallery-item'>\n\t\t\t<div class='gallery-icon landscape'>\n\t\t\t\t<a href='https:\/\/www.jeunesdesaintjean.org\/wp-content\/uploads\/2016\/04\/Capture-d\u2019\u00e9cran-2016-10-10-\u00e0-21.27.39.jpg' rel=\"lightbox[1758]\"><img loading=\"lazy\" decoding=\"async\" width=\"371\" height=\"250\" src=\"https:\/\/www.jeunesdesaintjean.org\/wp-content\/uploads\/2016\/04\/Capture-d\u2019\u00e9cran-2016-10-10-\u00e0-21.27.39-371x250.jpg\" class=\"attachment-medium size-medium\" alt=\"\" srcset=\"https:\/\/www.jeunesdesaintjean.org\/wp-content\/uploads\/2016\/04\/Capture-d\u2019\u00e9cran-2016-10-10-\u00e0-21.27.39-371x250.jpg 371w, https:\/\/www.jeunesdesaintjean.org\/wp-content\/uploads\/2016\/04\/Capture-d\u2019\u00e9cran-2016-10-10-\u00e0-21.27.39-100x67.jpg 100w, https:\/\/www.jeunesdesaintjean.org\/wp-content\/uploads\/2016\/04\/Capture-d\u2019\u00e9cran-2016-10-10-\u00e0-21.27.39-1024x689.jpg 1024w, https:\/\/www.jeunesdesaintjean.org\/wp-content\/uploads\/2016\/04\/Capture-d\u2019\u00e9cran-2016-10-10-\u00e0-21.27.39-600x404.jpg 600w, https:\/\/www.jeunesdesaintjean.org\/wp-content\/uploads\/2016\/04\/Capture-d\u2019\u00e9cran-2016-10-10-\u00e0-21.27.39-446x300.jpg 446w, https:\/\/www.jeunesdesaintjean.org\/wp-content\/uploads\/2016\/04\/Capture-d\u2019\u00e9cran-2016-10-10-\u00e0-21.27.39-300x202.jpg 300w, https:\/\/www.jeunesdesaintjean.org\/wp-content\/uploads\/2016\/04\/Capture-d\u2019\u00e9cran-2016-10-10-\u00e0-21.27.39-424x285.jpg 424w, https:\/\/www.jeunesdesaintjean.org\/wp-content\/uploads\/2016\/04\/Capture-d\u2019\u00e9cran-2016-10-10-\u00e0-21.27.39.jpg 1040w\" sizes=\"auto, (max-width: 371px) 100vw, 371px\" \/><\/a>\n\t\t\t<\/div><\/figure><figure class='gallery-item'>\n\t\t\t<div class='gallery-icon landscape'>\n\t\t\t\t<a href='https:\/\/www.jeunesdesaintjean.org\/wp-content\/uploads\/2016\/04\/Capture-d\u2019\u00e9cran-2016-11-03-\u00e0-08.01.15.jpg' rel=\"lightbox[1758]\"><img loading=\"lazy\" decoding=\"async\" width=\"335\" height=\"250\" src=\"https:\/\/www.jeunesdesaintjean.org\/wp-content\/uploads\/2016\/04\/Capture-d\u2019\u00e9cran-2016-11-03-\u00e0-08.01.15-335x250.jpg\" class=\"attachment-medium size-medium\" alt=\"\" srcset=\"https:\/\/www.jeunesdesaintjean.org\/wp-content\/uploads\/2016\/04\/Capture-d\u2019\u00e9cran-2016-11-03-\u00e0-08.01.15-335x250.jpg 335w, https:\/\/www.jeunesdesaintjean.org\/wp-content\/uploads\/2016\/04\/Capture-d\u2019\u00e9cran-2016-11-03-\u00e0-08.01.15-100x75.jpg 100w, https:\/\/www.jeunesdesaintjean.org\/wp-content\/uploads\/2016\/04\/Capture-d\u2019\u00e9cran-2016-11-03-\u00e0-08.01.15-600x448.jpg 600w, https:\/\/www.jeunesdesaintjean.org\/wp-content\/uploads\/2016\/04\/Capture-d\u2019\u00e9cran-2016-11-03-\u00e0-08.01.15-402x300.jpg 402w, https:\/\/www.jeunesdesaintjean.org\/wp-content\/uploads\/2016\/04\/Capture-d\u2019\u00e9cran-2016-11-03-\u00e0-08.01.15-300x224.jpg 300w, https:\/\/www.jeunesdesaintjean.org\/wp-content\/uploads\/2016\/04\/Capture-d\u2019\u00e9cran-2016-11-03-\u00e0-08.01.15-424x316.jpg 424w, https:\/\/www.jeunesdesaintjean.org\/wp-content\/uploads\/2016\/04\/Capture-d\u2019\u00e9cran-2016-11-03-\u00e0-08.01.15.jpg 903w\" sizes=\"auto, (max-width: 335px) 100vw, 335px\" \/><\/a>\n\t\t\t<\/div><\/figure><figure class='gallery-item'>\n\t\t\t<div class='gallery-icon portrait'>\n\t\t\t\t<a href='https:\/\/www.jeunesdesaintjean.org\/wp-content\/uploads\/2016\/04\/Capture-d\u2019\u00e9cran-2016-11-03-\u00e0-08.00.35.jpg' rel=\"lightbox[1758]\"><img loading=\"lazy\" decoding=\"async\" width=\"186\" height=\"250\" src=\"https:\/\/www.jeunesdesaintjean.org\/wp-content\/uploads\/2016\/04\/Capture-d\u2019\u00e9cran-2016-11-03-\u00e0-08.00.35-186x250.jpg\" class=\"attachment-medium size-medium\" alt=\"\" srcset=\"https:\/\/www.jeunesdesaintjean.org\/wp-content\/uploads\/2016\/04\/Capture-d\u2019\u00e9cran-2016-11-03-\u00e0-08.00.35-186x250.jpg 186w, https:\/\/www.jeunesdesaintjean.org\/wp-content\/uploads\/2016\/04\/Capture-d\u2019\u00e9cran-2016-11-03-\u00e0-08.00.35-75x100.jpg 75w, https:\/\/www.jeunesdesaintjean.org\/wp-content\/uploads\/2016\/04\/Capture-d\u2019\u00e9cran-2016-11-03-\u00e0-08.00.35-224x300.jpg 224w, https:\/\/www.jeunesdesaintjean.org\/wp-content\/uploads\/2016\/04\/Capture-d\u2019\u00e9cran-2016-11-03-\u00e0-08.00.35-300x402.jpg 300w, https:\/\/www.jeunesdesaintjean.org\/wp-content\/uploads\/2016\/04\/Capture-d\u2019\u00e9cran-2016-11-03-\u00e0-08.00.35-424x569.jpg 424w, https:\/\/www.jeunesdesaintjean.org\/wp-content\/uploads\/2016\/04\/Capture-d\u2019\u00e9cran-2016-11-03-\u00e0-08.00.35.jpg 507w\" sizes=\"auto, (max-width: 186px) 100vw, 186px\" \/><\/a>\n\t\t\t<\/div><\/figure><figure class='gallery-item'>\n\t\t\t<div class='gallery-icon landscape'>\n\t\t\t\t<a href='https:\/\/www.jeunesdesaintjean.org\/wp-content\/uploads\/2016\/04\/Capture-d\u2019\u00e9cran-2016-10-10-\u00e0-21.29.02.jpg' rel=\"lightbox[1758]\"><img loading=\"lazy\" decoding=\"async\" width=\"375\" height=\"250\" src=\"https:\/\/www.jeunesdesaintjean.org\/wp-content\/uploads\/2016\/04\/Capture-d\u2019\u00e9cran-2016-10-10-\u00e0-21.29.02-375x250.jpg\" class=\"attachment-medium size-medium\" alt=\"\" srcset=\"https:\/\/www.jeunesdesaintjean.org\/wp-content\/uploads\/2016\/04\/Capture-d\u2019\u00e9cran-2016-10-10-\u00e0-21.29.02-375x250.jpg 375w, https:\/\/www.jeunesdesaintjean.org\/wp-content\/uploads\/2016\/04\/Capture-d\u2019\u00e9cran-2016-10-10-\u00e0-21.29.02-100x67.jpg 100w, https:\/\/www.jeunesdesaintjean.org\/wp-content\/uploads\/2016\/04\/Capture-d\u2019\u00e9cran-2016-10-10-\u00e0-21.29.02-1024x683.jpg 1024w, https:\/\/www.jeunesdesaintjean.org\/wp-content\/uploads\/2016\/04\/Capture-d\u2019\u00e9cran-2016-10-10-\u00e0-21.29.02-600x400.jpg 600w, https:\/\/www.jeunesdesaintjean.org\/wp-content\/uploads\/2016\/04\/Capture-d\u2019\u00e9cran-2016-10-10-\u00e0-21.29.02-450x300.jpg 450w, https:\/\/www.jeunesdesaintjean.org\/wp-content\/uploads\/2016\/04\/Capture-d\u2019\u00e9cran-2016-10-10-\u00e0-21.29.02-300x200.jpg 300w, https:\/\/www.jeunesdesaintjean.org\/wp-content\/uploads\/2016\/04\/Capture-d\u2019\u00e9cran-2016-10-10-\u00e0-21.29.02-424x283.jpg 424w, https:\/\/www.jeunesdesaintjean.org\/wp-content\/uploads\/2016\/04\/Capture-d\u2019\u00e9cran-2016-10-10-\u00e0-21.29.02.jpg 1025w\" sizes=\"auto, (max-width: 375px) 100vw, 375px\" \/><\/a>\n\t\t\t<\/div><\/figure><figure class='gallery-item'>\n\t\t\t<div class='gallery-icon landscape'>\n\t\t\t\t<a href='https:\/\/www.jeunesdesaintjean.org\/wp-content\/uploads\/2016\/04\/Capture-d\u2019\u00e9cran-2016-10-10-\u00e0-21.27.25.jpg' rel=\"lightbox[1758]\"><img loading=\"lazy\" decoding=\"async\" width=\"371\" height=\"250\" src=\"https:\/\/www.jeunesdesaintjean.org\/wp-content\/uploads\/2016\/04\/Capture-d\u2019\u00e9cran-2016-10-10-\u00e0-21.27.25-371x250.jpg\" class=\"attachment-medium size-medium\" alt=\"\" srcset=\"https:\/\/www.jeunesdesaintjean.org\/wp-content\/uploads\/2016\/04\/Capture-d\u2019\u00e9cran-2016-10-10-\u00e0-21.27.25-371x250.jpg 371w, https:\/\/www.jeunesdesaintjean.org\/wp-content\/uploads\/2016\/04\/Capture-d\u2019\u00e9cran-2016-10-10-\u00e0-21.27.25-100x67.jpg 100w, https:\/\/www.jeunesdesaintjean.org\/wp-content\/uploads\/2016\/04\/Capture-d\u2019\u00e9cran-2016-10-10-\u00e0-21.27.25-600x404.jpg 600w, https:\/\/www.jeunesdesaintjean.org\/wp-content\/uploads\/2016\/04\/Capture-d\u2019\u00e9cran-2016-10-10-\u00e0-21.27.25-446x300.jpg 446w, https:\/\/www.jeunesdesaintjean.org\/wp-content\/uploads\/2016\/04\/Capture-d\u2019\u00e9cran-2016-10-10-\u00e0-21.27.25-300x202.jpg 300w, https:\/\/www.jeunesdesaintjean.org\/wp-content\/uploads\/2016\/04\/Capture-d\u2019\u00e9cran-2016-10-10-\u00e0-21.27.25-424x285.jpg 424w, https:\/\/www.jeunesdesaintjean.org\/wp-content\/uploads\/2016\/04\/Capture-d\u2019\u00e9cran-2016-10-10-\u00e0-21.27.25.jpg 998w\" sizes=\"auto, (max-width: 371px) 100vw, 371px\" \/><\/a>\n\t\t\t<\/div><\/figure><figure class='gallery-item'>\n\t\t\t<div class='gallery-icon landscape'>\n\t\t\t\t<a href='https:\/\/www.jeunesdesaintjean.org\/wp-content\/uploads\/2016\/04\/Capture-d\u2019\u00e9cran-2016-11-03-\u00e0-08.00.14.jpg' rel=\"lightbox[1758]\"><img loading=\"lazy\" decoding=\"async\" width=\"334\" height=\"250\" src=\"https:\/\/www.jeunesdesaintjean.org\/wp-content\/uploads\/2016\/04\/Capture-d\u2019\u00e9cran-2016-11-03-\u00e0-08.00.14-334x250.jpg\" class=\"attachment-medium size-medium\" alt=\"\" srcset=\"https:\/\/www.jeunesdesaintjean.org\/wp-content\/uploads\/2016\/04\/Capture-d\u2019\u00e9cran-2016-11-03-\u00e0-08.00.14-334x250.jpg 334w, https:\/\/www.jeunesdesaintjean.org\/wp-content\/uploads\/2016\/04\/Capture-d\u2019\u00e9cran-2016-11-03-\u00e0-08.00.14-100x75.jpg 100w, https:\/\/www.jeunesdesaintjean.org\/wp-content\/uploads\/2016\/04\/Capture-d\u2019\u00e9cran-2016-11-03-\u00e0-08.00.14-600x449.jpg 600w, https:\/\/www.jeunesdesaintjean.org\/wp-content\/uploads\/2016\/04\/Capture-d\u2019\u00e9cran-2016-11-03-\u00e0-08.00.14-401x300.jpg 401w, https:\/\/www.jeunesdesaintjean.org\/wp-content\/uploads\/2016\/04\/Capture-d\u2019\u00e9cran-2016-11-03-\u00e0-08.00.14-300x224.jpg 300w, https:\/\/www.jeunesdesaintjean.org\/wp-content\/uploads\/2016\/04\/Capture-d\u2019\u00e9cran-2016-11-03-\u00e0-08.00.14-424x317.jpg 424w, https:\/\/www.jeunesdesaintjean.org\/wp-content\/uploads\/2016\/04\/Capture-d\u2019\u00e9cran-2016-11-03-\u00e0-08.00.14.jpg 903w\" sizes=\"auto, (max-width: 334px) 100vw, 334px\" \/><\/a>\n\t\t\t<\/div><\/figure>\n\t\t<\/div>\n\n","protected":false},"excerpt":{"rendered":"<p>&nbsp; O\u00f9 ? : Figeac &#8211; Rocamadour\u00a0&#8211; Agen Quand ? : du 16 au 27 ao\u00fbt 2016 Le concept : Marcher sur le chemin vers Saint-Jacques-de-Compostelle, sur un tron\u00e7on fran\u00e7ais riche en histoire et en spiritualit\u00e9, traversant Figeac et Rocamadour, parmi les plus beaux villages de France. Accompagnateur : Fr\u00e8re Renaud-Marie de la Communaut\u00e9 Saint [&hellip;]<\/p>\n","protected":false},"author":1,"featured_media":1817,"comment_status":"open","ping_status":"open","sticky":false,"template":"","format":"standard","meta":{"_jetpack_newsletter_access":"","_jetpack_dont_email_post_to_subs":true,"_jetpack_newsletter_tier_id":0,"_jetpack_memberships_contains_paywalled_content":false,"two_page_speed":[],"_jetpack_memberships_contains_paid_content":false,"footnotes":""},"categories":[185],"tags":[194,195],"class_list":["post-1758","post","type-post","status-publish","format-standard","has-post-thumbnail","hentry","category-saint-jacques","tag-pelerinage","tag-randonnee"],"yoast_head":"<!-- This site is optimized with the Yoast SEO plugin v27.0 - https:\/\/yoast.com\/product\/yoast-seo-wordpress\/ -->\n<title>S\u00e9jour P\u00e9l\u00e9 St Jacques 2016 - Jeunes de Saint-Jean<\/title>\n<meta name=\"robots\" content=\"index, follow, max-snippet:-1, max-image-preview:large, max-video-preview:-1\" \/>\n<link rel=\"canonical\" href=\"https:\/\/www.jeunesdesaintjean.org\/index.php\/sejour-pele-st-jacques\/\" \/>\n<meta property=\"og:locale\" content=\"fr_FR\" \/>\n<meta property=\"og:type\" content=\"article\" \/>\n<meta property=\"og:title\" content=\"S\u00e9jour P\u00e9l\u00e9 St Jacques 2016 - Jeunes de Saint-Jean\" \/>\n<meta property=\"og:description\" content=\"&nbsp; O\u00f9 ? : Figeac &#8211; Rocamadour\u00a0&#8211; Agen Quand ? : du 16 au 27 ao\u00fbt 2016 Le concept : Marcher sur le chemin vers Saint-Jacques-de-Compostelle, sur un tron\u00e7on fran\u00e7ais riche en histoire et en spiritualit\u00e9, traversant Figeac et Rocamadour, parmi les plus beaux villages de France. Accompagnateur : Fr\u00e8re Renaud-Marie de la Communaut\u00e9 Saint [&hellip;]\" \/>\n<meta property=\"og:url\" content=\"https:\/\/www.jeunesdesaintjean.org\/index.php\/sejour-pele-st-jacques\/\" \/>\n<meta property=\"og:site_name\" content=\"Jeunes de Saint-Jean\" \/>\n<meta property=\"article:publisher\" content=\"https:\/\/www.facebook.com\/jeunesdesaintjean1?locale=fr_FR\" \/>\n<meta property=\"article:published_time\" content=\"2016-04-21T18:27:43+00:00\" \/>\n<meta property=\"article:modified_time\" content=\"2024-03-20T15:41:08+00:00\" \/>\n<meta property=\"og:image\" content=\"https:\/\/www.jeunesdesaintjean.org\/wp-content\/uploads\/2016\/04\/P\u00e9l\u00e9-St-Jacques-1.jpg\" \/>\n\t<meta property=\"og:image:width\" content=\"1654\" \/>\n\t<meta property=\"og:image:height\" content=\"2339\" \/>\n\t<meta property=\"og:image:type\" content=\"image\/jpeg\" \/>\n<meta name=\"author\" content=\"JJ\" \/>\n<meta name=\"twitter:label1\" content=\"\u00c9crit par\" \/>\n\t<meta name=\"twitter:data1\" content=\"JJ\" \/>\n\t<meta name=\"twitter:label2\" content=\"Dur\u00e9e de lecture estim\u00e9e\" \/>\n\t<meta name=\"twitter:data2\" content=\"1 minute\" \/>\n<script type=\"application\/ld+json\" class=\"yoast-schema-graph\">{\"@context\":\"https:\/\/schema.org\",\"@graph\":[{\"@type\":\"Article\",\"@id\":\"https:\/\/www.jeunesdesaintjean.org\/index.php\/sejour-pele-st-jacques\/#article\",\"isPartOf\":{\"@id\":\"https:\/\/www.jeunesdesaintjean.org\/index.php\/sejour-pele-st-jacques\/\"},\"author\":{\"name\":\"JJ\",\"@id\":\"https:\/\/www.jeunesdesaintjean.org\/#\/schema\/person\/a4a869aa54b438384c671d21fb44e5f5\"},\"headline\":\"S\u00e9jour P\u00e9l\u00e9 St Jacques 2016\",\"datePublished\":\"2016-04-21T18:27:43+00:00\",\"dateModified\":\"2024-03-20T15:41:08+00:00\",\"mainEntityOfPage\":{\"@id\":\"https:\/\/www.jeunesdesaintjean.org\/index.php\/sejour-pele-st-jacques\/\"},\"wordCount\":126,\"commentCount\":0,\"publisher\":{\"@id\":\"https:\/\/www.jeunesdesaintjean.org\/#organization\"},\"image\":{\"@id\":\"https:\/\/www.jeunesdesaintjean.org\/index.php\/sejour-pele-st-jacques\/#primaryimage\"},\"thumbnailUrl\":\"https:\/\/www.jeunesdesaintjean.org\/wp-content\/uploads\/2016\/04\/P\u00e9l\u00e9-St-Jacques-1.jpg\",\"keywords\":[\"P\u00e8lerinage\",\"Randonn\u00e9e\"],\"articleSection\":[\"P\u00e9l\u00e9 St Jacques\"],\"inLanguage\":\"fr-FR\",\"potentialAction\":[{\"@type\":\"CommentAction\",\"name\":\"Comment\",\"target\":[\"https:\/\/www.jeunesdesaintjean.org\/index.php\/sejour-pele-st-jacques\/#respond\"]}]},{\"@type\":\"WebPage\",\"@id\":\"https:\/\/www.jeunesdesaintjean.org\/index.php\/sejour-pele-st-jacques\/\",\"url\":\"https:\/\/www.jeunesdesaintjean.org\/index.php\/sejour-pele-st-jacques\/\",\"name\":\"S\u00e9jour P\u00e9l\u00e9 St Jacques 2016 - Jeunes de Saint-Jean\",\"isPartOf\":{\"@id\":\"https:\/\/www.jeunesdesaintjean.org\/#website\"},\"primaryImageOfPage\":{\"@id\":\"https:\/\/www.jeunesdesaintjean.org\/index.php\/sejour-pele-st-jacques\/#primaryimage\"},\"image\":{\"@id\":\"https:\/\/www.jeunesdesaintjean.org\/index.php\/sejour-pele-st-jacques\/#primaryimage\"},\"thumbnailUrl\":\"https:\/\/www.jeunesdesaintjean.org\/wp-content\/uploads\/2016\/04\/P\u00e9l\u00e9-St-Jacques-1.jpg\",\"datePublished\":\"2016-04-21T18:27:43+00:00\",\"dateModified\":\"2024-03-20T15:41:08+00:00\",\"breadcrumb\":{\"@id\":\"https:\/\/www.jeunesdesaintjean.org\/index.php\/sejour-pele-st-jacques\/#breadcrumb\"},\"inLanguage\":\"fr-FR\",\"potentialAction\":[{\"@type\":\"ReadAction\",\"target\":[\"https:\/\/www.jeunesdesaintjean.org\/index.php\/sejour-pele-st-jacques\/\"]}]},{\"@type\":\"ImageObject\",\"inLanguage\":\"fr-FR\",\"@id\":\"https:\/\/www.jeunesdesaintjean.org\/index.php\/sejour-pele-st-jacques\/#primaryimage\",\"url\":\"https:\/\/www.jeunesdesaintjean.org\/wp-content\/uploads\/2016\/04\/P\u00e9l\u00e9-St-Jacques-1.jpg\",\"contentUrl\":\"https:\/\/www.jeunesdesaintjean.org\/wp-content\/uploads\/2016\/04\/P\u00e9l\u00e9-St-Jacques-1.jpg\",\"width\":1654,\"height\":2339},{\"@type\":\"BreadcrumbList\",\"@id\":\"https:\/\/www.jeunesdesaintjean.org\/index.php\/sejour-pele-st-jacques\/#breadcrumb\",\"itemListElement\":[{\"@type\":\"ListItem\",\"position\":1,\"name\":\"Accueil\",\"item\":\"https:\/\/www.jeunesdesaintjean.org\/\"},{\"@type\":\"ListItem\",\"position\":2,\"name\":\"S\u00e9jour P\u00e9l\u00e9 St Jacques 2016\"}]},{\"@type\":\"WebSite\",\"@id\":\"https:\/\/www.jeunesdesaintjean.org\/#website\",\"url\":\"https:\/\/www.jeunesdesaintjean.org\/\",\"name\":\"Jeunes de Saint-Jean\",\"description\":\"S\u00e9jours &quot;Spi et Sport&quot; pour Jeunes professionnels catholiques !\",\"publisher\":{\"@id\":\"https:\/\/www.jeunesdesaintjean.org\/#organization\"},\"alternateName\":\"Les JJ\",\"potentialAction\":[{\"@type\":\"SearchAction\",\"target\":{\"@type\":\"EntryPoint\",\"urlTemplate\":\"https:\/\/www.jeunesdesaintjean.org\/?s={search_term_string}\"},\"query-input\":{\"@type\":\"PropertyValueSpecification\",\"valueRequired\":true,\"valueName\":\"search_term_string\"}}],\"inLanguage\":\"fr-FR\"},{\"@type\":\"Organization\",\"@id\":\"https:\/\/www.jeunesdesaintjean.org\/#organization\",\"name\":\"Jeunes de Saint-Jean\",\"url\":\"https:\/\/www.jeunesdesaintjean.org\/\",\"logo\":{\"@type\":\"ImageObject\",\"inLanguage\":\"fr-FR\",\"@id\":\"https:\/\/www.jeunesdesaintjean.org\/#\/schema\/logo\/image\/\",\"url\":\"https:\/\/www.jeunesdesaintjean.org\/wp-content\/uploads\/2024\/01\/Logo-rouge-sur-fond-transparent.png\",\"contentUrl\":\"https:\/\/www.jeunesdesaintjean.org\/wp-content\/uploads\/2024\/01\/Logo-rouge-sur-fond-transparent.png\",\"width\":1600,\"height\":1600,\"caption\":\"Jeunes de Saint-Jean\"},\"image\":{\"@id\":\"https:\/\/www.jeunesdesaintjean.org\/#\/schema\/logo\/image\/\"},\"sameAs\":[\"https:\/\/www.facebook.com\/jeunesdesaintjean1?locale=fr_FR\",\"https:\/\/www.instagram.com\/jeunesdesaintjean\/\"]},{\"@type\":\"Person\",\"@id\":\"https:\/\/www.jeunesdesaintjean.org\/#\/schema\/person\/a4a869aa54b438384c671d21fb44e5f5\",\"name\":\"JJ\",\"image\":{\"@type\":\"ImageObject\",\"inLanguage\":\"fr-FR\",\"@id\":\"https:\/\/www.jeunesdesaintjean.org\/#\/schema\/person\/image\/\",\"url\":\"https:\/\/secure.gravatar.com\/avatar\/c13a524c2fdbf9f3d56ad0f7ddff7ab038f7f8c87f8bb6f7f1991fd1cb33abaa?s=96&d=mm&r=g\",\"contentUrl\":\"https:\/\/secure.gravatar.com\/avatar\/c13a524c2fdbf9f3d56ad0f7ddff7ab038f7f8c87f8bb6f7f1991fd1cb33abaa?s=96&d=mm&r=g\",\"caption\":\"JJ\"},\"description\":\"Les JJ ou \\\"Jeunes de Saint Jean\\\" sont une association de Jeunes pros entre 23 et 35 ans, catholiques, qui organisent des activit\u00e9s adapt\u00e9es \u00e0 cette tranche d'\u00e2ge, en France surtout, depuis plus de 30 ann\u00e9es d\u00e9j\u00e0. Cette association est accompagn\u00e9e par des Fr\u00e8res et des Soeurs de Saint-Jean.\",\"sameAs\":[\"http:\/\/www.jeunesdesaintjean.org\"],\"url\":\"https:\/\/www.jeunesdesaintjean.org\/index.php\/author\/jsj\/\"}]}<\/script>\n<!-- \/ Yoast SEO plugin. -->","yoast_head_json":{"title":"S\u00e9jour P\u00e9l\u00e9 St Jacques 2016 - Jeunes de Saint-Jean","robots":{"index":"index","follow":"follow","max-snippet":"max-snippet:-1","max-image-preview":"max-image-preview:large","max-video-preview":"max-video-preview:-1"},"canonical":"https:\/\/www.jeunesdesaintjean.org\/index.php\/sejour-pele-st-jacques\/","og_locale":"fr_FR","og_type":"article","og_title":"S\u00e9jour P\u00e9l\u00e9 St Jacques 2016 - Jeunes de Saint-Jean","og_description":"&nbsp; O\u00f9 ? : Figeac &#8211; Rocamadour\u00a0&#8211; Agen Quand ? : du 16 au 27 ao\u00fbt 2016 Le concept : Marcher sur le chemin vers Saint-Jacques-de-Compostelle, sur un tron\u00e7on fran\u00e7ais riche en histoire et en spiritualit\u00e9, traversant Figeac et Rocamadour, parmi les plus beaux villages de France. Accompagnateur : Fr\u00e8re Renaud-Marie de la Communaut\u00e9 Saint [&hellip;]","og_url":"https:\/\/www.jeunesdesaintjean.org\/index.php\/sejour-pele-st-jacques\/","og_site_name":"Jeunes de Saint-Jean","article_publisher":"https:\/\/www.facebook.com\/jeunesdesaintjean1?locale=fr_FR","article_published_time":"2016-04-21T18:27:43+00:00","article_modified_time":"2024-03-20T15:41:08+00:00","og_image":[{"width":1654,"height":2339,"url":"https:\/\/www.jeunesdesaintjean.org\/wp-content\/uploads\/2016\/04\/P\u00e9l\u00e9-St-Jacques-1.jpg","type":"image\/jpeg"}],"author":"JJ","twitter_misc":{"\u00c9crit par":"JJ","Dur\u00e9e de lecture estim\u00e9e":"1 minute"},"schema":{"@context":"https:\/\/schema.org","@graph":[{"@type":"Article","@id":"https:\/\/www.jeunesdesaintjean.org\/index.php\/sejour-pele-st-jacques\/#article","isPartOf":{"@id":"https:\/\/www.jeunesdesaintjean.org\/index.php\/sejour-pele-st-jacques\/"},"author":{"name":"JJ","@id":"https:\/\/www.jeunesdesaintjean.org\/#\/schema\/person\/a4a869aa54b438384c671d21fb44e5f5"},"headline":"S\u00e9jour P\u00e9l\u00e9 St Jacques 2016","datePublished":"2016-04-21T18:27:43+00:00","dateModified":"2024-03-20T15:41:08+00:00","mainEntityOfPage":{"@id":"https:\/\/www.jeunesdesaintjean.org\/index.php\/sejour-pele-st-jacques\/"},"wordCount":126,"commentCount":0,"publisher":{"@id":"https:\/\/www.jeunesdesaintjean.org\/#organization"},"image":{"@id":"https:\/\/www.jeunesdesaintjean.org\/index.php\/sejour-pele-st-jacques\/#primaryimage"},"thumbnailUrl":"https:\/\/www.jeunesdesaintjean.org\/wp-content\/uploads\/2016\/04\/P\u00e9l\u00e9-St-Jacques-1.jpg","keywords":["P\u00e8lerinage","Randonn\u00e9e"],"articleSection":["P\u00e9l\u00e9 St Jacques"],"inLanguage":"fr-FR","potentialAction":[{"@type":"CommentAction","name":"Comment","target":["https:\/\/www.jeunesdesaintjean.org\/index.php\/sejour-pele-st-jacques\/#respond"]}]},{"@type":"WebPage","@id":"https:\/\/www.jeunesdesaintjean.org\/index.php\/sejour-pele-st-jacques\/","url":"https:\/\/www.jeunesdesaintjean.org\/index.php\/sejour-pele-st-jacques\/","name":"S\u00e9jour P\u00e9l\u00e9 St Jacques 2016 - Jeunes de Saint-Jean","isPartOf":{"@id":"https:\/\/www.jeunesdesaintjean.org\/#website"},"primaryImageOfPage":{"@id":"https:\/\/www.jeunesdesaintjean.org\/index.php\/sejour-pele-st-jacques\/#primaryimage"},"image":{"@id":"https:\/\/www.jeunesdesaintjean.org\/index.php\/sejour-pele-st-jacques\/#primaryimage"},"thumbnailUrl":"https:\/\/www.jeunesdesaintjean.org\/wp-content\/uploads\/2016\/04\/P\u00e9l\u00e9-St-Jacques-1.jpg","datePublished":"2016-04-21T18:27:43+00:00","dateModified":"2024-03-20T15:41:08+00:00","breadcrumb":{"@id":"https:\/\/www.jeunesdesaintjean.org\/index.php\/sejour-pele-st-jacques\/#breadcrumb"},"inLanguage":"fr-FR","potentialAction":[{"@type":"ReadAction","target":["https:\/\/www.jeunesdesaintjean.org\/index.php\/sejour-pele-st-jacques\/"]}]},{"@type":"ImageObject","inLanguage":"fr-FR","@id":"https:\/\/www.jeunesdesaintjean.org\/index.php\/sejour-pele-st-jacques\/#primaryimage","url":"https:\/\/www.jeunesdesaintjean.org\/wp-content\/uploads\/2016\/04\/P\u00e9l\u00e9-St-Jacques-1.jpg","contentUrl":"https:\/\/www.jeunesdesaintjean.org\/wp-content\/uploads\/2016\/04\/P\u00e9l\u00e9-St-Jacques-1.jpg","width":1654,"height":2339},{"@type":"BreadcrumbList","@id":"https:\/\/www.jeunesdesaintjean.org\/index.php\/sejour-pele-st-jacques\/#breadcrumb","itemListElement":[{"@type":"ListItem","position":1,"name":"Accueil","item":"https:\/\/www.jeunesdesaintjean.org\/"},{"@type":"ListItem","position":2,"name":"S\u00e9jour P\u00e9l\u00e9 St Jacques 2016"}]},{"@type":"WebSite","@id":"https:\/\/www.jeunesdesaintjean.org\/#website","url":"https:\/\/www.jeunesdesaintjean.org\/","name":"Jeunes de Saint-Jean","description":"S\u00e9jours &quot;Spi et Sport&quot; pour Jeunes professionnels catholiques !","publisher":{"@id":"https:\/\/www.jeunesdesaintjean.org\/#organization"},"alternateName":"Les JJ","potentialAction":[{"@type":"SearchAction","target":{"@type":"EntryPoint","urlTemplate":"https:\/\/www.jeunesdesaintjean.org\/?s={search_term_string}"},"query-input":{"@type":"PropertyValueSpecification","valueRequired":true,"valueName":"search_term_string"}}],"inLanguage":"fr-FR"},{"@type":"Organization","@id":"https:\/\/www.jeunesdesaintjean.org\/#organization","name":"Jeunes de Saint-Jean","url":"https:\/\/www.jeunesdesaintjean.org\/","logo":{"@type":"ImageObject","inLanguage":"fr-FR","@id":"https:\/\/www.jeunesdesaintjean.org\/#\/schema\/logo\/image\/","url":"https:\/\/www.jeunesdesaintjean.org\/wp-content\/uploads\/2024\/01\/Logo-rouge-sur-fond-transparent.png","contentUrl":"https:\/\/www.jeunesdesaintjean.org\/wp-content\/uploads\/2024\/01\/Logo-rouge-sur-fond-transparent.png","width":1600,"height":1600,"caption":"Jeunes de Saint-Jean"},"image":{"@id":"https:\/\/www.jeunesdesaintjean.org\/#\/schema\/logo\/image\/"},"sameAs":["https:\/\/www.facebook.com\/jeunesdesaintjean1?locale=fr_FR","https:\/\/www.instagram.com\/jeunesdesaintjean\/"]},{"@type":"Person","@id":"https:\/\/www.jeunesdesaintjean.org\/#\/schema\/person\/a4a869aa54b438384c671d21fb44e5f5","name":"JJ","image":{"@type":"ImageObject","inLanguage":"fr-FR","@id":"https:\/\/www.jeunesdesaintjean.org\/#\/schema\/person\/image\/","url":"https:\/\/secure.gravatar.com\/avatar\/c13a524c2fdbf9f3d56ad0f7ddff7ab038f7f8c87f8bb6f7f1991fd1cb33abaa?s=96&d=mm&r=g","contentUrl":"https:\/\/secure.gravatar.com\/avatar\/c13a524c2fdbf9f3d56ad0f7ddff7ab038f7f8c87f8bb6f7f1991fd1cb33abaa?s=96&d=mm&r=g","caption":"JJ"},"description":"Les JJ ou \"Jeunes de Saint Jean\" sont une association de Jeunes pros entre 23 et 35 ans, catholiques, qui organisent des activit\u00e9s adapt\u00e9es \u00e0 cette tranche d'\u00e2ge, en France surtout, depuis plus de 30 ann\u00e9es d\u00e9j\u00e0. Cette association est accompagn\u00e9e par des Fr\u00e8res et des Soeurs de Saint-Jean.","sameAs":["http:\/\/www.jeunesdesaintjean.org"],"url":"https:\/\/www.jeunesdesaintjean.org\/index.php\/author\/jsj\/"}]}},"jetpack_featured_media_url":"https:\/\/www.jeunesdesaintjean.org\/wp-content\/uploads\/2016\/04\/P\u00e9l\u00e9-St-Jacques-1.jpg","jetpack_sharing_enabled":true,"jetpack_shortlink":"https:\/\/wp.me\/p7zN5T-sm","_links":{"self":[{"href":"https:\/\/www.jeunesdesaintjean.org\/index.php\/wp-json\/wp\/v2\/posts\/1758","targetHints":{"allow":["GET"]}}],"collection":[{"href":"https:\/\/www.jeunesdesaintjean.org\/index.php\/wp-json\/wp\/v2\/posts"}],"about":[{"href":"https:\/\/www.jeunesdesaintjean.org\/index.php\/wp-json\/wp\/v2\/types\/post"}],"author":[{"embeddable":true,"href":"https:\/\/www.jeunesdesaintjean.org\/index.php\/wp-json\/wp\/v2\/users\/1"}],"replies":[{"embeddable":true,"href":"https:\/\/www.jeunesdesaintjean.org\/index.php\/wp-json\/wp\/v2\/comments?post=1758"}],"version-history":[{"count":16,"href":"https:\/\/www.jeunesdesaintjean.org\/index.php\/wp-json\/wp\/v2\/posts\/1758\/revisions"}],"predecessor-version":[{"id":3790,"href":"https:\/\/www.jeunesdesaintjean.org\/index.php\/wp-json\/wp\/v2\/posts\/1758\/revisions\/3790"}],"wp:featuredmedia":[{"embeddable":true,"href":"https:\/\/www.jeunesdesaintjean.org\/index.php\/wp-json\/wp\/v2\/media\/1817"}],"wp:attachment":[{"href":"https:\/\/www.jeunesdesaintjean.org\/index.php\/wp-json\/wp\/v2\/media?parent=1758"}],"wp:term":[{"taxonomy":"category","embeddable":true,"href":"https:\/\/www.jeunesdesaintjean.org\/index.php\/wp-json\/wp\/v2\/categories?post=1758"},{"taxonomy":"post_tag","embeddable":true,"href":"https:\/\/www.jeunesdesaintjean.org\/index.php\/wp-json\/wp\/v2\/tags?post=1758"}],"curies":[{"name":"wp","href":"https:\/\/api.w.org\/{rel}","templated":true}]}}