{"id":1166,"date":"2015-11-24T21:23:33","date_gmt":"2015-11-24T20:23:33","guid":{"rendered":"http:\/\/www.unevieailleurs.com\/?p=1166"},"modified":"2024-03-20T02:46:34","modified_gmt":"2024-03-20T00:46:34","slug":"introduction-a-la-theologie-du-corps-partie-2-10-mars-2016","status":"publish","type":"post","link":"https:\/\/www.jeunesdesaintjean.org\/index.php\/introduction-a-la-theologie-du-corps-partie-2-10-mars-2016\/","title":{"rendered":"Introduction \u00e0 la th\u00e9ologie du corps (partie 2)"},"content":{"rendered":"<p><span style=\"text-decoration: underline;\">Intervenant :<\/span> <strong>Fr\u00e8re Timoth\u00e9e<\/strong><\/p>\n<p><span style=\"text-decoration: underline;\">Horaires :<\/span> <strong>20h-22h30<\/strong><\/p>\n<p><span style=\"text-decoration: underline;\">Lieu :<\/span>\u00a0<strong>\u00c9glise Notre-Dame du Travail<\/strong><br \/>\n36 rue Guilleminot &#8211; 75014 Paris<\/p>\n<p><iframe loading=\"lazy\" style=\"border: 0px currentColor;\" src=\"https:\/\/www.google.com\/maps\/embed?pb=!1m14!1m8!1m3!1d10504.67057412032!2d2.3170614!3d48.8359409!3m2!1i1024!2i768!4f13.1!3m3!1m2!1s0x0%3A0xaae5e1d0d805ee7d!2sParoisse+Notre+Dame+du+Travail!5e0!3m2!1sfr!2sfr!4v1451328578631\" width=\"312\" height=\"312\" frameborder=\"0\" allowfullscreen=\"allowfullscreen\"><\/iframe><\/p>\n<p><span style=\"text-decoration: underline;\">Programme\u00a0:<\/span><br \/>\nAp\u00e9ro \u00e0 20h<br \/>\nConf\u00e9rence \u00e0 20h30<\/p>\n<p>5 \u20ac de participation aux frais permettent la location de la salle et le remboursement des transports de l\u2019intervenant.<\/p>\n<p>Pour toute question : <a href=\"mailto:jj.activites@gmail.com\"><span style=\"color: #00798f;\">jj.activites@gmail.com<\/span><\/a><\/p>\n<p>Lien vers l&rsquo;\u00e9v\u00e8nement Facebook<br \/>\n<a href=\"https:\/\/www.facebook.com\/events\/166601307045390\/\" target=\"_blank\" rel=\"noopener\"><span style=\"color: #00798f;\">https:\/\/www.facebook.com\/events\/166601307045390\/<\/span><\/a><\/p>\n","protected":false},"excerpt":{"rendered":"<p>Intervenant : Fr\u00e8re Timoth\u00e9e Horaires : 20h-22h30 Lieu :\u00a0\u00c9glise Notre-Dame du Travail 36 rue Guilleminot &#8211; 75014 Paris Programme\u00a0: Ap\u00e9ro \u00e0 20h Conf\u00e9rence \u00e0 20h30 5 \u20ac de participation aux frais permettent la location de la salle et le remboursement des transports de l\u2019intervenant. Pour toute question : jj.activites@gmail.com Lien vers l&rsquo;\u00e9v\u00e8nement Facebook https:\/\/www.facebook.com\/events\/166601307045390\/<\/p>\n","protected":false},"author":2,"featured_media":1490,"comment_status":"open","ping_status":"open","sticky":false,"template":"","format":"standard","meta":{"_jetpack_newsletter_access":"","_jetpack_dont_email_post_to_subs":false,"_jetpack_newsletter_tier_id":0,"_jetpack_memberships_contains_paywalled_content":false,"two_page_speed":[],"_jetpack_memberships_contains_paid_content":false,"footnotes":""},"categories":[3],"tags":[],"class_list":["post-1166","post","type-post","status-publish","format-standard","has-post-thumbnail","hentry","category-conferences"],"yoast_head":"<!-- This site is optimized with the Yoast SEO plugin v27.0 - https:\/\/yoast.com\/product\/yoast-seo-wordpress\/ -->\n<title>Introduction \u00e0 la th\u00e9ologie du corps (partie 2) - Jeunes de Saint-Jean<\/title>\n<meta name=\"robots\" content=\"index, follow, max-snippet:-1, max-image-preview:large, max-video-preview:-1\" \/>\n<link rel=\"canonical\" href=\"https:\/\/www.jeunesdesaintjean.org\/index.php\/introduction-a-la-theologie-du-corps-partie-2-10-mars-2016\/\" \/>\n<meta property=\"og:locale\" content=\"fr_FR\" \/>\n<meta property=\"og:type\" content=\"article\" \/>\n<meta property=\"og:title\" content=\"Introduction \u00e0 la th\u00e9ologie du corps (partie 2) - Jeunes de Saint-Jean\" \/>\n<meta property=\"og:description\" content=\"Intervenant : Fr\u00e8re Timoth\u00e9e Horaires : 20h-22h30 Lieu :\u00a0\u00c9glise Notre-Dame du Travail 36 rue Guilleminot &#8211; 75014 Paris Programme\u00a0: Ap\u00e9ro \u00e0 20h Conf\u00e9rence \u00e0 20h30 5 \u20ac de participation aux frais permettent la location de la salle et le remboursement des transports de l\u2019intervenant. Pour toute question : jj.activites@gmail.com Lien vers l&rsquo;\u00e9v\u00e8nement Facebook https:\/\/www.facebook.com\/events\/166601307045390\/\" \/>\n<meta property=\"og:url\" content=\"https:\/\/www.jeunesdesaintjean.org\/index.php\/introduction-a-la-theologie-du-corps-partie-2-10-mars-2016\/\" \/>\n<meta property=\"og:site_name\" content=\"Jeunes de Saint-Jean\" \/>\n<meta property=\"article:publisher\" content=\"https:\/\/www.facebook.com\/jeunesdesaintjean1?locale=fr_FR\" \/>\n<meta property=\"article:published_time\" content=\"2015-11-24T20:23:33+00:00\" \/>\n<meta property=\"article:modified_time\" content=\"2024-03-20T00:46:34+00:00\" \/>\n<meta property=\"og:image\" content=\"https:\/\/www.jeunesdesaintjean.org\/wp-content\/uploads\/2015\/11\/Th\u00e9ologie-corps-2.jpeg\" \/>\n\t<meta property=\"og:image:width\" content=\"1654\" \/>\n\t<meta property=\"og:image:height\" content=\"2339\" \/>\n\t<meta property=\"og:image:type\" content=\"image\/jpeg\" \/>\n<meta name=\"author\" content=\"Jeunes de Saint Jean\" \/>\n<meta name=\"twitter:label1\" content=\"\u00c9crit par\" \/>\n\t<meta name=\"twitter:data1\" content=\"Jeunes de Saint Jean\" \/>\n<script type=\"application\/ld+json\" class=\"yoast-schema-graph\">{\"@context\":\"https:\/\/schema.org\",\"@graph\":[{\"@type\":\"Article\",\"@id\":\"https:\/\/www.jeunesdesaintjean.org\/index.php\/introduction-a-la-theologie-du-corps-partie-2-10-mars-2016\/#article\",\"isPartOf\":{\"@id\":\"https:\/\/www.jeunesdesaintjean.org\/index.php\/introduction-a-la-theologie-du-corps-partie-2-10-mars-2016\/\"},\"author\":{\"name\":\"Jeunes de Saint Jean\",\"@id\":\"https:\/\/www.jeunesdesaintjean.org\/#\/schema\/person\/2f9b6e822d669ede5b17f0a83fddbb60\"},\"headline\":\"Introduction \u00e0 la th\u00e9ologie du corps (partie 2)\",\"datePublished\":\"2015-11-24T20:23:33+00:00\",\"dateModified\":\"2024-03-20T00:46:34+00:00\",\"mainEntityOfPage\":{\"@id\":\"https:\/\/www.jeunesdesaintjean.org\/index.php\/introduction-a-la-theologie-du-corps-partie-2-10-mars-2016\/\"},\"wordCount\":67,\"commentCount\":0,\"publisher\":{\"@id\":\"https:\/\/www.jeunesdesaintjean.org\/#organization\"},\"image\":{\"@id\":\"https:\/\/www.jeunesdesaintjean.org\/index.php\/introduction-a-la-theologie-du-corps-partie-2-10-mars-2016\/#primaryimage\"},\"thumbnailUrl\":\"https:\/\/www.jeunesdesaintjean.org\/wp-content\/uploads\/2015\/11\/Th\u00e9ologie-corps-2.jpeg\",\"articleSection\":[\"Conf\u00e9rences\"],\"inLanguage\":\"fr-FR\",\"potentialAction\":[{\"@type\":\"CommentAction\",\"name\":\"Comment\",\"target\":[\"https:\/\/www.jeunesdesaintjean.org\/index.php\/introduction-a-la-theologie-du-corps-partie-2-10-mars-2016\/#respond\"]}]},{\"@type\":\"WebPage\",\"@id\":\"https:\/\/www.jeunesdesaintjean.org\/index.php\/introduction-a-la-theologie-du-corps-partie-2-10-mars-2016\/\",\"url\":\"https:\/\/www.jeunesdesaintjean.org\/index.php\/introduction-a-la-theologie-du-corps-partie-2-10-mars-2016\/\",\"name\":\"Introduction \u00e0 la th\u00e9ologie du corps (partie 2) - Jeunes de Saint-Jean\",\"isPartOf\":{\"@id\":\"https:\/\/www.jeunesdesaintjean.org\/#website\"},\"primaryImageOfPage\":{\"@id\":\"https:\/\/www.jeunesdesaintjean.org\/index.php\/introduction-a-la-theologie-du-corps-partie-2-10-mars-2016\/#primaryimage\"},\"image\":{\"@id\":\"https:\/\/www.jeunesdesaintjean.org\/index.php\/introduction-a-la-theologie-du-corps-partie-2-10-mars-2016\/#primaryimage\"},\"thumbnailUrl\":\"https:\/\/www.jeunesdesaintjean.org\/wp-content\/uploads\/2015\/11\/Th\u00e9ologie-corps-2.jpeg\",\"datePublished\":\"2015-11-24T20:23:33+00:00\",\"dateModified\":\"2024-03-20T00:46:34+00:00\",\"breadcrumb\":{\"@id\":\"https:\/\/www.jeunesdesaintjean.org\/index.php\/introduction-a-la-theologie-du-corps-partie-2-10-mars-2016\/#breadcrumb\"},\"inLanguage\":\"fr-FR\",\"potentialAction\":[{\"@type\":\"ReadAction\",\"target\":[\"https:\/\/www.jeunesdesaintjean.org\/index.php\/introduction-a-la-theologie-du-corps-partie-2-10-mars-2016\/\"]}]},{\"@type\":\"ImageObject\",\"inLanguage\":\"fr-FR\",\"@id\":\"https:\/\/www.jeunesdesaintjean.org\/index.php\/introduction-a-la-theologie-du-corps-partie-2-10-mars-2016\/#primaryimage\",\"url\":\"https:\/\/www.jeunesdesaintjean.org\/wp-content\/uploads\/2015\/11\/Th\u00e9ologie-corps-2.jpeg\",\"contentUrl\":\"https:\/\/www.jeunesdesaintjean.org\/wp-content\/uploads\/2015\/11\/Th\u00e9ologie-corps-2.jpeg\",\"width\":1654,\"height\":2339},{\"@type\":\"BreadcrumbList\",\"@id\":\"https:\/\/www.jeunesdesaintjean.org\/index.php\/introduction-a-la-theologie-du-corps-partie-2-10-mars-2016\/#breadcrumb\",\"itemListElement\":[{\"@type\":\"ListItem\",\"position\":1,\"name\":\"Accueil\",\"item\":\"https:\/\/www.jeunesdesaintjean.org\/\"},{\"@type\":\"ListItem\",\"position\":2,\"name\":\"Introduction \u00e0 la th\u00e9ologie du corps (partie 2)\"}]},{\"@type\":\"WebSite\",\"@id\":\"https:\/\/www.jeunesdesaintjean.org\/#website\",\"url\":\"https:\/\/www.jeunesdesaintjean.org\/\",\"name\":\"Jeunes de Saint-Jean\",\"description\":\"S\u00e9jours &quot;Spi et Sport&quot; pour Jeunes professionnels catholiques !\",\"publisher\":{\"@id\":\"https:\/\/www.jeunesdesaintjean.org\/#organization\"},\"alternateName\":\"Les JJ\",\"potentialAction\":[{\"@type\":\"SearchAction\",\"target\":{\"@type\":\"EntryPoint\",\"urlTemplate\":\"https:\/\/www.jeunesdesaintjean.org\/?s={search_term_string}\"},\"query-input\":{\"@type\":\"PropertyValueSpecification\",\"valueRequired\":true,\"valueName\":\"search_term_string\"}}],\"inLanguage\":\"fr-FR\"},{\"@type\":\"Organization\",\"@id\":\"https:\/\/www.jeunesdesaintjean.org\/#organization\",\"name\":\"Jeunes de Saint-Jean\",\"url\":\"https:\/\/www.jeunesdesaintjean.org\/\",\"logo\":{\"@type\":\"ImageObject\",\"inLanguage\":\"fr-FR\",\"@id\":\"https:\/\/www.jeunesdesaintjean.org\/#\/schema\/logo\/image\/\",\"url\":\"https:\/\/www.jeunesdesaintjean.org\/wp-content\/uploads\/2024\/01\/Logo-rouge-sur-fond-transparent.png\",\"contentUrl\":\"https:\/\/www.jeunesdesaintjean.org\/wp-content\/uploads\/2024\/01\/Logo-rouge-sur-fond-transparent.png\",\"width\":1600,\"height\":1600,\"caption\":\"Jeunes de Saint-Jean\"},\"image\":{\"@id\":\"https:\/\/www.jeunesdesaintjean.org\/#\/schema\/logo\/image\/\"},\"sameAs\":[\"https:\/\/www.facebook.com\/jeunesdesaintjean1?locale=fr_FR\",\"https:\/\/www.instagram.com\/jeunesdesaintjean\/\"]},{\"@type\":\"Person\",\"@id\":\"https:\/\/www.jeunesdesaintjean.org\/#\/schema\/person\/2f9b6e822d669ede5b17f0a83fddbb60\",\"name\":\"Jeunes de Saint Jean\",\"image\":{\"@type\":\"ImageObject\",\"inLanguage\":\"fr-FR\",\"@id\":\"https:\/\/www.jeunesdesaintjean.org\/#\/schema\/person\/image\/\",\"url\":\"https:\/\/secure.gravatar.com\/avatar\/289459c43af5c08c9fffba4a0e5cd37720a7f2eea02a92bef987eaef2bd9454b?s=96&d=mm&r=g\",\"contentUrl\":\"https:\/\/secure.gravatar.com\/avatar\/289459c43af5c08c9fffba4a0e5cd37720a7f2eea02a92bef987eaef2bd9454b?s=96&d=mm&r=g\",\"caption\":\"Jeunes de Saint Jean\"},\"url\":\"https:\/\/www.jeunesdesaintjean.org\/index.php\/author\/marie\/\"}]}<\/script>\n<!-- \/ Yoast SEO plugin. -->","yoast_head_json":{"title":"Introduction \u00e0 la th\u00e9ologie du corps (partie 2) - Jeunes de Saint-Jean","robots":{"index":"index","follow":"follow","max-snippet":"max-snippet:-1","max-image-preview":"max-image-preview:large","max-video-preview":"max-video-preview:-1"},"canonical":"https:\/\/www.jeunesdesaintjean.org\/index.php\/introduction-a-la-theologie-du-corps-partie-2-10-mars-2016\/","og_locale":"fr_FR","og_type":"article","og_title":"Introduction \u00e0 la th\u00e9ologie du corps (partie 2) - Jeunes de Saint-Jean","og_description":"Intervenant : Fr\u00e8re Timoth\u00e9e Horaires : 20h-22h30 Lieu :\u00a0\u00c9glise Notre-Dame du Travail 36 rue Guilleminot &#8211; 75014 Paris Programme\u00a0: Ap\u00e9ro \u00e0 20h Conf\u00e9rence \u00e0 20h30 5 \u20ac de participation aux frais permettent la location de la salle et le remboursement des transports de l\u2019intervenant. Pour toute question : jj.activites@gmail.com Lien vers l&rsquo;\u00e9v\u00e8nement Facebook https:\/\/www.facebook.com\/events\/166601307045390\/","og_url":"https:\/\/www.jeunesdesaintjean.org\/index.php\/introduction-a-la-theologie-du-corps-partie-2-10-mars-2016\/","og_site_name":"Jeunes de Saint-Jean","article_publisher":"https:\/\/www.facebook.com\/jeunesdesaintjean1?locale=fr_FR","article_published_time":"2015-11-24T20:23:33+00:00","article_modified_time":"2024-03-20T00:46:34+00:00","og_image":[{"width":1654,"height":2339,"url":"https:\/\/www.jeunesdesaintjean.org\/wp-content\/uploads\/2015\/11\/Th\u00e9ologie-corps-2.jpeg","type":"image\/jpeg"}],"author":"Jeunes de Saint Jean","twitter_misc":{"\u00c9crit par":"Jeunes de Saint Jean"},"schema":{"@context":"https:\/\/schema.org","@graph":[{"@type":"Article","@id":"https:\/\/www.jeunesdesaintjean.org\/index.php\/introduction-a-la-theologie-du-corps-partie-2-10-mars-2016\/#article","isPartOf":{"@id":"https:\/\/www.jeunesdesaintjean.org\/index.php\/introduction-a-la-theologie-du-corps-partie-2-10-mars-2016\/"},"author":{"name":"Jeunes de Saint Jean","@id":"https:\/\/www.jeunesdesaintjean.org\/#\/schema\/person\/2f9b6e822d669ede5b17f0a83fddbb60"},"headline":"Introduction \u00e0 la th\u00e9ologie du corps (partie 2)","datePublished":"2015-11-24T20:23:33+00:00","dateModified":"2024-03-20T00:46:34+00:00","mainEntityOfPage":{"@id":"https:\/\/www.jeunesdesaintjean.org\/index.php\/introduction-a-la-theologie-du-corps-partie-2-10-mars-2016\/"},"wordCount":67,"commentCount":0,"publisher":{"@id":"https:\/\/www.jeunesdesaintjean.org\/#organization"},"image":{"@id":"https:\/\/www.jeunesdesaintjean.org\/index.php\/introduction-a-la-theologie-du-corps-partie-2-10-mars-2016\/#primaryimage"},"thumbnailUrl":"https:\/\/www.jeunesdesaintjean.org\/wp-content\/uploads\/2015\/11\/Th\u00e9ologie-corps-2.jpeg","articleSection":["Conf\u00e9rences"],"inLanguage":"fr-FR","potentialAction":[{"@type":"CommentAction","name":"Comment","target":["https:\/\/www.jeunesdesaintjean.org\/index.php\/introduction-a-la-theologie-du-corps-partie-2-10-mars-2016\/#respond"]}]},{"@type":"WebPage","@id":"https:\/\/www.jeunesdesaintjean.org\/index.php\/introduction-a-la-theologie-du-corps-partie-2-10-mars-2016\/","url":"https:\/\/www.jeunesdesaintjean.org\/index.php\/introduction-a-la-theologie-du-corps-partie-2-10-mars-2016\/","name":"Introduction \u00e0 la th\u00e9ologie du corps (partie 2) - Jeunes de Saint-Jean","isPartOf":{"@id":"https:\/\/www.jeunesdesaintjean.org\/#website"},"primaryImageOfPage":{"@id":"https:\/\/www.jeunesdesaintjean.org\/index.php\/introduction-a-la-theologie-du-corps-partie-2-10-mars-2016\/#primaryimage"},"image":{"@id":"https:\/\/www.jeunesdesaintjean.org\/index.php\/introduction-a-la-theologie-du-corps-partie-2-10-mars-2016\/#primaryimage"},"thumbnailUrl":"https:\/\/www.jeunesdesaintjean.org\/wp-content\/uploads\/2015\/11\/Th\u00e9ologie-corps-2.jpeg","datePublished":"2015-11-24T20:23:33+00:00","dateModified":"2024-03-20T00:46:34+00:00","breadcrumb":{"@id":"https:\/\/www.jeunesdesaintjean.org\/index.php\/introduction-a-la-theologie-du-corps-partie-2-10-mars-2016\/#breadcrumb"},"inLanguage":"fr-FR","potentialAction":[{"@type":"ReadAction","target":["https:\/\/www.jeunesdesaintjean.org\/index.php\/introduction-a-la-theologie-du-corps-partie-2-10-mars-2016\/"]}]},{"@type":"ImageObject","inLanguage":"fr-FR","@id":"https:\/\/www.jeunesdesaintjean.org\/index.php\/introduction-a-la-theologie-du-corps-partie-2-10-mars-2016\/#primaryimage","url":"https:\/\/www.jeunesdesaintjean.org\/wp-content\/uploads\/2015\/11\/Th\u00e9ologie-corps-2.jpeg","contentUrl":"https:\/\/www.jeunesdesaintjean.org\/wp-content\/uploads\/2015\/11\/Th\u00e9ologie-corps-2.jpeg","width":1654,"height":2339},{"@type":"BreadcrumbList","@id":"https:\/\/www.jeunesdesaintjean.org\/index.php\/introduction-a-la-theologie-du-corps-partie-2-10-mars-2016\/#breadcrumb","itemListElement":[{"@type":"ListItem","position":1,"name":"Accueil","item":"https:\/\/www.jeunesdesaintjean.org\/"},{"@type":"ListItem","position":2,"name":"Introduction \u00e0 la th\u00e9ologie du corps (partie 2)"}]},{"@type":"WebSite","@id":"https:\/\/www.jeunesdesaintjean.org\/#website","url":"https:\/\/www.jeunesdesaintjean.org\/","name":"Jeunes de Saint-Jean","description":"S\u00e9jours &quot;Spi et Sport&quot; pour Jeunes professionnels catholiques !","publisher":{"@id":"https:\/\/www.jeunesdesaintjean.org\/#organization"},"alternateName":"Les JJ","potentialAction":[{"@type":"SearchAction","target":{"@type":"EntryPoint","urlTemplate":"https:\/\/www.jeunesdesaintjean.org\/?s={search_term_string}"},"query-input":{"@type":"PropertyValueSpecification","valueRequired":true,"valueName":"search_term_string"}}],"inLanguage":"fr-FR"},{"@type":"Organization","@id":"https:\/\/www.jeunesdesaintjean.org\/#organization","name":"Jeunes de Saint-Jean","url":"https:\/\/www.jeunesdesaintjean.org\/","logo":{"@type":"ImageObject","inLanguage":"fr-FR","@id":"https:\/\/www.jeunesdesaintjean.org\/#\/schema\/logo\/image\/","url":"https:\/\/www.jeunesdesaintjean.org\/wp-content\/uploads\/2024\/01\/Logo-rouge-sur-fond-transparent.png","contentUrl":"https:\/\/www.jeunesdesaintjean.org\/wp-content\/uploads\/2024\/01\/Logo-rouge-sur-fond-transparent.png","width":1600,"height":1600,"caption":"Jeunes de Saint-Jean"},"image":{"@id":"https:\/\/www.jeunesdesaintjean.org\/#\/schema\/logo\/image\/"},"sameAs":["https:\/\/www.facebook.com\/jeunesdesaintjean1?locale=fr_FR","https:\/\/www.instagram.com\/jeunesdesaintjean\/"]},{"@type":"Person","@id":"https:\/\/www.jeunesdesaintjean.org\/#\/schema\/person\/2f9b6e822d669ede5b17f0a83fddbb60","name":"Jeunes de Saint Jean","image":{"@type":"ImageObject","inLanguage":"fr-FR","@id":"https:\/\/www.jeunesdesaintjean.org\/#\/schema\/person\/image\/","url":"https:\/\/secure.gravatar.com\/avatar\/289459c43af5c08c9fffba4a0e5cd37720a7f2eea02a92bef987eaef2bd9454b?s=96&d=mm&r=g","contentUrl":"https:\/\/secure.gravatar.com\/avatar\/289459c43af5c08c9fffba4a0e5cd37720a7f2eea02a92bef987eaef2bd9454b?s=96&d=mm&r=g","caption":"Jeunes de Saint Jean"},"url":"https:\/\/www.jeunesdesaintjean.org\/index.php\/author\/marie\/"}]}},"jetpack_featured_media_url":"https:\/\/www.jeunesdesaintjean.org\/wp-content\/uploads\/2015\/11\/Th\u00e9ologie-corps-2.jpeg","jetpack_sharing_enabled":true,"jetpack_shortlink":"https:\/\/wp.me\/p7zN5T-iO","_links":{"self":[{"href":"https:\/\/www.jeunesdesaintjean.org\/index.php\/wp-json\/wp\/v2\/posts\/1166","targetHints":{"allow":["GET"]}}],"collection":[{"href":"https:\/\/www.jeunesdesaintjean.org\/index.php\/wp-json\/wp\/v2\/posts"}],"about":[{"href":"https:\/\/www.jeunesdesaintjean.org\/index.php\/wp-json\/wp\/v2\/types\/post"}],"author":[{"embeddable":true,"href":"https:\/\/www.jeunesdesaintjean.org\/index.php\/wp-json\/wp\/v2\/users\/2"}],"replies":[{"embeddable":true,"href":"https:\/\/www.jeunesdesaintjean.org\/index.php\/wp-json\/wp\/v2\/comments?post=1166"}],"version-history":[{"count":6,"href":"https:\/\/www.jeunesdesaintjean.org\/index.php\/wp-json\/wp\/v2\/posts\/1166\/revisions"}],"predecessor-version":[{"id":3781,"href":"https:\/\/www.jeunesdesaintjean.org\/index.php\/wp-json\/wp\/v2\/posts\/1166\/revisions\/3781"}],"wp:featuredmedia":[{"embeddable":true,"href":"https:\/\/www.jeunesdesaintjean.org\/index.php\/wp-json\/wp\/v2\/media\/1490"}],"wp:attachment":[{"href":"https:\/\/www.jeunesdesaintjean.org\/index.php\/wp-json\/wp\/v2\/media?parent=1166"}],"wp:term":[{"taxonomy":"category","embeddable":true,"href":"https:\/\/www.jeunesdesaintjean.org\/index.php\/wp-json\/wp\/v2\/categories?post=1166"},{"taxonomy":"post_tag","embeddable":true,"href":"https:\/\/www.jeunesdesaintjean.org\/index.php\/wp-json\/wp\/v2\/tags?post=1166"}],"curies":[{"name":"wp","href":"https:\/\/api.w.org\/{rel}","templated":true}]}}